{"id":246858,"date":"2023-07-28T06:44:30","date_gmt":"2023-07-28T10:44:30","guid":{"rendered":"https:\/\/www.ocorreionews.com.br\/acervo-correio\/?p=246858"},"modified":"2023-07-28T09:49:46","modified_gmt":"2023-07-28T13:49:46","slug":"prefeitura-de-chapadao-do-sul-depositou-primeira-parcela-do-13o","status":"publish","type":"post","link":"https:\/\/www.ocorreionews.com.br\/acervo-correio\/?p=246858","title":{"rendered":"Prefeitura de Chapad\u00e3o do Sul depositou primeira parcela do 13\u00ba"},"content":{"rendered":"<p>A Prefeitura de Chapad\u00e3o do Sul, atrav\u00e9s da Secretaria de Finan\u00e7as e Planejamento informa aos servidores p\u00fablicos municipais que a primeira parcela do 13\u00ba sal\u00e1rio foi depositada nesta quinta-feira, 27, assim, devendo estar dispon\u00edvel na sexta-feira , 28 ou segunda-feira, 31, dependendo do banco em que o servidor recebe o sal\u00e1rio.<\/p>\n","protected":false},"excerpt":{"rendered":"<p>A Prefeitura de Chapad\u00e3o do Sul, atrav\u00e9s da Secretaria de Finan\u00e7as e Planejamento informa aos servidores p\u00fablicos municipais que a primeira parcela do 13\u00ba sal\u00e1rio foi depositada nesta quinta-feira, 27, assim, devendo estar dispon\u00edvel na sexta-feira , 28 ou segunda-feira, 31, dependendo do banco em que o servidor recebe o sal\u00e1rio.<\/p>\n","protected":false},"author":5,"featured_media":228404,"comment_status":"closed","ping_status":"closed","sticky":false,"template":"","format":"standard","meta":{"footnotes":""},"categories":[23],"tags":[],"class_list":["post-246858","post","type-post","status-publish","format-standard","has-post-thumbnail","hentry","category-chapadao-do-sul"],"_links":{"self":[{"href":"https:\/\/www.ocorreionews.com.br\/acervo-correio\/index.php?rest_route=\/wp\/v2\/posts\/246858","targetHints":{"allow":["GET"]}}],"collection":[{"href":"https:\/\/www.ocorreionews.com.br\/acervo-correio\/index.php?rest_route=\/wp\/v2\/posts"}],"about":[{"href":"https:\/\/www.ocorreionews.com.br\/acervo-correio\/index.php?rest_route=\/wp\/v2\/types\/post"}],"author":[{"embeddable":true,"href":"https:\/\/www.ocorreionews.com.br\/acervo-correio\/index.php?rest_route=\/wp\/v2\/users\/5"}],"replies":[{"embeddable":true,"href":"https:\/\/www.ocorreionews.com.br\/acervo-correio\/index.php?rest_route=%2Fwp%2Fv2%2Fcomments&post=246858"}],"version-history":[{"count":1,"href":"https:\/\/www.ocorreionews.com.br\/acervo-correio\/index.php?rest_route=\/wp\/v2\/posts\/246858\/revisions"}],"predecessor-version":[{"id":246859,"href":"https:\/\/www.ocorreionews.com.br\/acervo-correio\/index.php?rest_route=\/wp\/v2\/posts\/246858\/revisions\/246859"}],"wp:featuredmedia":[{"embeddable":true,"href":"https:\/\/www.ocorreionews.com.br\/acervo-correio\/index.php?rest_route=\/wp\/v2\/media\/228404"}],"wp:attachment":[{"href":"https:\/\/www.ocorreionews.com.br\/acervo-correio\/index.php?rest_route=%2Fwp%2Fv2%2Fmedia&parent=246858"}],"wp:term":[{"taxonomy":"category","embeddable":true,"href":"https:\/\/www.ocorreionews.com.br\/acervo-correio\/index.php?rest_route=%2Fwp%2Fv2%2Fcategories&post=246858"},{"taxonomy":"post_tag","embeddable":true,"href":"https:\/\/www.ocorreionews.com.br\/acervo-correio\/index.php?rest_route=%2Fwp%2Fv2%2Ftags&post=246858"}],"curies":[{"name":"wp","href":"https:\/\/api.w.org\/{rel}","templated":true}]}}