{"id":246861,"date":"2023-07-28T14:06:13","date_gmt":"2023-07-28T18:06:13","guid":{"rendered":"https:\/\/www.ocorreionews.com.br\/acervo-correio\/?p=246861"},"modified":"2023-07-28T14:06:13","modified_gmt":"2023-07-28T18:06:13","slug":"apos-10-dias-de-muitas-atividades-projeto-rondon-despede-de-figueirao","status":"publish","type":"post","link":"https:\/\/www.ocorreionews.com.br\/acervo-correio\/?p=246861","title":{"rendered":"Ap\u00f3s 10 dias de muitas atividades Projeto Rondon despede de Figueir\u00e3o"},"content":{"rendered":"<p>O Projeto Rondon Opera\u00e7\u00e3o Guaicurus 2023, que atuou em Figueir\u00e3o e tamb\u00e9m na Comunidade Quilombola de Santa Tereza, dos dias 16 a 27 de julho, trouxe em sua grade de programa\u00e7\u00e3o a realiza\u00e7\u00e3o de v\u00e1rias oficinas de trabalho, e tamb\u00e9m proje\u00e7\u00f5es de filmes.<\/p>\n<p><img loading=\"lazy\" decoding=\"async\" class=\"alignnone size-full wp-image-246876\" src=\"https:\/\/www.ocorreionews.com.br\/acervo-correio\/wp-content\/uploads\/2023\/07\/projeto-rodon2.jpg\" alt=\"\" width=\"800\" height=\"531\" srcset=\"https:\/\/www.ocorreionews.com.br\/acervo-correio\/wp-content\/uploads\/2023\/07\/projeto-rodon2.jpg 800w, https:\/\/www.ocorreionews.com.br\/acervo-correio\/wp-content\/uploads\/2023\/07\/projeto-rodon2-300x199.jpg 300w, https:\/\/www.ocorreionews.com.br\/acervo-correio\/wp-content\/uploads\/2023\/07\/projeto-rodon2-768x510.jpg 768w\" sizes=\"auto, (max-width: 800px) 100vw, 800px\" \/><\/p>\n<p>Nesse per\u00edodo, as equipes do Projeto, formadas por professores e universit\u00e1rios da Faculdade de Medicina de Jundia\u00ed-SP e da Universidade de Caxias do Sul-RS. trabalharam v\u00e1rias a\u00e7\u00f5es que abrangeram as pastas da Sa\u00fade, Educa\u00e7\u00e3o e Assist\u00eancia Social em v\u00e1rios eixos. Foram ao todo 11 dias com muitas atividades em todos os setores e segmentos para todo tipo de p\u00fablico.<\/p>\n<p><img loading=\"lazy\" decoding=\"async\" class=\"alignnone size-full wp-image-246878\" src=\"https:\/\/www.ocorreionews.com.br\/acervo-correio\/wp-content\/uploads\/2023\/07\/projeto-rodon4.jpg\" alt=\"\" width=\"800\" height=\"531\" srcset=\"https:\/\/www.ocorreionews.com.br\/acervo-correio\/wp-content\/uploads\/2023\/07\/projeto-rodon4.jpg 800w, https:\/\/www.ocorreionews.com.br\/acervo-correio\/wp-content\/uploads\/2023\/07\/projeto-rodon4-300x199.jpg 300w, https:\/\/www.ocorreionews.com.br\/acervo-correio\/wp-content\/uploads\/2023\/07\/projeto-rodon4-768x510.jpg 768w\" sizes=\"auto, (max-width: 800px) 100vw, 800px\" \/><\/p>\n<p>A despedida dos professores e universit\u00e1rios das equipes do projeto aconteceu na noite de ontem, no CRAS (Centro de refer\u00eancia de Assist\u00eancia Social Leontina Geraldino Galv\u00e3o), durante a realiza\u00e7\u00e3o do Baile dos Idosos.<\/p>\n<p>Na oportunidade, foi oferecido a todos os integrantes do Projeto uma lembran\u00e7a de Figueir\u00e3o, entregue pelo prefeito Juvenal Consolaro.<\/p>\n<p><img loading=\"lazy\" decoding=\"async\" class=\"alignnone size-full wp-image-246877\" src=\"https:\/\/www.ocorreionews.com.br\/acervo-correio\/wp-content\/uploads\/2023\/07\/projeto-rodon3.jpg\" alt=\"\" width=\"800\" height=\"559\" srcset=\"https:\/\/www.ocorreionews.com.br\/acervo-correio\/wp-content\/uploads\/2023\/07\/projeto-rodon3.jpg 800w, https:\/\/www.ocorreionews.com.br\/acervo-correio\/wp-content\/uploads\/2023\/07\/projeto-rodon3-300x210.jpg 300w, https:\/\/www.ocorreionews.com.br\/acervo-correio\/wp-content\/uploads\/2023\/07\/projeto-rodon3-768x537.jpg 768w\" sizes=\"auto, (max-width: 800px) 100vw, 800px\" \/><\/p>\n<p>O Projeto Rondon, coordenado pelo Minist\u00e9rio da Defesa, \u00e9 uma a\u00e7\u00e3o interministerial do Governo Federal realizada em coordena\u00e7\u00e3o com os Governos Estadual e Municipal, num projeto de integra\u00e7\u00e3o social que envolve a participa\u00e7\u00e3o volunt\u00e1ria de estudantes universit\u00e1rios na busca de solu\u00e7\u00f5es que contribuam para o desenvolvimento sustent\u00e1vel e ampliem o bem-estar da popula\u00e7\u00e3o, a fim de contribuir com o desenvolvimento local sustent\u00e1vel e na constru\u00e7\u00e3o e promo\u00e7\u00e3o da cidadania.<\/p>\n<p>O evento contou com a presen\u00e7a do prefeito Juvenal, primeira-dama Elenir, chefe de Gabinete Marinalva, secret\u00e1ria de Assist\u00eancia Social Kelly, secret\u00e1ria de Educa\u00e7\u00e3o Luciane, coordenadora do CRAS Hozana, vereador Beugmar, funcion\u00e1rios da secretaria de Assist\u00eancia Social e os frequentadores contumazes do baile dos idosos, que acontece todas as quintas-feiras.<\/p>\n<p>Fonte\/Fotos: PMFigueir\u00e3o\/RubemVasconcellos<\/p>\n","protected":false},"excerpt":{"rendered":"<p>O Projeto Rondon Opera\u00e7\u00e3o Guaicurus 2023, que atuou em Figueir\u00e3o e tamb\u00e9m na Comunidade Quilombola de Santa Tereza, dos dias 16 a 27 de julho, trouxe em sua grade de programa\u00e7\u00e3o a realiza\u00e7\u00e3o de v\u00e1rias oficinas de trabalho, e tamb\u00e9m proje\u00e7\u00f5es de filmes. Nesse per\u00edodo, as equipes do Projeto, formadas por professores e universit\u00e1rios da [&hellip;]<\/p>\n","protected":false},"author":4,"featured_media":246875,"comment_status":"closed","ping_status":"closed","sticky":false,"template":"","format":"standard","meta":{"footnotes":""},"categories":[30],"tags":[],"class_list":["post-246861","post","type-post","status-publish","format-standard","has-post-thumbnail","hentry","category-figueirao"],"_links":{"self":[{"href":"https:\/\/www.ocorreionews.com.br\/acervo-correio\/index.php?rest_route=\/wp\/v2\/posts\/246861","targetHints":{"allow":["GET"]}}],"collection":[{"href":"https:\/\/www.ocorreionews.com.br\/acervo-correio\/index.php?rest_route=\/wp\/v2\/posts"}],"about":[{"href":"https:\/\/www.ocorreionews.com.br\/acervo-correio\/index.php?rest_route=\/wp\/v2\/types\/post"}],"author":[{"embeddable":true,"href":"https:\/\/www.ocorreionews.com.br\/acervo-correio\/index.php?rest_route=\/wp\/v2\/users\/4"}],"replies":[{"embeddable":true,"href":"https:\/\/www.ocorreionews.com.br\/acervo-correio\/index.php?rest_route=%2Fwp%2Fv2%2Fcomments&post=246861"}],"version-history":[{"count":1,"href":"https:\/\/www.ocorreionews.com.br\/acervo-correio\/index.php?rest_route=\/wp\/v2\/posts\/246861\/revisions"}],"predecessor-version":[{"id":246879,"href":"https:\/\/www.ocorreionews.com.br\/acervo-correio\/index.php?rest_route=\/wp\/v2\/posts\/246861\/revisions\/246879"}],"wp:featuredmedia":[{"embeddable":true,"href":"https:\/\/www.ocorreionews.com.br\/acervo-correio\/index.php?rest_route=\/wp\/v2\/media\/246875"}],"wp:attachment":[{"href":"https:\/\/www.ocorreionews.com.br\/acervo-correio\/index.php?rest_route=%2Fwp%2Fv2%2Fmedia&parent=246861"}],"wp:term":[{"taxonomy":"category","embeddable":true,"href":"https:\/\/www.ocorreionews.com.br\/acervo-correio\/index.php?rest_route=%2Fwp%2Fv2%2Fcategories&post=246861"},{"taxonomy":"post_tag","embeddable":true,"href":"https:\/\/www.ocorreionews.com.br\/acervo-correio\/index.php?rest_route=%2Fwp%2Fv2%2Ftags&post=246861"}],"curies":[{"name":"wp","href":"https:\/\/api.w.org\/{rel}","templated":true}]}}