{"id":246880,"date":"2023-07-28T16:25:11","date_gmt":"2023-07-28T20:25:11","guid":{"rendered":"https:\/\/www.ocorreionews.com.br\/acervo-correio\/?p=246880"},"modified":"2023-07-28T16:25:11","modified_gmt":"2023-07-28T20:25:11","slug":"prefeitura-de-costa-rica-disponibilizara-transporte-coletivo-gratuito-para-festa-da-capela","status":"publish","type":"post","link":"https:\/\/www.ocorreionews.com.br\/acervo-correio\/?p=246880","title":{"rendered":"Prefeitura de Costa Rica disponibilizar\u00e1 transporte coletivo gratuito para Festa da Capela"},"content":{"rendered":"<div class=\"ntc_cont_descricao_noticia sw_txteditor\">A Prefeitura de Costa Rica, atrav\u00e9s da Secretaria de Turismo, Meio Ambiente, Esporte e Cultura com apoio da C\u00e2mara de Vereadores, disponibilizar\u00e1 transporte coletivo gratuito para a Festa do Senhor Bom Jesus &#8216;Santo Fuj\u00e3o&#8217;, que acontecer\u00e1 de 4 a 6 de agosto na comunidade da Capela.<\/p>\n<p>De acordo com o secret\u00e1rio de Governo, Rayner Moraes Santos, ser\u00e3o disponibilizadas duas linhas de \u00f4nibus que circular\u00e3o por pontos estrat\u00e9gicos na \u00e1rea urbana, e seguindo at\u00e9 a Capela. Os hor\u00e1rios ser\u00e3o flex\u00edveis, atendendo tanto aqueles que pretendem acompanhar as celebra\u00e7\u00f5es religiosas como a festa, quanto os fi\u00e9is e romeiros que percorrer\u00e3o o Caminho da F\u00e9.<\/p>\n<p>Os pontos de embarque e desembarque na \u00e1rea urbana ser\u00e3o:<\/p>\n<p>01 \u2013 Auto Pe\u00e7as S\u00e3o Francisco (Branco e Roxinho)<br \/>\n02 \u2013 Rodovi\u00e1ria<br \/>\n03 \u2013 Posto Avenida (Taurus)<br \/>\n04 \u2013 Pra\u00e7a Central<br \/>\n05 \u2013 Lot\u00e9rica<br \/>\n06 \u2013 Auto Posto Ferrato<br \/>\n07 \u2013 Em frente \u00e0 Escola Jos\u00e9 Ferreira da Costa<br \/>\n08 \u2013 Mercado Mega (antigo Verati)<br \/>\n08 \u2013 Em frente \u00e0 Funda\u00e7\u00e3o Hospitalar<br \/>\n09 \u2013 Posto do Juc\u00e3o (Auto Posto Costa Rica)<br \/>\n10 \u2013 Ponto da Coplacana<br \/>\n11 \u2013 Rota Botequim (AV. J)<br \/>\n12 \u2013 Pioneer Sementes<br \/>\n13 \u2013 Mercado C\u00e9sar<br \/>\n14 \u2013 Ponto da Usina (Flor do Campo)<\/p>\n<p>Os hor\u00e1rios de chegada e sa\u00edda em cada dia de festa ser\u00e3o os seguintes:<\/p>\n<p>&#8211; Sexta-feira (04\/08) e s\u00e1bado (05\/08): sa\u00edda para a Capela \u00e0s 20 horas e 21h30, com retorno \u00e0s 4 horas da manh\u00e3 (final da festa).<\/p>\n<p>&#8211; Domingo (06\/08): sa\u00edda da Capela \u00e0s 8 horas da manh\u00e3 (para trazer os romeiros) e ida para a Capela \u00e0s 9 horas e 10 horas, com retorno \u00e0s 15 horas e \u00e0s 17 horas (final da festa).<\/p>\n<p>Mais informa\u00e7\u00f5es sobre o transporte coletivo podem ser obtidas atrav\u00e9s do telefone (67) 99803-8093, com \u00c2ngela.<\/p>\n<p><strong>A Festa<\/strong><\/div>\n<div class=\"ntc_cont_descricao_noticia sw_txteditor\">\n<img decoding=\"async\" class=\"imgcentraliza\" src=\"https:\/\/www.costarica.ms.gov.br\/fotos\/8f3edc180d112e3249896760314d8f5c.png\" alt=\"Foto Noticia Principal Grande\" \/><br \/>\nA Festa do Senhor Bom Jesus da Capela &#8216;Santo Fuj\u00e3o&#8217; \u00e9 uma tradi\u00e7\u00e3o religiosa de Costa Rica e est\u00e1 em sua 86\u00aa edi\u00e7\u00e3o. A programa\u00e7\u00e3o religiosa e social da festa promete atrair devotos e visitantes de todas as regi\u00f5es do Brasil.<\/p>\n<p>A festa ter\u00e1 in\u00edcio no dia 4 de agosto, sexta-feira, com a Missa de abertura \u00e0s 19h, seguida pelo Levantamento do mastro. Al\u00e9m disso, haver\u00e1 baile popular com o Grupo Sociedade Baileira e um leil\u00e3o de prendas.<\/p>\n<p>No s\u00e1bado, a programa\u00e7\u00e3o religiosa continuar\u00e1 a partir das 19h, com a celebra\u00e7\u00e3o de mais uma missa. O baile com o Grupo Sociedade Baileira e o leil\u00e3o de prendas tamb\u00e9m se repetir\u00e3o nesta noite.<\/p>\n<p>J\u00e1 no domingo, a programa\u00e7\u00e3o ser\u00e1 intensa, com a Caminhada da F\u00e9 saindo da igreja matriz Santo Ant\u00f4nio em dire\u00e7\u00e3o \u00e0 Capela \u00e0s 2h, seguida pela Cavalgada \u00e0s 4h e pelo Pedal da F\u00e9 \u00e0s 5h. \u00c0s 6h, ser\u00e1 servido um caf\u00e9 da manh\u00e3 para os participantes. A Missa Solene em honra ao Senhor Bom Jesus ser\u00e1 celebrada \u00e0s 10h, seguida por um churrasco gratuito. Tamb\u00e9m ser\u00e1 realizado um leil\u00e3o de gado e de prendas para encerrar a festa.<\/p>\n<p>Os padres Jos\u00e9 da Silva e Ivanildo Junior, juntamente com os festeiros Jos\u00e9 Russo e Telma, Wesley e Claudia, PC e Solange, Amarildo\/Marileis e a comunidade da Capela convidam a todos para prestigiarem o evento.<\/p>\n<p><strong>Como chegar<\/strong><\/p>\n<p>Para chegar \u00e0 Capela Senhor do Bom Jesus, localizada na MS-306, a 30 quil\u00f4metros de Costa Rica, aqueles que sa\u00edrem de Campo Grande devem seguir pela BR-163 e depois pela BR-060. Chegando a Para\u00edso das \u00c1guas, podem pegar a MS-316 at\u00e9 Costa Rica ou continuar pela BR-060 at\u00e9 Chapad\u00e3o do Sul e depois seguir pela MS-306.\n<\/p><\/div>\n<div class=\"ntc_area_info_noticia sw_lato\">\n<div>\n<div class=\"ntc_info_noticia\"><strong class=\"sw_lato_black\">Fonte: <\/strong>Assessoria de Comunica\u00e7\u00e3o \/ PMCR &#8211; <strong class=\"sw_lato_black\">\u00a0<\/strong>Silvestre de Castro<\/div>\n<\/div>\n<\/div>\n","protected":false},"excerpt":{"rendered":"<p>A Prefeitura de Costa Rica, atrav\u00e9s da Secretaria de Turismo, Meio Ambiente, Esporte e Cultura com apoio da C\u00e2mara de Vereadores, disponibilizar\u00e1 transporte coletivo gratuito para a Festa do Senhor Bom Jesus &#8216;Santo Fuj\u00e3o&#8217;, que acontecer\u00e1 de 4 a 6 de agosto na comunidade da Capela. De acordo com o secret\u00e1rio de Governo, Rayner Moraes [&hellip;]<\/p>\n","protected":false},"author":5,"featured_media":213352,"comment_status":"closed","ping_status":"closed","sticky":false,"template":"","format":"standard","meta":{"footnotes":""},"categories":[25,41],"tags":[],"class_list":["post-246880","post","type-post","status-publish","format-standard","has-post-thumbnail","hentry","category-costa-rica","category-destaque"],"_links":{"self":[{"href":"https:\/\/www.ocorreionews.com.br\/acervo-correio\/index.php?rest_route=\/wp\/v2\/posts\/246880","targetHints":{"allow":["GET"]}}],"collection":[{"href":"https:\/\/www.ocorreionews.com.br\/acervo-correio\/index.php?rest_route=\/wp\/v2\/posts"}],"about":[{"href":"https:\/\/www.ocorreionews.com.br\/acervo-correio\/index.php?rest_route=\/wp\/v2\/types\/post"}],"author":[{"embeddable":true,"href":"https:\/\/www.ocorreionews.com.br\/acervo-correio\/index.php?rest_route=\/wp\/v2\/users\/5"}],"replies":[{"embeddable":true,"href":"https:\/\/www.ocorreionews.com.br\/acervo-correio\/index.php?rest_route=%2Fwp%2Fv2%2Fcomments&post=246880"}],"version-history":[{"count":1,"href":"https:\/\/www.ocorreionews.com.br\/acervo-correio\/index.php?rest_route=\/wp\/v2\/posts\/246880\/revisions"}],"predecessor-version":[{"id":246881,"href":"https:\/\/www.ocorreionews.com.br\/acervo-correio\/index.php?rest_route=\/wp\/v2\/posts\/246880\/revisions\/246881"}],"wp:featuredmedia":[{"embeddable":true,"href":"https:\/\/www.ocorreionews.com.br\/acervo-correio\/index.php?rest_route=\/wp\/v2\/media\/213352"}],"wp:attachment":[{"href":"https:\/\/www.ocorreionews.com.br\/acervo-correio\/index.php?rest_route=%2Fwp%2Fv2%2Fmedia&parent=246880"}],"wp:term":[{"taxonomy":"category","embeddable":true,"href":"https:\/\/www.ocorreionews.com.br\/acervo-correio\/index.php?rest_route=%2Fwp%2Fv2%2Fcategories&post=246880"},{"taxonomy":"post_tag","embeddable":true,"href":"https:\/\/www.ocorreionews.com.br\/acervo-correio\/index.php?rest_route=%2Fwp%2Fv2%2Ftags&post=246880"}],"curies":[{"name":"wp","href":"https:\/\/api.w.org\/{rel}","templated":true}]}}