{"id":246882,"date":"2023-07-28T16:30:11","date_gmt":"2023-07-28T20:30:11","guid":{"rendered":"https:\/\/www.ocorreionews.com.br\/acervo-correio\/?p=246882"},"modified":"2023-07-28T16:30:11","modified_gmt":"2023-07-28T20:30:11","slug":"10-arvores-que-voce-pode-plantar-na-area-urbana-sem-medo-de-destruir-a-rede-eletrica","status":"publish","type":"post","link":"https:\/\/www.ocorreionews.com.br\/acervo-correio\/?p=246882","title":{"rendered":"10 \u00e1rvores que voc\u00ea pode plantar na \u00e1rea urbana sem medo de destruir a rede el\u00e9trica"},"content":{"rendered":"<div id=\"chunk-b605i\">\n<div class=\"mc-column content-text active-extra-styles \" data-block-type=\"unstyled\" data-block-weight=\"31\" data-block-id=\"3\">\n<p class=\"content-text__container \" data-track-category=\"Link no Texto\" data-track-links=\"\">Voc\u00ea pode j\u00e1 ter se perguntado, qual a melhor esp\u00e9cie de \u00e1rvore para se plantar na \u00e1rea urbana que n\u00e3o interfira na fia\u00e7\u00e3o el\u00e9trica, e para essa d\u00favida, existe resposta!<\/p>\n<p data-track-category=\"Link no Texto\" data-track-links=\"\">\n<\/div>\n<\/div>\n<div class=\"wall protected-content\">\n<div id=\"chunk-ftfsr\">\n<div class=\"mc-column content-text active-extra-styles \" data-block-type=\"unstyled\" data-block-weight=\"44\" data-block-id=\"4\">\n<p class=\"content-text__container \" data-track-category=\"Link no Texto\" data-track-links=\"\">\u00c9 muito importante prestar aten\u00e7\u00e3o na escolha da \u00e1rvore, afinal, o plantio da \u00e1rvore incorreta pode provocar problemas no futuro, como danos na rede el\u00e9trica, tubula\u00e7\u00f5es de \u00e1gua e esgoto estourados, al\u00e9m de cal\u00e7adas levantadas, galhos que amea\u00e7am cair a qualquer momento, entre outros.<\/p>\n<p data-track-category=\"Link no Texto\" data-track-links=\"\">\n<\/div>\n<\/div>\n<div id=\"chunk-f49j8\">\n<div class=\"mc-column content-text active-extra-styles \" data-block-type=\"unstyled\" data-block-weight=\"34\" data-block-id=\"5\">\n<p class=\"content-text__container \" data-track-category=\"Link no Texto\" data-track-links=\"\">A Secretaria Municipal de Meio Ambiente e Desenvolvimento Urbano (Semadur), explica que Campo Grande possui o Guia de Arboriza\u00e7\u00e3o Urbana que determina as esp\u00e9cies adequadas para cada tipo de espa\u00e7o e regi\u00e3o urbana.<\/p>\n<p data-track-category=\"Link no Texto\" data-track-links=\"\">\n<\/div>\n<\/div>\n<div id=\"chunk-dh02r\">\n<div class=\"content-ads content-ads--reveal\" data-block-type=\"ads\" data-block-id=\"6\"><\/div>\n<\/div>\n<div id=\"chunk-16fqs\">\n<div class=\"row medium-uncollapsed content-media content-photo\" data-block-type=\"backstage-photo\" data-block-id=\"7\">\n<div class=\" mc-column  content-media__container\">\n<div class=\"content-media-container glb-skeleton-box\">\n<figure class=\"content-media-figure\">\n<p><figure style=\"width: 647px\" class=\"wp-caption aligncenter\"><img loading=\"lazy\" decoding=\"async\" class=\"i-amphtml-fill-content i-amphtml-replaced-content\" src=\"https:\/\/s2-g1.glbimg.com\/mtnDh5ZK64aT9lCdmMV87sD8U6k=\/0x0:624x466\/984x0\/smart\/filters:strip_icc()\/i.s3.glbimg.com\/v1\/AUTH_59edd422c0c84a879bd37670ae4f538a\/internal_photos\/bs\/2023\/6\/s\/SRrkeKTFmAkkt0tvN8IA\/noivinha.png\" sizes=\"auto, (max-width: 1366px) 648px, 100vw\" srcset=\"https:\/\/s2-g1.glbimg.com\/GmF0GXy3p585xG_PL-P2jGZQ6AA=\/0x0:624x466\/1000x0\/smart\/filters:strip_icc()\/i.s3.glbimg.com\/v1\/AUTH_59edd422c0c84a879bd37670ae4f538a\/internal_photos\/bs\/2023\/6\/s\/SRrkeKTFmAkkt0tvN8IA\/noivinha.png 1000w, https:\/\/s2-g1.glbimg.com\/mtnDh5ZK64aT9lCdmMV87sD8U6k=\/0x0:624x466\/984x0\/smart\/filters:strip_icc()\/i.s3.glbimg.com\/v1\/AUTH_59edd422c0c84a879bd37670ae4f538a\/internal_photos\/bs\/2023\/6\/s\/SRrkeKTFmAkkt0tvN8IA\/noivinha.png 984w, https:\/\/s2-g1.glbimg.com\/SxxRg9eUFPh1E3vlCmBVfuV13mo=\/0x0:624x466\/640x0\/smart\/filters:strip_icc()\/i.s3.glbimg.com\/v1\/AUTH_59edd422c0c84a879bd37670ae4f538a\/internal_photos\/bs\/2023\/6\/s\/SRrkeKTFmAkkt0tvN8IA\/noivinha.png 640w, https:\/\/s2-g1.glbimg.com\/YvfGT80v0uTKMFpaMTVv_6QXCXM=\/0x0:624x466\/600x0\/smart\/filters:strip_icc()\/i.s3.glbimg.com\/v1\/AUTH_59edd422c0c84a879bd37670ae4f538a\/internal_photos\/bs\/2023\/6\/s\/SRrkeKTFmAkkt0tvN8IA\/noivinha.png 600w\" alt=\"Noivinha. \u2014 Foto: Reprodu\u00e7\u00e3o\" width=\"647\" height=\"484\" \/><figcaption class=\"wp-caption-text\">Noivinha. \u2014 Foto: Reprodu\u00e7\u00e3o<\/figcaption><\/figure><\/figure>\n<\/div>\n<p class=\"content-media__description  \">\n<\/div>\n<\/div>\n<\/div>\n<div id=\"chunk-7ukgp\">\n<div class=\"mc-column content-text active-extra-styles \" data-block-type=\"unstyled\" data-block-weight=\"46\" data-block-id=\"8\">\n<p data-track-category=\"Link no Texto\" data-track-links=\"\">\n<p class=\"content-text__container \" data-track-category=\"Link no Texto\" data-track-links=\"\">Ao todo s\u00e3o mais de 10 esp\u00e9cies. Segundo a pasta, a orienta\u00e7\u00e3o para o cidad\u00e3o que deseja fazer o plantio de \u00e1rvores em \u00e1reas com fia\u00e7\u00e3o el\u00e9trica \u00e9 que opte por esp\u00e9cies que cheguem at\u00e9 10 metros. O porte de \u00e1rvores \u00e9 dividido em tr\u00eas tipos:<\/p>\n<p data-track-category=\"Link no Texto\" data-track-links=\"\">\n<\/div>\n<\/div>\n<div id=\"chunk-acc82\">\n<div class=\"mc-column content-text active-extra-styles\" data-block-type=\"raw\" data-block-weight=\"27\" data-block-id=\"9\">\n<p class=\"content-text__container\">\n<ul class=\"content-unordered-list\">\n<li>Porte pequeno: altura m\u00e1xima variando entre 4 m e 6 m;<\/li>\n<li>Porte m\u00e9dio: entre 6 m e 12 m;<\/li>\n<li>Porte grande: de 10 m a 12 metros.<\/li>\n<\/ul>\n<p>&nbsp;<\/p>\n<\/div>\n<\/div>\n<div id=\"chunk-bg8e8\">\n<p class=\"content-text__container\">\n<div class=\"mc-column content-text active-extra-styles\" data-block-type=\"raw\" data-block-weight=\"57\" data-block-id=\"10\">\n<blockquote class=\"content-blockquote theme-border-color-primary-before\"><p>\u201cAs esp\u00e9cies s\u00e3o indicadas por conta da necessidade de adequar o porte da \u00e1rvore ao espa\u00e7o dispon\u00edvel e evitando conflitos com outras infraestruturas, pois a arboriza\u00e7\u00e3o \u00e9 uma infraestrutura que coabita a cidade com outras infraestruturas. O plantio planejado, utilizando esp\u00e9cies de porte compat\u00edvel com o espa\u00e7o dispon\u00edvel evita acidentes no dia a dia\u201d, informa a pasta.<\/p><\/blockquote>\n<p>&nbsp;<\/p>\n<\/div>\n<\/div>\n<div class=\"content-ads content-ads--reveal\" data-block-type=\"ads\" data-block-id=\"11\"><\/div>\n<div id=\"chunk-8v714\">\n<div class=\"mc-column content-text active-extra-styles\" data-block-type=\"raw\" data-block-weight=\"4\" data-block-id=\"12\">\n<p class=\"content-text__container\">\n<div class=\"content-intertitle\">\n<h2><strong>Veja 10 esp\u00e9cies indicadas: <\/strong><\/h2>\n<\/div>\n<\/div>\n<p>&nbsp;<\/p>\n<\/div>\n<div id=\"chunk-bpjvh\">\n<div class=\"mc-column content-text active-extra-styles\" data-block-type=\"raw\" data-block-weight=\"12\" data-block-id=\"13\">\n<p class=\"content-text__container\">\n<ol class=\"content-ordered-list theme-ordered-list-color-primary\">\n<li>Aldagro;<\/li>\n<li>Ip\u00ea-mirim;<\/li>\n<li>Ligustro;<\/li>\n<li>Pata-de-vaca;<\/li>\n<li>Quaresmeira;<\/li>\n<li>Aroeira-pimenta;<\/li>\n<li>\u00c1rvore-da-china;<\/li>\n<li>Escova-de-garrafa;<\/li>\n<li>Noivinha;<\/li>\n<li>Manac\u00e1 da Serra.<\/li>\n<\/ol>\n<p>&nbsp;<\/p>\n<div class=\"mc-article-body\">\n<article>\n<div id=\"chunk-1gbva\">\n<div class=\"row medium-uncollapsed content-media content-photo\" data-block-type=\"backstage-photo\" data-block-id=\"1\">\n<div class=\" mc-column  content-media__container\">\n<div class=\"content-media-container glb-skeleton-box\">\n<figure class=\"content-media-figure\">\n<p><figure style=\"width: 647px\" class=\"wp-caption aligncenter\"><img loading=\"lazy\" decoding=\"async\" class=\"i-amphtml-fill-content i-amphtml-replaced-content\" src=\"https:\/\/s2-g1.glbimg.com\/B__Jq07Q9RT10hhf7k6IQJHkfAQ=\/0x0:637x693\/984x0\/smart\/filters:strip_icc()\/i.s3.glbimg.com\/v1\/AUTH_59edd422c0c84a879bd37670ae4f538a\/internal_photos\/bs\/2023\/h\/v\/4BVq4UTIqSWBEJ04MpNQ\/ipe.png\" sizes=\"auto, (max-width: 1366px) 648px, 100vw\" srcset=\"https:\/\/s2-g1.glbimg.com\/yheciGqlpI8gIYgnzOtTri-pwTU=\/0x0:637x693\/1000x0\/smart\/filters:strip_icc()\/i.s3.glbimg.com\/v1\/AUTH_59edd422c0c84a879bd37670ae4f538a\/internal_photos\/bs\/2023\/h\/v\/4BVq4UTIqSWBEJ04MpNQ\/ipe.png 1000w, https:\/\/s2-g1.glbimg.com\/B__Jq07Q9RT10hhf7k6IQJHkfAQ=\/0x0:637x693\/984x0\/smart\/filters:strip_icc()\/i.s3.glbimg.com\/v1\/AUTH_59edd422c0c84a879bd37670ae4f538a\/internal_photos\/bs\/2023\/h\/v\/4BVq4UTIqSWBEJ04MpNQ\/ipe.png 984w, https:\/\/s2-g1.glbimg.com\/RurBbI1OpiaWapC38XESXobn0Bo=\/0x0:637x693\/640x0\/smart\/filters:strip_icc()\/i.s3.glbimg.com\/v1\/AUTH_59edd422c0c84a879bd37670ae4f538a\/internal_photos\/bs\/2023\/h\/v\/4BVq4UTIqSWBEJ04MpNQ\/ipe.png 640w, https:\/\/s2-g1.glbimg.com\/7LEqK9yVBbMJRAHQDfOab0-lVdQ=\/0x0:637x693\/600x0\/smart\/filters:strip_icc()\/i.s3.glbimg.com\/v1\/AUTH_59edd422c0c84a879bd37670ae4f538a\/internal_photos\/bs\/2023\/h\/v\/4BVq4UTIqSWBEJ04MpNQ\/ipe.png 600w\" alt=\"Ip\u00eas no Parque das Na\u00e7\u00f5es Ind\u00edgenas. \u2014 Foto: Reprodu\u00e7\u00e3o\" width=\"647\" height=\"705\" \/><figcaption class=\"wp-caption-text\">Ip\u00eas no Parque das Na\u00e7\u00f5es Ind\u00edgenas. \u2014 Foto: Reprodu\u00e7\u00e3o<\/figcaption><\/figure><\/figure>\n<\/div>\n<p class=\"content-media__description  \">\n<\/div>\n<\/div>\n<\/div>\n<\/article>\n<\/div>\n<p>Por Thais Libni, g1 MS<\/p>\n<\/div>\n<\/div>\n<\/div>\n","protected":false},"excerpt":{"rendered":"<p>Voc\u00ea pode j\u00e1 ter se perguntado, qual a melhor esp\u00e9cie de \u00e1rvore para se plantar na \u00e1rea urbana que n\u00e3o interfira na fia\u00e7\u00e3o el\u00e9trica, e para essa d\u00favida, existe resposta! \u00c9 muito importante prestar aten\u00e7\u00e3o na escolha da \u00e1rvore, afinal, o plantio da \u00e1rvore incorreta pode provocar problemas no futuro, como danos na rede el\u00e9trica, [&hellip;]<\/p>\n","protected":false},"author":5,"featured_media":96579,"comment_status":"closed","ping_status":"closed","sticky":false,"template":"","format":"standard","meta":{"footnotes":""},"categories":[144],"tags":[],"class_list":["post-246882","post","type-post","status-publish","format-standard","has-post-thumbnail","hentry","category-meio-ambiente"],"_links":{"self":[{"href":"https:\/\/www.ocorreionews.com.br\/acervo-correio\/index.php?rest_route=\/wp\/v2\/posts\/246882","targetHints":{"allow":["GET"]}}],"collection":[{"href":"https:\/\/www.ocorreionews.com.br\/acervo-correio\/index.php?rest_route=\/wp\/v2\/posts"}],"about":[{"href":"https:\/\/www.ocorreionews.com.br\/acervo-correio\/index.php?rest_route=\/wp\/v2\/types\/post"}],"author":[{"embeddable":true,"href":"https:\/\/www.ocorreionews.com.br\/acervo-correio\/index.php?rest_route=\/wp\/v2\/users\/5"}],"replies":[{"embeddable":true,"href":"https:\/\/www.ocorreionews.com.br\/acervo-correio\/index.php?rest_route=%2Fwp%2Fv2%2Fcomments&post=246882"}],"version-history":[{"count":1,"href":"https:\/\/www.ocorreionews.com.br\/acervo-correio\/index.php?rest_route=\/wp\/v2\/posts\/246882\/revisions"}],"predecessor-version":[{"id":246883,"href":"https:\/\/www.ocorreionews.com.br\/acervo-correio\/index.php?rest_route=\/wp\/v2\/posts\/246882\/revisions\/246883"}],"wp:featuredmedia":[{"embeddable":true,"href":"https:\/\/www.ocorreionews.com.br\/acervo-correio\/index.php?rest_route=\/wp\/v2\/media\/96579"}],"wp:attachment":[{"href":"https:\/\/www.ocorreionews.com.br\/acervo-correio\/index.php?rest_route=%2Fwp%2Fv2%2Fmedia&parent=246882"}],"wp:term":[{"taxonomy":"category","embeddable":true,"href":"https:\/\/www.ocorreionews.com.br\/acervo-correio\/index.php?rest_route=%2Fwp%2Fv2%2Fcategories&post=246882"},{"taxonomy":"post_tag","embeddable":true,"href":"https:\/\/www.ocorreionews.com.br\/acervo-correio\/index.php?rest_route=%2Fwp%2Fv2%2Ftags&post=246882"}],"curies":[{"name":"wp","href":"https:\/\/api.w.org\/{rel}","templated":true}]}}