{"id":246884,"date":"2023-07-28T16:35:11","date_gmt":"2023-07-28T20:35:11","guid":{"rendered":"https:\/\/www.ocorreionews.com.br\/acervo-correio\/?p=246884"},"modified":"2023-07-28T16:35:11","modified_gmt":"2023-07-28T20:35:11","slug":"bandeira-verde-continua-em-agosto-sem-cobranca-adicional-de-energia","status":"publish","type":"post","link":"https:\/\/www.ocorreionews.com.br\/acervo-correio\/?p=246884","title":{"rendered":"Bandeira verde continua em agosto, sem cobran\u00e7a adicional de energia"},"content":{"rendered":"<div class=\"elementor-element elementor-element-33095f69 elementor-widget elementor-widget-theme-post-content\" data-id=\"33095f69\" data-element_type=\"widget\" data-widget_type=\"theme-post-content.default\">\n<div class=\"elementor-widget-container\">\n<p>A bandeira tarif\u00e1ria para o m\u00eas de agosto continuar\u00e1 verde, o que significa que n\u00e3o haver\u00e1 cobran\u00e7a adicional nas contas de energia el\u00e9trica dos consumidores brasileiros.\u00a0<img decoding=\"async\" class=\" lazyloaded\" src=\"https:\/\/agenciabrasil.ebc.com.br\/ebc.png?id=1546133&amp;o=node\" data-src=\"https:\/\/agenciabrasil.ebc.com.br\/ebc.png?id=1546133&amp;o=node\" \/><img decoding=\"async\" class=\" lazyloaded\" src=\"https:\/\/agenciabrasil.ebc.com.br\/ebc.gif?id=1546133&amp;o=node\" data-src=\"https:\/\/agenciabrasil.ebc.com.br\/ebc.gif?id=1546133&amp;o=node\" \/><\/p>\n<p>Segundo a Ag\u00eancia Nacional de Energia El\u00e9trica (Aneel), a decis\u00e3o foi tomada por causa das condi\u00e7\u00f5es favor\u00e1veis de gera\u00e7\u00e3o de energia no pa\u00eds. A bandeira est\u00e1 no patamar verde desde abril de 2022 e a expectativa da Aneel \u00e9 que esse cen\u00e1rio seja mantido at\u00e9 o final do ano.<\/p>\n<p>A bandeira verde, v\u00e1lida para todos os consumidores do Sistema Interligado Nacional (SIN), reflete a melhoria dos n\u00edveis dos reservat\u00f3rios das hidrel\u00e9tricas. O SIN \u00e9 a malha de linhas de transmiss\u00e3o que leva energia el\u00e9trica das usinas aos consumidores.<\/p>\n<div><\/div>\n<p>Criado em 2015, o mecanismo das bandeiras tarif\u00e1rias tem o objetivo de dar transpar\u00eancia ao custo real da energia el\u00e9trica.\u00a0As cores das bandeiras (verde, amarela ou vermelha) indicam se a energia custar\u00e1 mais ou menos em fun\u00e7\u00e3o das condi\u00e7\u00f5es de gera\u00e7\u00e3o de eletricidade.<\/p>\n<\/div>\n<\/div>\n<p>&nbsp;<\/p>\n<p>&nbsp;<\/p>\n<p>*Ag\u00eancia Brasil<\/p>\n","protected":false},"excerpt":{"rendered":"<p>A bandeira tarif\u00e1ria para o m\u00eas de agosto continuar\u00e1 verde, o que significa que n\u00e3o haver\u00e1 cobran\u00e7a adicional nas contas de energia el\u00e9trica dos consumidores brasileiros.\u00a0 Segundo a Ag\u00eancia Nacional de Energia El\u00e9trica (Aneel), a decis\u00e3o foi tomada por causa das condi\u00e7\u00f5es favor\u00e1veis de gera\u00e7\u00e3o de energia no pa\u00eds. A bandeira est\u00e1 no patamar verde [&hellip;]<\/p>\n","protected":false},"author":5,"featured_media":91043,"comment_status":"closed","ping_status":"closed","sticky":false,"template":"","format":"standard","meta":{"footnotes":""},"categories":[26],"tags":[],"class_list":["post-246884","post","type-post","status-publish","format-standard","has-post-thumbnail","hentry","category-economia"],"_links":{"self":[{"href":"https:\/\/www.ocorreionews.com.br\/acervo-correio\/index.php?rest_route=\/wp\/v2\/posts\/246884","targetHints":{"allow":["GET"]}}],"collection":[{"href":"https:\/\/www.ocorreionews.com.br\/acervo-correio\/index.php?rest_route=\/wp\/v2\/posts"}],"about":[{"href":"https:\/\/www.ocorreionews.com.br\/acervo-correio\/index.php?rest_route=\/wp\/v2\/types\/post"}],"author":[{"embeddable":true,"href":"https:\/\/www.ocorreionews.com.br\/acervo-correio\/index.php?rest_route=\/wp\/v2\/users\/5"}],"replies":[{"embeddable":true,"href":"https:\/\/www.ocorreionews.com.br\/acervo-correio\/index.php?rest_route=%2Fwp%2Fv2%2Fcomments&post=246884"}],"version-history":[{"count":1,"href":"https:\/\/www.ocorreionews.com.br\/acervo-correio\/index.php?rest_route=\/wp\/v2\/posts\/246884\/revisions"}],"predecessor-version":[{"id":246885,"href":"https:\/\/www.ocorreionews.com.br\/acervo-correio\/index.php?rest_route=\/wp\/v2\/posts\/246884\/revisions\/246885"}],"wp:featuredmedia":[{"embeddable":true,"href":"https:\/\/www.ocorreionews.com.br\/acervo-correio\/index.php?rest_route=\/wp\/v2\/media\/91043"}],"wp:attachment":[{"href":"https:\/\/www.ocorreionews.com.br\/acervo-correio\/index.php?rest_route=%2Fwp%2Fv2%2Fmedia&parent=246884"}],"wp:term":[{"taxonomy":"category","embeddable":true,"href":"https:\/\/www.ocorreionews.com.br\/acervo-correio\/index.php?rest_route=%2Fwp%2Fv2%2Fcategories&post=246884"},{"taxonomy":"post_tag","embeddable":true,"href":"https:\/\/www.ocorreionews.com.br\/acervo-correio\/index.php?rest_route=%2Fwp%2Fv2%2Ftags&post=246884"}],"curies":[{"name":"wp","href":"https:\/\/api.w.org\/{rel}","templated":true}]}}