{"id":246895,"date":"2023-07-29T07:49:47","date_gmt":"2023-07-29T11:49:47","guid":{"rendered":"https:\/\/www.ocorreionews.com.br\/acervo-correio\/?p=246895"},"modified":"2023-07-29T07:49:47","modified_gmt":"2023-07-29T11:49:47","slug":"vereadores-de-sidrolandia-abrem-cpi-para-investigar-escandalos-de-corrupcao-na-prefeitura","status":"publish","type":"post","link":"https:\/\/www.ocorreionews.com.br\/acervo-correio\/?p=246895","title":{"rendered":"Vereadores de Sidrol\u00e2ndia abrem CPI para investigar esc\u00e2ndalos de corrup\u00e7\u00e3o na prefeitura"},"content":{"rendered":"<p>Os vereadores de Sidrol\u00e2ndia deixaram o recesso de lado e aprovaram a abertura de uma CPI para investigar os esc\u00e2ndalos de corrup\u00e7\u00e3o revelados pelo Minist\u00e9rio P\u00fablico Estadual atrav\u00e9s da Opera\u00e7\u00e3o Tromper. Dos 15 parlamentares, sete votaram a favor da Comiss\u00e3o Parlamentar de Inqu\u00e9rito, em sess\u00e3o extraordin\u00e1ria na quinta-feira (27).<\/p>\n<p>Enelvo Iradi Felini Junior (PSDB), Jos\u00e9 Ademir Gabardo (PSDB), Elieu da Silva Vaz (PSB), Adavilton Brand\u00e3o (MDB), Izaqueu de Souza Diniz (Patriota), Cristina Fiuza (MBD) e Cleyton Martins Teixeira (PSB) deram uma pausa na folga para votar a favor da abertura de investiga\u00e7\u00e3o na C\u00e2mara Municipal. Otacir Pereira Figueiredo (PP) tamb\u00e9m esteve presente, mas preferiu se abster.<\/p>\n<h4 id=\"h-quebra-de-sigilo-revela-depositos-de-investigados-e-mpe-suspeita-de-propina-em-sidrolandia\" class=\"wp-block-heading\"><\/h4>\n<p>Os vereadores pretendem apurar poss\u00edveis fraudes licitat\u00f3rias e demiss\u00f5es em massa que ocorreram recentemente na cidade. A decis\u00e3o ocorre logo ap\u00f3s o Grupo de Atua\u00e7\u00e3o Especial de Combate ao Crime Organizado (Gaeco) ter deflagrado a segunda fase da Opera\u00e7\u00e3o Tromper, que levou dois empres\u00e1rios e um servidor da prefeitura para a pris\u00e3o. Um quarto envolvido est\u00e1 foragido.<\/p>\n<div class=\"a-wrap a-wrap-base a-wrap-8 alignwide\"><\/div>\n<p>O quarteto \u00e9 investigado em inqu\u00e9rito que apura \u201ca exist\u00eancia de esquema de corrup\u00e7\u00e3o na atividade administrativa do munic\u00edpio de Sidrol\u00e2ndia, em funcionamento ao menos desde o ano de 2017, destinado \u00e0 obten\u00e7\u00e3o de vantagens il\u00edcitas, por meio da pr\u00e1tica de crimes de peculato, falsidade ideol\u00f3gica, fraude \u00e0s licita\u00e7\u00f5es, associa\u00e7\u00e3o criminosa e sonega\u00e7\u00e3o fiscal\u201d.<\/p>\n<p>Os policiais prenderam os empres\u00e1rios Roberto da Concei\u00e7\u00e3o Valen\u00e7uela, dono da R &amp; C, e Ueverton da Silva Macedo, o Frescura, que foi candidato a vereador pelo PSD na \u00faltima elei\u00e7\u00e3o. O ex-chefe do setor de execu\u00e7\u00e3o e fiscaliza\u00e7\u00e3o de contratos do munic\u00edpio, Tiago Basso da Silva, tamb\u00e9m foi detido e encaminhado para a Delegacia da Pol\u00edcia Civil de Sidrol\u00e2ndia.<\/p>\n<p>O Gaeco segue no encal\u00e7o do empres\u00e1rio Ricardo Jos\u00e9 Rocamora Alves, que ainda n\u00e3o foi encontrado para o cumprimento de mandado de pris\u00e3o.<\/p>\n<p>Na quarta-feira (26), a prefeita Vanda Camilo (PP) determinou a rescis\u00e3o unilateral dos contratos administrativos e cancelamento das atas de registro de pre\u00e7os celebradas entre o munic\u00edpio e as cinco empresas investigadas pelo Minist\u00e9rio P\u00fablico Estadual.<\/p>\n<p>Tamb\u00e9m foram suspensos e ser\u00e3o revisados os processos administrativos ainda n\u00e3o homologados que tenham como vencedor as empresas R&amp;C Com\u00e9rcio, Servi\u00e7os e Manuten\u00e7\u00e3o LTDA-ME; 3M Produtos e Servi\u00e7os LTDA; Rocamora Servi\u00e7os de Escrit\u00f3rio Administrativo EIRELI; Odinei Romeiro de Oliveira-ME; e Evertom Luiz de Souza Luscero EIRELI.<\/p>\n<p>ojacar\u00e9<\/p>\n","protected":false},"excerpt":{"rendered":"<p>Os vereadores de Sidrol\u00e2ndia deixaram o recesso de lado e aprovaram a abertura de uma CPI para investigar os esc\u00e2ndalos de corrup\u00e7\u00e3o revelados pelo Minist\u00e9rio P\u00fablico Estadual atrav\u00e9s da Opera\u00e7\u00e3o Tromper. Dos 15 parlamentares, sete votaram a favor da Comiss\u00e3o Parlamentar de Inqu\u00e9rito, em sess\u00e3o extraordin\u00e1ria na quinta-feira (27). Enelvo Iradi Felini Junior (PSDB), Jos\u00e9 [&hellip;]<\/p>\n","protected":false},"author":4,"featured_media":246896,"comment_status":"closed","ping_status":"closed","sticky":false,"template":"","format":"standard","meta":{"footnotes":""},"categories":[37],"tags":[],"class_list":["post-246895","post","type-post","status-publish","format-standard","has-post-thumbnail","hentry","category-politica"],"_links":{"self":[{"href":"https:\/\/www.ocorreionews.com.br\/acervo-correio\/index.php?rest_route=\/wp\/v2\/posts\/246895","targetHints":{"allow":["GET"]}}],"collection":[{"href":"https:\/\/www.ocorreionews.com.br\/acervo-correio\/index.php?rest_route=\/wp\/v2\/posts"}],"about":[{"href":"https:\/\/www.ocorreionews.com.br\/acervo-correio\/index.php?rest_route=\/wp\/v2\/types\/post"}],"author":[{"embeddable":true,"href":"https:\/\/www.ocorreionews.com.br\/acervo-correio\/index.php?rest_route=\/wp\/v2\/users\/4"}],"replies":[{"embeddable":true,"href":"https:\/\/www.ocorreionews.com.br\/acervo-correio\/index.php?rest_route=%2Fwp%2Fv2%2Fcomments&post=246895"}],"version-history":[{"count":1,"href":"https:\/\/www.ocorreionews.com.br\/acervo-correio\/index.php?rest_route=\/wp\/v2\/posts\/246895\/revisions"}],"predecessor-version":[{"id":246897,"href":"https:\/\/www.ocorreionews.com.br\/acervo-correio\/index.php?rest_route=\/wp\/v2\/posts\/246895\/revisions\/246897"}],"wp:featuredmedia":[{"embeddable":true,"href":"https:\/\/www.ocorreionews.com.br\/acervo-correio\/index.php?rest_route=\/wp\/v2\/media\/246896"}],"wp:attachment":[{"href":"https:\/\/www.ocorreionews.com.br\/acervo-correio\/index.php?rest_route=%2Fwp%2Fv2%2Fmedia&parent=246895"}],"wp:term":[{"taxonomy":"category","embeddable":true,"href":"https:\/\/www.ocorreionews.com.br\/acervo-correio\/index.php?rest_route=%2Fwp%2Fv2%2Fcategories&post=246895"},{"taxonomy":"post_tag","embeddable":true,"href":"https:\/\/www.ocorreionews.com.br\/acervo-correio\/index.php?rest_route=%2Fwp%2Fv2%2Ftags&post=246895"}],"curies":[{"name":"wp","href":"https:\/\/api.w.org\/{rel}","templated":true}]}}