{"id":246907,"date":"2023-07-29T08:51:51","date_gmt":"2023-07-29T12:51:51","guid":{"rendered":"https:\/\/www.ocorreionews.com.br\/acervo-correio\/?p=246907"},"modified":"2023-07-30T11:28:28","modified_gmt":"2023-07-30T15:28:28","slug":"camara-promove-audiencia-publica-do-rgf-na-segunda-feira-31","status":"publish","type":"post","link":"https:\/\/www.ocorreionews.com.br\/acervo-correio\/?p=246907","title":{"rendered":"C\u00e2mara promove Audi\u00eancia P\u00fablica do RGF na segunda-feira (31)"},"content":{"rendered":"<p>A C\u00e2mara de Vereadores realiza na segunda-feira (27), \u00e0s 09 horas, Audi\u00eancia P\u00fablica para apresenta\u00e7\u00e3o do Relat\u00f3rio de Gest\u00e3o Fiscal da Administra\u00e7\u00e3o Municipal correspondente ao 1\u00ba semestre de 2023.<\/p>\n<p>O RGF \u00e9 um instrumento fundamental para a transpar\u00eancia e fiscaliza\u00e7\u00e3o das contas p\u00fablicas, que deve ser apresentado quadrimestralmente por todas as esferas do governo, de acordo com a Lei de Responsabilidade Fiscal (LRF).<\/p>\n<p>A audi\u00eancia ser\u00e1 transmitida ao vivo pela p\u00e1gina da C\u00e2mara de Costa Rica no Facebook: <a href=\"http:\/\/www.facebook.com\/camaradecostaricaoficial\">www.facebook.com\/camaradecostaricaoficial<\/a> &#8211; e na p\u00e1gina oficial do Munic\u00edpio \u2013 <a href=\"http:\/\/www.facebook.com\/municipiodecostarica\">www.facebook.com\/municipiodecostarica<\/a>.<\/p>\n<p>A presidente do Legislativo, Ailton Martins de Amorim estende o convite para que toda a popula\u00e7\u00e3o participe.<\/p>\n<p>&nbsp;<\/p>\n<p>Data: \u00a031 de julho de 2023<\/p>\n<p>Hor\u00e1rio: 09 horas<\/p>\n<p>Local: Plen\u00e1rio da C\u00e2mara &#8211; \u201cVereador Simino Jorge de Oliveira\u201d<\/p>\n<p>&nbsp;<\/p>\n<p>&nbsp;<\/p>\n<p>Fonte: Cassiane Mews \/ Foto: ASSECOM<\/p>\n","protected":false},"excerpt":{"rendered":"<p>A C\u00e2mara de Vereadores realiza na segunda-feira (27), \u00e0s 09 horas, Audi\u00eancia P\u00fablica para apresenta\u00e7\u00e3o do Relat\u00f3rio de Gest\u00e3o Fiscal da Administra\u00e7\u00e3o Municipal correspondente ao 1\u00ba semestre de 2023. O RGF \u00e9 um instrumento fundamental para a transpar\u00eancia e fiscaliza\u00e7\u00e3o das contas p\u00fablicas, que deve ser apresentado quadrimestralmente por todas as esferas do governo, de [&hellip;]<\/p>\n","protected":false},"author":4,"featured_media":227869,"comment_status":"closed","ping_status":"closed","sticky":false,"template":"","format":"standard","meta":{"footnotes":""},"categories":[20,25],"tags":[],"class_list":["post-246907","post","type-post","status-publish","format-standard","has-post-thumbnail","hentry","category-camara-municipal","category-costa-rica"],"_links":{"self":[{"href":"https:\/\/www.ocorreionews.com.br\/acervo-correio\/index.php?rest_route=\/wp\/v2\/posts\/246907","targetHints":{"allow":["GET"]}}],"collection":[{"href":"https:\/\/www.ocorreionews.com.br\/acervo-correio\/index.php?rest_route=\/wp\/v2\/posts"}],"about":[{"href":"https:\/\/www.ocorreionews.com.br\/acervo-correio\/index.php?rest_route=\/wp\/v2\/types\/post"}],"author":[{"embeddable":true,"href":"https:\/\/www.ocorreionews.com.br\/acervo-correio\/index.php?rest_route=\/wp\/v2\/users\/4"}],"replies":[{"embeddable":true,"href":"https:\/\/www.ocorreionews.com.br\/acervo-correio\/index.php?rest_route=%2Fwp%2Fv2%2Fcomments&post=246907"}],"version-history":[{"count":1,"href":"https:\/\/www.ocorreionews.com.br\/acervo-correio\/index.php?rest_route=\/wp\/v2\/posts\/246907\/revisions"}],"predecessor-version":[{"id":246908,"href":"https:\/\/www.ocorreionews.com.br\/acervo-correio\/index.php?rest_route=\/wp\/v2\/posts\/246907\/revisions\/246908"}],"wp:featuredmedia":[{"embeddable":true,"href":"https:\/\/www.ocorreionews.com.br\/acervo-correio\/index.php?rest_route=\/wp\/v2\/media\/227869"}],"wp:attachment":[{"href":"https:\/\/www.ocorreionews.com.br\/acervo-correio\/index.php?rest_route=%2Fwp%2Fv2%2Fmedia&parent=246907"}],"wp:term":[{"taxonomy":"category","embeddable":true,"href":"https:\/\/www.ocorreionews.com.br\/acervo-correio\/index.php?rest_route=%2Fwp%2Fv2%2Fcategories&post=246907"},{"taxonomy":"post_tag","embeddable":true,"href":"https:\/\/www.ocorreionews.com.br\/acervo-correio\/index.php?rest_route=%2Fwp%2Fv2%2Ftags&post=246907"}],"curies":[{"name":"wp","href":"https:\/\/api.w.org\/{rel}","templated":true}]}}