{"id":247070,"date":"2023-07-31T09:48:14","date_gmt":"2023-07-31T13:48:14","guid":{"rendered":"https:\/\/www.ocorreionews.com.br\/acervo-correio\/?p=247070"},"modified":"2023-07-31T09:48:14","modified_gmt":"2023-07-31T13:48:14","slug":"costa-rica-convoca-candidatos-aprovados-em-concurso-publico-para-tomar-posse-no-cargo","status":"publish","type":"post","link":"https:\/\/www.ocorreionews.com.br\/acervo-correio\/?p=247070","title":{"rendered":"Costa Rica convoca candidatos aprovados em concurso p\u00fablico para tomar posse no cargo"},"content":{"rendered":"<div class=\"ntc_cont_descricao_noticia sw_txteditor\">O prefeito de Costa Rica, delegado Cleverson Alves dos Santos, publicou na \u00faltima sexta-feira (28), no Di\u00e1rio Oficial n\u00ba <a href=\"https:\/\/www.costarica.ms.gov.br\/portal\/diario-oficial\/ver\/3652\">3508<\/a>, o edital de convoca\u00e7\u00e3o n\u00ba 06\/2023, referente ao edital de concurso p\u00fablico n\u00ba 001\/2021, que tem o objetivo de preencher cargos efetivos no Poder Executivo Municipal. A convoca\u00e7\u00e3o foi realizada com base no resultado final do concurso, homologado por meio do Decreto n\u00ba 4.830, de 26 de janeiro de 2022.<\/p>\n<p>Os candidatos relacionados no Anexo I do edital devem comparecer ao Departamento de Pessoal da Prefeitura de Costa Rica at\u00e9 o dia 11 de agosto de 2023 para manifestar seu interesse na vaga, assinando um termo de interesse. Al\u00e9m disso, eles devem providenciar e protocolar a documenta\u00e7\u00e3o exigida at\u00e9 o dia 26 de agosto de 2023, incluindo exames m\u00e9dicos e atestado de sa\u00fade f\u00edsica e mental.<\/p>\n<p>\u00c9 importante ressaltar que a falta de qualquer documento ou exame exigido acarretar\u00e1 no descumprimento da exig\u00eancia e, consequentemente, na perda do direito \u00e0 nomea\u00e7\u00e3o ao cargo para o qual o candidato foi aprovado. O n\u00e3o comparecimento do candidato dentro do prazo estabelecido implicar\u00e1 na ren\u00fancia t\u00e1cita do convocado.<\/p>\n<p>Os atos de nomea\u00e7\u00e3o ser\u00e3o publicados no Di\u00e1rio Oficial do Munic\u00edpio, sendo de responsabilidade do candidato o acompanhamento do Di\u00e1rio Oficial para cumprir as determina\u00e7\u00f5es e tomar posse no cargo.<\/p>\n<p>Ap\u00f3s o cumprimento das exig\u00eancias, a posse do candidato aprovado ser\u00e1 realizada em at\u00e9 30 dias contados da publica\u00e7\u00e3o do ato de provimento, ou seja, at\u00e9 28 de agosto de 2023. Caso o candidato n\u00e3o se apresente dentro do prazo indicado, ser\u00e1 considerado desistente e ter\u00e1 sua nomea\u00e7\u00e3o tornada sem efeito.<\/p>\n<p>O edital tamb\u00e9m informa que as convoca\u00e7\u00f5es est\u00e3o em conformidade com os crit\u00e9rios de proporcionalidade, altern\u00e2ncia e ordem de classifica\u00e7\u00e3o, observando as leis de cotas raciais e a Lei Complementar n\u00ba 82\/2019. Al\u00e9m disso, \u00e9 necess\u00e1rio atender aos requisitos espec\u00edficos para cada cargo, conforme disposto no Anexo IV do edital.<\/p>\n<p>O edital de convoca\u00e7\u00e3o e os atos decorrentes dele ser\u00e3o regidos, suplementarmente, pelas disposi\u00e7\u00f5es da Lei Complementar n\u00ba 82\/2019 &#8211; Estatuto dos Servidores P\u00fablicos de Costa Rica\/MS e pela Lei Complementar n\u00ba 84\/2019 &#8211; Plano de Cargos e Carreiras do Poder Executivo Municipal.<\/p>\n<p>A convoca\u00e7\u00e3o dos candidatos aprovados no concurso p\u00fablico \u00e9 mais um passo importante para o preenchimento dos cargos efetivos no Poder Executivo Municipal de Costa Rica\/MS, garantindo a continuidade e o bom funcionamento dos servi\u00e7os p\u00fablicos.<\/p>\n<p>De acordo com o edital, a rela\u00e7\u00e3o de candidatos convocados \u00e9 a seguinte:<\/p>\n<p><strong>CARGO: MOTORISTA DE TRANSPORTE ESCOLAR <\/strong><\/p>\n<p>MARCIEL RODRIGUES DE SOUZA<\/p>\n<p><strong>CARGO: PROFESSOR DE EDUCA\u00c7\u00c3O INFANTIL <\/strong><\/p>\n<p>VALERIA CRISTINA GUARDACHONI<\/p>\n<p>LAUDENICE INACIO PEREIRA<\/p>\n<p><strong>CARGO: PROFESSOR DE ARTE <\/strong><\/p>\n<p>ROSANGELA ELIANE IZEPPI<\/p>\n<p><strong>CARGO: PROFESSOR DE EDUCA\u00c7\u00c3O F\u00cdSICA <\/strong><\/p>\n<p>GUILHERME FERREIRA DA SILVA<\/p><\/div>\n<p>&nbsp;<\/p>\n<div class=\"ntc_cont_descricao_noticia sw_txteditor\">\n<\/div>\n<div class=\"ntc_area_info_noticia sw_lato\">\n<div>\n<div class=\"ntc_info_noticia\"><strong class=\"sw_lato_black\">Fonte: <\/strong>Assessoria de Comunica\u00e7\u00e3o \/ PMCR, <strong class=\"sw_lato_black\">\u00a0<\/strong>Silvestre de Castro<\/div>\n<\/div>\n<\/div>\n","protected":false},"excerpt":{"rendered":"<p>O prefeito de Costa Rica, delegado Cleverson Alves dos Santos, publicou na \u00faltima sexta-feira (28), no Di\u00e1rio Oficial n\u00ba 3508, o edital de convoca\u00e7\u00e3o n\u00ba 06\/2023, referente ao edital de concurso p\u00fablico n\u00ba 001\/2021, que tem o objetivo de preencher cargos efetivos no Poder Executivo Municipal. A convoca\u00e7\u00e3o foi realizada com base no resultado final [&hellip;]<\/p>\n","protected":false},"author":5,"featured_media":230585,"comment_status":"closed","ping_status":"closed","sticky":false,"template":"","format":"standard","meta":{"footnotes":""},"categories":[25],"tags":[],"class_list":["post-247070","post","type-post","status-publish","format-standard","has-post-thumbnail","hentry","category-costa-rica"],"_links":{"self":[{"href":"https:\/\/www.ocorreionews.com.br\/acervo-correio\/index.php?rest_route=\/wp\/v2\/posts\/247070","targetHints":{"allow":["GET"]}}],"collection":[{"href":"https:\/\/www.ocorreionews.com.br\/acervo-correio\/index.php?rest_route=\/wp\/v2\/posts"}],"about":[{"href":"https:\/\/www.ocorreionews.com.br\/acervo-correio\/index.php?rest_route=\/wp\/v2\/types\/post"}],"author":[{"embeddable":true,"href":"https:\/\/www.ocorreionews.com.br\/acervo-correio\/index.php?rest_route=\/wp\/v2\/users\/5"}],"replies":[{"embeddable":true,"href":"https:\/\/www.ocorreionews.com.br\/acervo-correio\/index.php?rest_route=%2Fwp%2Fv2%2Fcomments&post=247070"}],"version-history":[{"count":1,"href":"https:\/\/www.ocorreionews.com.br\/acervo-correio\/index.php?rest_route=\/wp\/v2\/posts\/247070\/revisions"}],"predecessor-version":[{"id":247071,"href":"https:\/\/www.ocorreionews.com.br\/acervo-correio\/index.php?rest_route=\/wp\/v2\/posts\/247070\/revisions\/247071"}],"wp:featuredmedia":[{"embeddable":true,"href":"https:\/\/www.ocorreionews.com.br\/acervo-correio\/index.php?rest_route=\/wp\/v2\/media\/230585"}],"wp:attachment":[{"href":"https:\/\/www.ocorreionews.com.br\/acervo-correio\/index.php?rest_route=%2Fwp%2Fv2%2Fmedia&parent=247070"}],"wp:term":[{"taxonomy":"category","embeddable":true,"href":"https:\/\/www.ocorreionews.com.br\/acervo-correio\/index.php?rest_route=%2Fwp%2Fv2%2Fcategories&post=247070"},{"taxonomy":"post_tag","embeddable":true,"href":"https:\/\/www.ocorreionews.com.br\/acervo-correio\/index.php?rest_route=%2Fwp%2Fv2%2Ftags&post=247070"}],"curies":[{"name":"wp","href":"https:\/\/api.w.org\/{rel}","templated":true}]}}