{"id":247072,"date":"2023-07-31T10:13:08","date_gmt":"2023-07-31T14:13:08","guid":{"rendered":"https:\/\/www.ocorreionews.com.br\/acervo-correio\/?p=247072"},"modified":"2023-08-04T16:11:17","modified_gmt":"2023-08-04T20:11:17","slug":"neste-sabado-tem-show-de-patricia-adriana-e-fred-victor-no-barzinho-oriental","status":"publish","type":"post","link":"https:\/\/www.ocorreionews.com.br\/acervo-correio\/?p=247072","title":{"rendered":"Neste s\u00e1bado tem show de Patr\u00edcia &#038; Adriana e Fred &#038; Victor no Barzinho Oriental"},"content":{"rendered":"<p>No pr\u00f3ximo s\u00e1bado (05), o Barzinho Oriental estar\u00e1 realizando dois grandes shows com as duplas, Patr\u00edcia &amp; Adriana e Fred &amp;Victor.<\/p>\n<p>Patr\u00edcia &amp; Adriana que s\u00e3o consideradas umas das lendas do sertanejo de Mato Grosso do Sul e Fred &amp; Victor a nova gera\u00e7\u00e3o do sertanejo universit\u00e1rio que vem fazendo grande sucesso por onde passa.<\/p>\n<p>Os ingressos para este evento est\u00e3o sendo vendido no Barzinho Oriental no lote promocional at\u00e9 quarta-feira (02), pelo valor de R$40,00. 2\u00b0 Lote? R$50,00 at\u00e9 as 21h (BR) de s\u00e1bado . Na hora do show R$R$????.<\/p>\n<p><em>*Informa\u00e7\u00f5es e reservas de mesas e bistr\u00f4s (67) 9.8406-0146.<\/em><\/p>\n<p>Para Reservas de Mesas ou Bistr\u00f4s, somente ap\u00f3s o Pagamento via PIX, Cart\u00e3o, ou dinheiro direto no Barzinho Oriental.<\/p>\n<div style=\"width: 368px;\" class=\"wp-video\"><!--[if lt IE 9]><script>document.createElement('video');<\/script><![endif]-->\n<video class=\"wp-video-shortcode\" id=\"video-247072-1\" width=\"368\" height=\"656\" preload=\"metadata\" controls=\"controls\"><source type=\"video\/mp4\" src=\"https:\/\/www.ocorreionews.com.br\/acervo-correio\/wp-content\/uploads\/2023\/07\/Patricia-Adriana-Fred-Vitor.mp4?_=1\" \/><a href=\"https:\/\/www.ocorreionews.com.br\/acervo-correio\/wp-content\/uploads\/2023\/07\/Patricia-Adriana-Fred-Vitor.mp4\">https:\/\/www.ocorreionews.com.br\/acervo-correio\/wp-content\/uploads\/2023\/07\/Patricia-Adriana-Fred-Vitor.mp4<\/a><\/video><\/div>\n<p>&nbsp;<\/p>\n<p>*Editado para corre\u00e7\u00e3o de data da virada de lote<\/p>\n","protected":false},"excerpt":{"rendered":"<p>No pr\u00f3ximo s\u00e1bado (05), o Barzinho Oriental estar\u00e1 realizando dois grandes shows com as duplas, Patr\u00edcia &amp; Adriana e Fred &amp;Victor. Patr\u00edcia &amp; Adriana que s\u00e3o consideradas umas das lendas do sertanejo de Mato Grosso do Sul e Fred &amp; Victor a nova gera\u00e7\u00e3o do sertanejo universit\u00e1rio que vem fazendo grande sucesso por onde passa. [&hellip;]<\/p>\n","protected":false},"author":5,"featured_media":247073,"comment_status":"closed","ping_status":"closed","sticky":false,"template":"","format":"standard","meta":{"footnotes":""},"categories":[23,49],"tags":[],"class_list":["post-247072","post","type-post","status-publish","format-standard","has-post-thumbnail","hentry","category-chapadao-do-sul","category-informe-publicitario"],"_links":{"self":[{"href":"https:\/\/www.ocorreionews.com.br\/acervo-correio\/index.php?rest_route=\/wp\/v2\/posts\/247072","targetHints":{"allow":["GET"]}}],"collection":[{"href":"https:\/\/www.ocorreionews.com.br\/acervo-correio\/index.php?rest_route=\/wp\/v2\/posts"}],"about":[{"href":"https:\/\/www.ocorreionews.com.br\/acervo-correio\/index.php?rest_route=\/wp\/v2\/types\/post"}],"author":[{"embeddable":true,"href":"https:\/\/www.ocorreionews.com.br\/acervo-correio\/index.php?rest_route=\/wp\/v2\/users\/5"}],"replies":[{"embeddable":true,"href":"https:\/\/www.ocorreionews.com.br\/acervo-correio\/index.php?rest_route=%2Fwp%2Fv2%2Fcomments&post=247072"}],"version-history":[{"count":5,"href":"https:\/\/www.ocorreionews.com.br\/acervo-correio\/index.php?rest_route=\/wp\/v2\/posts\/247072\/revisions"}],"predecessor-version":[{"id":247608,"href":"https:\/\/www.ocorreionews.com.br\/acervo-correio\/index.php?rest_route=\/wp\/v2\/posts\/247072\/revisions\/247608"}],"wp:featuredmedia":[{"embeddable":true,"href":"https:\/\/www.ocorreionews.com.br\/acervo-correio\/index.php?rest_route=\/wp\/v2\/media\/247073"}],"wp:attachment":[{"href":"https:\/\/www.ocorreionews.com.br\/acervo-correio\/index.php?rest_route=%2Fwp%2Fv2%2Fmedia&parent=247072"}],"wp:term":[{"taxonomy":"category","embeddable":true,"href":"https:\/\/www.ocorreionews.com.br\/acervo-correio\/index.php?rest_route=%2Fwp%2Fv2%2Fcategories&post=247072"},{"taxonomy":"post_tag","embeddable":true,"href":"https:\/\/www.ocorreionews.com.br\/acervo-correio\/index.php?rest_route=%2Fwp%2Fv2%2Ftags&post=247072"}],"curies":[{"name":"wp","href":"https:\/\/api.w.org\/{rel}","templated":true}]}}