{"id":247086,"date":"2023-07-31T12:41:07","date_gmt":"2023-07-31T16:41:07","guid":{"rendered":"https:\/\/www.ocorreionews.com.br\/acervo-correio\/?p=247086"},"modified":"2023-07-31T12:41:07","modified_gmt":"2023-07-31T16:41:07","slug":"motorista-fica-ferido-apos-perde-controle-de-caminhonete-em-curva-de-rodovia-de-costa-rica","status":"publish","type":"post","link":"https:\/\/www.ocorreionews.com.br\/acervo-correio\/?p=247086","title":{"rendered":"Motorista fica ferido ap\u00f3s perde controle de caminhonete em curva de rodovia de Costa Rica"},"content":{"rendered":"<p>Na madrugada do \u00faltimo s\u00e1bado (29), o motorista de uma caminhonete ficou ferido ap\u00f3s perder o controle do seu ve\u00edculo em uma curva em estrada na cidade de Costa Rica.<\/p>\n<p>De acordo com o Boletim de Ocorr\u00eancia, por volta das 5h, a Pol\u00edcia Militar de Costa Rica foi acionada a atender uma ocorr\u00eancia de sinistro de tr\u00e2nsito em uma rodovia municipal, onde o o homem de 55 anos que dirigia um GM\/S10 acabou perdendo o controle do ve\u00edculo em uma curva, vindo a sair da Rodovia e colidir com uma cerca e logo depois com uma arvore.<\/p>\n<p>Com a colis\u00e3o a parte frontal do ve\u00edculo ficou destru\u00eddo e o motorista apresentava les\u00f5es na boca em raz\u00e3o do acidente. Os documentos do ve\u00edculo estavam em dia e o condutor era habilitado.<\/p>\n<p><img loading=\"lazy\" decoding=\"async\" class=\"alignnone size-full wp-image-247091\" src=\"https:\/\/www.ocorreionews.com.br\/acervo-correio\/wp-content\/uploads\/2023\/07\/acidente-s10b.jpg\" alt=\"\" width=\"1097\" height=\"753\" srcset=\"https:\/\/www.ocorreionews.com.br\/acervo-correio\/wp-content\/uploads\/2023\/07\/acidente-s10b.jpg 1097w, https:\/\/www.ocorreionews.com.br\/acervo-correio\/wp-content\/uploads\/2023\/07\/acidente-s10b-300x206.jpg 300w, https:\/\/www.ocorreionews.com.br\/acervo-correio\/wp-content\/uploads\/2023\/07\/acidente-s10b-1024x703.jpg 1024w, https:\/\/www.ocorreionews.com.br\/acervo-correio\/wp-content\/uploads\/2023\/07\/acidente-s10b-768x527.jpg 768w\" sizes=\"auto, (max-width: 1097px) 100vw, 1097px\" \/><\/p>\n<p><em>*O Correio News, com informa\u00e7\u00f5es da Assessoria de Imprensa da 4\u00aa CIPM<\/em><\/p>\n","protected":false},"excerpt":{"rendered":"<p>Na madrugada do \u00faltimo s\u00e1bado (29), o motorista de uma caminhonete ficou ferido ap\u00f3s perder o controle do seu ve\u00edculo em uma curva em estrada na cidade de Costa Rica. De acordo com o Boletim de Ocorr\u00eancia, por volta das 5h, a Pol\u00edcia Militar de Costa Rica foi acionada a atender uma ocorr\u00eancia de sinistro [&hellip;]<\/p>\n","protected":false},"author":5,"featured_media":247090,"comment_status":"closed","ping_status":"closed","sticky":false,"template":"","format":"standard","meta":{"footnotes":""},"categories":[25,38],"tags":[],"class_list":["post-247086","post","type-post","status-publish","format-standard","has-post-thumbnail","hentry","category-costa-rica","category-policia"],"_links":{"self":[{"href":"https:\/\/www.ocorreionews.com.br\/acervo-correio\/index.php?rest_route=\/wp\/v2\/posts\/247086","targetHints":{"allow":["GET"]}}],"collection":[{"href":"https:\/\/www.ocorreionews.com.br\/acervo-correio\/index.php?rest_route=\/wp\/v2\/posts"}],"about":[{"href":"https:\/\/www.ocorreionews.com.br\/acervo-correio\/index.php?rest_route=\/wp\/v2\/types\/post"}],"author":[{"embeddable":true,"href":"https:\/\/www.ocorreionews.com.br\/acervo-correio\/index.php?rest_route=\/wp\/v2\/users\/5"}],"replies":[{"embeddable":true,"href":"https:\/\/www.ocorreionews.com.br\/acervo-correio\/index.php?rest_route=%2Fwp%2Fv2%2Fcomments&post=247086"}],"version-history":[{"count":1,"href":"https:\/\/www.ocorreionews.com.br\/acervo-correio\/index.php?rest_route=\/wp\/v2\/posts\/247086\/revisions"}],"predecessor-version":[{"id":247092,"href":"https:\/\/www.ocorreionews.com.br\/acervo-correio\/index.php?rest_route=\/wp\/v2\/posts\/247086\/revisions\/247092"}],"wp:featuredmedia":[{"embeddable":true,"href":"https:\/\/www.ocorreionews.com.br\/acervo-correio\/index.php?rest_route=\/wp\/v2\/media\/247090"}],"wp:attachment":[{"href":"https:\/\/www.ocorreionews.com.br\/acervo-correio\/index.php?rest_route=%2Fwp%2Fv2%2Fmedia&parent=247086"}],"wp:term":[{"taxonomy":"category","embeddable":true,"href":"https:\/\/www.ocorreionews.com.br\/acervo-correio\/index.php?rest_route=%2Fwp%2Fv2%2Fcategories&post=247086"},{"taxonomy":"post_tag","embeddable":true,"href":"https:\/\/www.ocorreionews.com.br\/acervo-correio\/index.php?rest_route=%2Fwp%2Fv2%2Ftags&post=247086"}],"curies":[{"name":"wp","href":"https:\/\/api.w.org\/{rel}","templated":true}]}}