{"id":247096,"date":"2023-07-31T12:52:48","date_gmt":"2023-07-31T16:52:48","guid":{"rendered":"https:\/\/www.ocorreionews.com.br\/acervo-correio\/?p=247096"},"modified":"2023-07-31T12:52:48","modified_gmt":"2023-07-31T16:52:48","slug":"cansada-de-sofrer-agressoes-por-anos-mulher-denuncia-marido-em-figueirao","status":"publish","type":"post","link":"https:\/\/www.ocorreionews.com.br\/acervo-correio\/?p=247096","title":{"rendered":"Cansada de sofrer agress\u00f5es por anos, mulher denuncia marido em Figueir\u00e3o"},"content":{"rendered":"<p>No in\u00edcio da noite da \u00faltima sexta-feira (28), uma mulher de 35 anos cansada de sofrer agress\u00f5es do marido, procurou ajuda da Pol\u00edcia Militar da cidade de Figueir\u00e3o \u2013 MS.<\/p>\n<p>De acordo com Boletim de Ocorr\u00eancia, por volta das 18h, a v\u00edtima compareceu no quartel da Policia Militar, relatando que a mesma j\u00e1 vinha sofrendo h\u00e1 anos viol\u00eancia f\u00edsica e psicol\u00f3gica e que por esse motivo estava tentando romper o relacionamento com seu marido de 39 anos.<\/p>\n<p>Ap\u00f3s o autor tirar suas coisas da casa da v\u00edtima ele voltou l\u00e1 extremamente agressivo, dando um tapa no rosto da v\u00edtima e a amea\u00e7ando de morte. A v\u00edtima teme por sua vida e a de seus filhos.<\/p>\n<p>Foi confeccionado e encaminhado o boletim para as providencias cab\u00edveis.<\/p>\n<p>&nbsp;<\/p>\n<div class=\"entry-content clearfix single-post-content\">\n<p><em>*O Correio News, com informa\u00e7\u00f5es da Assessoria de Imprensa da 4\u00aa CIPM<\/em><\/p>\n<\/div>\n<div class=\"post-share single-post-share bottom-share clearfix style-1\">\n<div class=\"post-share-btn-group\"><\/div>\n<div class=\"share-handler-wrap bs-pretty-tabs bs-pretty-tabs-initialized\"><\/div>\n<\/div>\n","protected":false},"excerpt":{"rendered":"<p>No in\u00edcio da noite da \u00faltima sexta-feira (28), uma mulher de 35 anos cansada de sofrer agress\u00f5es do marido, procurou ajuda da Pol\u00edcia Militar da cidade de Figueir\u00e3o \u2013 MS. De acordo com Boletim de Ocorr\u00eancia, por volta das 18h, a v\u00edtima compareceu no quartel da Policia Militar, relatando que a mesma j\u00e1 vinha sofrendo [&hellip;]<\/p>\n","protected":false},"author":5,"featured_media":229530,"comment_status":"closed","ping_status":"closed","sticky":false,"template":"","format":"standard","meta":{"footnotes":""},"categories":[30,38],"tags":[],"class_list":["post-247096","post","type-post","status-publish","format-standard","has-post-thumbnail","hentry","category-figueirao","category-policia"],"_links":{"self":[{"href":"https:\/\/www.ocorreionews.com.br\/acervo-correio\/index.php?rest_route=\/wp\/v2\/posts\/247096","targetHints":{"allow":["GET"]}}],"collection":[{"href":"https:\/\/www.ocorreionews.com.br\/acervo-correio\/index.php?rest_route=\/wp\/v2\/posts"}],"about":[{"href":"https:\/\/www.ocorreionews.com.br\/acervo-correio\/index.php?rest_route=\/wp\/v2\/types\/post"}],"author":[{"embeddable":true,"href":"https:\/\/www.ocorreionews.com.br\/acervo-correio\/index.php?rest_route=\/wp\/v2\/users\/5"}],"replies":[{"embeddable":true,"href":"https:\/\/www.ocorreionews.com.br\/acervo-correio\/index.php?rest_route=%2Fwp%2Fv2%2Fcomments&post=247096"}],"version-history":[{"count":1,"href":"https:\/\/www.ocorreionews.com.br\/acervo-correio\/index.php?rest_route=\/wp\/v2\/posts\/247096\/revisions"}],"predecessor-version":[{"id":247097,"href":"https:\/\/www.ocorreionews.com.br\/acervo-correio\/index.php?rest_route=\/wp\/v2\/posts\/247096\/revisions\/247097"}],"wp:featuredmedia":[{"embeddable":true,"href":"https:\/\/www.ocorreionews.com.br\/acervo-correio\/index.php?rest_route=\/wp\/v2\/media\/229530"}],"wp:attachment":[{"href":"https:\/\/www.ocorreionews.com.br\/acervo-correio\/index.php?rest_route=%2Fwp%2Fv2%2Fmedia&parent=247096"}],"wp:term":[{"taxonomy":"category","embeddable":true,"href":"https:\/\/www.ocorreionews.com.br\/acervo-correio\/index.php?rest_route=%2Fwp%2Fv2%2Fcategories&post=247096"},{"taxonomy":"post_tag","embeddable":true,"href":"https:\/\/www.ocorreionews.com.br\/acervo-correio\/index.php?rest_route=%2Fwp%2Fv2%2Ftags&post=247096"}],"curies":[{"name":"wp","href":"https:\/\/api.w.org\/{rel}","templated":true}]}}