{"id":247098,"date":"2023-07-31T13:00:27","date_gmt":"2023-07-31T17:00:27","guid":{"rendered":"https:\/\/www.ocorreionews.com.br\/acervo-correio\/?p=247098"},"modified":"2023-07-31T13:00:27","modified_gmt":"2023-07-31T17:00:27","slug":"hospede-de-hotel-e-preso-apos-ameacar-recepcionista-e-danificar-veiculo-em-chapadao-do-sul","status":"publish","type":"post","link":"https:\/\/www.ocorreionews.com.br\/acervo-correio\/?p=247098","title":{"rendered":"Hospede de Hotel \u00e9 preso ap\u00f3s amea\u00e7ar recepcionista e danificar ve\u00edculo em Chapad\u00e3o do Sul"},"content":{"rendered":"<p>Na noite da \u00faltima sexta-feira (28), um homem de 51 anos que estava se hospedando em um Hotel no Centro de Chapad\u00e3o do Sul, foi preso ap\u00f3s amea\u00e7ar recepcionista do local e desacatar os policias.<\/p>\n<p>Segundo informa\u00e7\u00f5es do Boletim de Ocorr\u00eancia, por volta das 19:30min, a Pol\u00edcia Militar de Chapad\u00e3o do Sul, realizava rondas ostensivas quando foram solicitados a comparecer em um hotel no Centro da cidade, pois um indiv\u00edduo estava amea\u00e7ando o recepcionista e esmurrando um ve\u00edculo. A v\u00edtima (masculino 19 anos) relatou que o autor estava agressivo e o amea\u00e7ou dizendo que iria agredi-lo.<\/p>\n<p>Com a chegada dos militares o autor continuou alterado, al\u00e9m de estar sobre vis\u00edvel estado de embriaguez, ainda proferiu ofensas contra os militares.<\/p>\n<p>Sendo assim foi necess\u00e1rio conter o autor e o encaminhar a Delegacia Civil para as providencias cab\u00edveis.<\/p>\n<p>&nbsp;<\/p>\n<div class=\"entry-content clearfix single-post-content\">\n<p><em>*O Correio News, com informa\u00e7\u00f5es da Assessoria de Imprensa da 4\u00aa CIPM<\/em><\/p>\n<\/div>\n<div class=\"post-share single-post-share bottom-share clearfix style-1\">\n<div class=\"post-share-btn-group\"><\/div>\n<div class=\"share-handler-wrap bs-pretty-tabs bs-pretty-tabs-initialized\"><\/div>\n<\/div>\n","protected":false},"excerpt":{"rendered":"<p>Na noite da \u00faltima sexta-feira (28), um homem de 51 anos que estava se hospedando em um Hotel no Centro de Chapad\u00e3o do Sul, foi preso ap\u00f3s amea\u00e7ar recepcionista do local e desacatar os policias. Segundo informa\u00e7\u00f5es do Boletim de Ocorr\u00eancia, por volta das 19:30min, a Pol\u00edcia Militar de Chapad\u00e3o do Sul, realizava rondas ostensivas [&hellip;]<\/p>\n","protected":false},"author":5,"featured_media":243076,"comment_status":"closed","ping_status":"closed","sticky":false,"template":"","format":"standard","meta":{"footnotes":""},"categories":[23,38],"tags":[],"class_list":["post-247098","post","type-post","status-publish","format-standard","has-post-thumbnail","hentry","category-chapadao-do-sul","category-policia"],"_links":{"self":[{"href":"https:\/\/www.ocorreionews.com.br\/acervo-correio\/index.php?rest_route=\/wp\/v2\/posts\/247098","targetHints":{"allow":["GET"]}}],"collection":[{"href":"https:\/\/www.ocorreionews.com.br\/acervo-correio\/index.php?rest_route=\/wp\/v2\/posts"}],"about":[{"href":"https:\/\/www.ocorreionews.com.br\/acervo-correio\/index.php?rest_route=\/wp\/v2\/types\/post"}],"author":[{"embeddable":true,"href":"https:\/\/www.ocorreionews.com.br\/acervo-correio\/index.php?rest_route=\/wp\/v2\/users\/5"}],"replies":[{"embeddable":true,"href":"https:\/\/www.ocorreionews.com.br\/acervo-correio\/index.php?rest_route=%2Fwp%2Fv2%2Fcomments&post=247098"}],"version-history":[{"count":1,"href":"https:\/\/www.ocorreionews.com.br\/acervo-correio\/index.php?rest_route=\/wp\/v2\/posts\/247098\/revisions"}],"predecessor-version":[{"id":247099,"href":"https:\/\/www.ocorreionews.com.br\/acervo-correio\/index.php?rest_route=\/wp\/v2\/posts\/247098\/revisions\/247099"}],"wp:featuredmedia":[{"embeddable":true,"href":"https:\/\/www.ocorreionews.com.br\/acervo-correio\/index.php?rest_route=\/wp\/v2\/media\/243076"}],"wp:attachment":[{"href":"https:\/\/www.ocorreionews.com.br\/acervo-correio\/index.php?rest_route=%2Fwp%2Fv2%2Fmedia&parent=247098"}],"wp:term":[{"taxonomy":"category","embeddable":true,"href":"https:\/\/www.ocorreionews.com.br\/acervo-correio\/index.php?rest_route=%2Fwp%2Fv2%2Fcategories&post=247098"},{"taxonomy":"post_tag","embeddable":true,"href":"https:\/\/www.ocorreionews.com.br\/acervo-correio\/index.php?rest_route=%2Fwp%2Fv2%2Ftags&post=247098"}],"curies":[{"name":"wp","href":"https:\/\/api.w.org\/{rel}","templated":true}]}}