{"id":247100,"date":"2023-07-31T13:03:16","date_gmt":"2023-07-31T17:03:16","guid":{"rendered":"https:\/\/www.ocorreionews.com.br\/acervo-correio\/?p=247100"},"modified":"2023-07-31T13:03:43","modified_gmt":"2023-07-31T17:03:43","slug":"jovem-e-preso-apos-ameacar-dono-de-bar-em-paraiso-das-aguas","status":"publish","type":"post","link":"https:\/\/www.ocorreionews.com.br\/acervo-correio\/?p=247100","title":{"rendered":"Jovem \u00e9 preso ap\u00f3s amea\u00e7ar dono de Bar em Para\u00edso das \u00c1guas"},"content":{"rendered":"<p>Na noite do \u00faltimo s\u00e1bado(29) a Pol\u00edcia Militar de Para\u00edso das \u00c1guas foi acionada para atender uma ocorr\u00eancia de amea\u00e7a em um bar, na Avenida Manoel Rodrigues da Cruz.<\/p>\n<p>Conforme hist\u00f3rico da ocorr\u00eancia policial, um suspeito de 21 anos, estava no local, amea\u00e7ando pessoas, inclusive o respons\u00e1vel do local e importunando os clientes, dizendo que era de Tr\u00eas Lagoas (MS), de fac\u00e7\u00e3o e que chamaria seus &#8220;par\u00e7as&#8221; para ir at\u00e9 o local para tirar satisfa\u00e7\u00e3o.<\/p>\n<p>Os policiais realizaram a abordagem e busca pessoal, onde nada de il\u00edcito foi encontrado.<\/p>\n<p>Ap\u00f3s assinar o TCO (Termo Circunstanciado de Ocorr\u00eancias) na delegacia de Pol\u00edcia Civil, o suspeito foi liberado.<\/p>\n<p>&nbsp;<\/p>\n<p><i>*BNC Not\u00edcias\u00a0<\/i><\/p>\n","protected":false},"excerpt":{"rendered":"<p>Na noite do \u00faltimo s\u00e1bado(29) a Pol\u00edcia Militar de Para\u00edso das \u00c1guas foi acionada para atender uma ocorr\u00eancia de amea\u00e7a em um bar, na Avenida Manoel Rodrigues da Cruz. Conforme hist\u00f3rico da ocorr\u00eancia policial, um suspeito de 21 anos, estava no local, amea\u00e7ando pessoas, inclusive o respons\u00e1vel do local e importunando os clientes, dizendo que [&hellip;]<\/p>\n","protected":false},"author":5,"featured_media":243086,"comment_status":"closed","ping_status":"closed","sticky":false,"template":"","format":"standard","meta":{"footnotes":""},"categories":[36,38],"tags":[],"class_list":["post-247100","post","type-post","status-publish","format-standard","has-post-thumbnail","hentry","category-paraiso-das-aguas","category-policia"],"_links":{"self":[{"href":"https:\/\/www.ocorreionews.com.br\/acervo-correio\/index.php?rest_route=\/wp\/v2\/posts\/247100","targetHints":{"allow":["GET"]}}],"collection":[{"href":"https:\/\/www.ocorreionews.com.br\/acervo-correio\/index.php?rest_route=\/wp\/v2\/posts"}],"about":[{"href":"https:\/\/www.ocorreionews.com.br\/acervo-correio\/index.php?rest_route=\/wp\/v2\/types\/post"}],"author":[{"embeddable":true,"href":"https:\/\/www.ocorreionews.com.br\/acervo-correio\/index.php?rest_route=\/wp\/v2\/users\/5"}],"replies":[{"embeddable":true,"href":"https:\/\/www.ocorreionews.com.br\/acervo-correio\/index.php?rest_route=%2Fwp%2Fv2%2Fcomments&post=247100"}],"version-history":[{"count":2,"href":"https:\/\/www.ocorreionews.com.br\/acervo-correio\/index.php?rest_route=\/wp\/v2\/posts\/247100\/revisions"}],"predecessor-version":[{"id":247102,"href":"https:\/\/www.ocorreionews.com.br\/acervo-correio\/index.php?rest_route=\/wp\/v2\/posts\/247100\/revisions\/247102"}],"wp:featuredmedia":[{"embeddable":true,"href":"https:\/\/www.ocorreionews.com.br\/acervo-correio\/index.php?rest_route=\/wp\/v2\/media\/243086"}],"wp:attachment":[{"href":"https:\/\/www.ocorreionews.com.br\/acervo-correio\/index.php?rest_route=%2Fwp%2Fv2%2Fmedia&parent=247100"}],"wp:term":[{"taxonomy":"category","embeddable":true,"href":"https:\/\/www.ocorreionews.com.br\/acervo-correio\/index.php?rest_route=%2Fwp%2Fv2%2Fcategories&post=247100"},{"taxonomy":"post_tag","embeddable":true,"href":"https:\/\/www.ocorreionews.com.br\/acervo-correio\/index.php?rest_route=%2Fwp%2Fv2%2Ftags&post=247100"}],"curies":[{"name":"wp","href":"https:\/\/api.w.org\/{rel}","templated":true}]}}