{"id":247106,"date":"2023-07-31T13:11:41","date_gmt":"2023-07-31T17:11:41","guid":{"rendered":"https:\/\/www.ocorreionews.com.br\/acervo-correio\/?p=247106"},"modified":"2023-07-31T13:11:41","modified_gmt":"2023-07-31T17:11:41","slug":"homem-e-preso-apos-passar-em-frente-a-quartel-da-pm-de-costa-rica-e-ameacar-policiais","status":"publish","type":"post","link":"https:\/\/www.ocorreionews.com.br\/acervo-correio\/?p=247106","title":{"rendered":"Homem \u00e9 preso ap\u00f3s passar em frente a quartel da PM de Costa Rica e \u201camea\u00e7ar\u201d policiais"},"content":{"rendered":"<p>Na noite deste domingo (30), um homem de 36 anos foi preso ao passar na frente do quartel da PM de Costa Rica e proferir xingamentos e amea\u00e7a a uma guarni\u00e7\u00e3o que saia do local no momento.<\/p>\n<p>De acordo com Boletim de Ocorr\u00eancia, por volta das 23h45min, os militares estavam saindo do quartel para rondas, quando foram surpreendidos pelo autor dos fatos e ao visualizar a viatura proferiu a seguinte frase \u201caqui \u00e9 bandido, voc\u00eas n\u00e3o s\u00e3o nada\u201d. Diante disto foi realizado a abordagem para entender o motivo da atitude.<\/p>\n<p>Durante a abordagem o autor resistiu as ordens, quando foi dado voz de pris\u00e3o ao mesmo, por\u00e9m em momento algum ele colaborou, sendo necess\u00e1rio uso de menor potencial ofensivo.<\/p>\n<p>Durante a condu\u00e7\u00e3o at\u00e9 a Delegacia Civil o autor proferiu amea\u00e7as e xingamentos aos militares, al\u00e9m de danificar a viatura.<\/p>\n<p>&nbsp;<\/p>\n<p><em>*O Correio News, com informa\u00e7\u00f5es da Assessoria de Imprensa da 4\u00aa CIPM<\/em><\/p>\n","protected":false},"excerpt":{"rendered":"<p>Na noite deste domingo (30), um homem de 36 anos foi preso ao passar na frente do quartel da PM de Costa Rica e proferir xingamentos e amea\u00e7a a uma guarni\u00e7\u00e3o que saia do local no momento. De acordo com Boletim de Ocorr\u00eancia, por volta das 23h45min, os militares estavam saindo do quartel para rondas, [&hellip;]<\/p>\n","protected":false},"author":5,"featured_media":212999,"comment_status":"closed","ping_status":"closed","sticky":false,"template":"","format":"standard","meta":{"footnotes":""},"categories":[25,38],"tags":[],"class_list":["post-247106","post","type-post","status-publish","format-standard","has-post-thumbnail","hentry","category-costa-rica","category-policia"],"_links":{"self":[{"href":"https:\/\/www.ocorreionews.com.br\/acervo-correio\/index.php?rest_route=\/wp\/v2\/posts\/247106","targetHints":{"allow":["GET"]}}],"collection":[{"href":"https:\/\/www.ocorreionews.com.br\/acervo-correio\/index.php?rest_route=\/wp\/v2\/posts"}],"about":[{"href":"https:\/\/www.ocorreionews.com.br\/acervo-correio\/index.php?rest_route=\/wp\/v2\/types\/post"}],"author":[{"embeddable":true,"href":"https:\/\/www.ocorreionews.com.br\/acervo-correio\/index.php?rest_route=\/wp\/v2\/users\/5"}],"replies":[{"embeddable":true,"href":"https:\/\/www.ocorreionews.com.br\/acervo-correio\/index.php?rest_route=%2Fwp%2Fv2%2Fcomments&post=247106"}],"version-history":[{"count":1,"href":"https:\/\/www.ocorreionews.com.br\/acervo-correio\/index.php?rest_route=\/wp\/v2\/posts\/247106\/revisions"}],"predecessor-version":[{"id":247108,"href":"https:\/\/www.ocorreionews.com.br\/acervo-correio\/index.php?rest_route=\/wp\/v2\/posts\/247106\/revisions\/247108"}],"wp:featuredmedia":[{"embeddable":true,"href":"https:\/\/www.ocorreionews.com.br\/acervo-correio\/index.php?rest_route=\/wp\/v2\/media\/212999"}],"wp:attachment":[{"href":"https:\/\/www.ocorreionews.com.br\/acervo-correio\/index.php?rest_route=%2Fwp%2Fv2%2Fmedia&parent=247106"}],"wp:term":[{"taxonomy":"category","embeddable":true,"href":"https:\/\/www.ocorreionews.com.br\/acervo-correio\/index.php?rest_route=%2Fwp%2Fv2%2Fcategories&post=247106"},{"taxonomy":"post_tag","embeddable":true,"href":"https:\/\/www.ocorreionews.com.br\/acervo-correio\/index.php?rest_route=%2Fwp%2Fv2%2Ftags&post=247106"}],"curies":[{"name":"wp","href":"https:\/\/api.w.org\/{rel}","templated":true}]}}