{"id":247124,"date":"2023-07-31T13:30:46","date_gmt":"2023-07-31T17:30:46","guid":{"rendered":"https:\/\/www.ocorreionews.com.br\/acervo-correio\/?p=247124"},"modified":"2023-07-31T13:30:46","modified_gmt":"2023-07-31T17:30:46","slug":"homem-preso-depois-tentar-destruir-alojamento-e-desacatar-policias-em-chapadao-do-sul","status":"publish","type":"post","link":"https:\/\/www.ocorreionews.com.br\/acervo-correio\/?p=247124","title":{"rendered":"Homem preso depois tentar destruir alojamento e desacatar policias em Chapad\u00e3o do Sul"},"content":{"rendered":"<p>Na tarde do \u00faltimo s\u00e1bado (29), um homem de 31 anos foi preso ap\u00f3s depredar alojamento, amea\u00e7ar pessoas e a propriet\u00e1ria e ainda desacatar policias de Chapad\u00e3o do Sul.<\/p>\n<p>De acordo com informa\u00e7\u00f5es do Boletim de Ocorr\u00eancia, por volta das 16h, a Pol\u00edcia Militar de Chapad\u00e3o do Sul foi acionada por populares relatando, que um indiv\u00edduo estava depredando o local onde eles moram e amea\u00e7ando as pessoas e os propriet\u00e1rios do local no Bairro Flamboyant.<\/p>\n<p>Os militares se deslocaram at\u00e9 o local e avistaram o autor visivelmente alterado, ele ao ver a viatura come\u00e7ou a xingar os militares e quando foi realizado a busca pessoal o autor a todo momento tentava empurrar o policial que o revistava.<\/p>\n<p>Segundo relato da v\u00edtima 38 anos (sexo feminino), foi que o autor estava bebendo desde cedo e disse que iria acabar com tudo.<\/p>\n<p>O autor foi encaminhado para a Delegacia Civil para as providencias cab\u00edveis.<\/p>\n<p>&nbsp;<\/p>\n<div class=\"entry-content clearfix single-post-content\">\n<p><em>*O Correio News, com informa\u00e7\u00f5es da Assessoria de Imprensa da 4\u00aa CIPM<\/em><\/p>\n<\/div>\n<div class=\"post-share single-post-share bottom-share clearfix style-1\">\n<div class=\"post-share-btn-group\"><\/div>\n<div class=\"share-handler-wrap bs-pretty-tabs bs-pretty-tabs-initialized\"><\/div>\n<\/div>\n","protected":false},"excerpt":{"rendered":"<p>Na tarde do \u00faltimo s\u00e1bado (29), um homem de 31 anos foi preso ap\u00f3s depredar alojamento, amea\u00e7ar pessoas e a propriet\u00e1ria e ainda desacatar policias de Chapad\u00e3o do Sul. De acordo com informa\u00e7\u00f5es do Boletim de Ocorr\u00eancia, por volta das 16h, a Pol\u00edcia Militar de Chapad\u00e3o do Sul foi acionada por populares relatando, que um [&hellip;]<\/p>\n","protected":false},"author":5,"featured_media":243080,"comment_status":"closed","ping_status":"closed","sticky":false,"template":"","format":"standard","meta":{"footnotes":""},"categories":[23,38],"tags":[],"class_list":["post-247124","post","type-post","status-publish","format-standard","has-post-thumbnail","hentry","category-chapadao-do-sul","category-policia"],"_links":{"self":[{"href":"https:\/\/www.ocorreionews.com.br\/acervo-correio\/index.php?rest_route=\/wp\/v2\/posts\/247124","targetHints":{"allow":["GET"]}}],"collection":[{"href":"https:\/\/www.ocorreionews.com.br\/acervo-correio\/index.php?rest_route=\/wp\/v2\/posts"}],"about":[{"href":"https:\/\/www.ocorreionews.com.br\/acervo-correio\/index.php?rest_route=\/wp\/v2\/types\/post"}],"author":[{"embeddable":true,"href":"https:\/\/www.ocorreionews.com.br\/acervo-correio\/index.php?rest_route=\/wp\/v2\/users\/5"}],"replies":[{"embeddable":true,"href":"https:\/\/www.ocorreionews.com.br\/acervo-correio\/index.php?rest_route=%2Fwp%2Fv2%2Fcomments&post=247124"}],"version-history":[{"count":1,"href":"https:\/\/www.ocorreionews.com.br\/acervo-correio\/index.php?rest_route=\/wp\/v2\/posts\/247124\/revisions"}],"predecessor-version":[{"id":247129,"href":"https:\/\/www.ocorreionews.com.br\/acervo-correio\/index.php?rest_route=\/wp\/v2\/posts\/247124\/revisions\/247129"}],"wp:featuredmedia":[{"embeddable":true,"href":"https:\/\/www.ocorreionews.com.br\/acervo-correio\/index.php?rest_route=\/wp\/v2\/media\/243080"}],"wp:attachment":[{"href":"https:\/\/www.ocorreionews.com.br\/acervo-correio\/index.php?rest_route=%2Fwp%2Fv2%2Fmedia&parent=247124"}],"wp:term":[{"taxonomy":"category","embeddable":true,"href":"https:\/\/www.ocorreionews.com.br\/acervo-correio\/index.php?rest_route=%2Fwp%2Fv2%2Fcategories&post=247124"},{"taxonomy":"post_tag","embeddable":true,"href":"https:\/\/www.ocorreionews.com.br\/acervo-correio\/index.php?rest_route=%2Fwp%2Fv2%2Ftags&post=247124"}],"curies":[{"name":"wp","href":"https:\/\/api.w.org\/{rel}","templated":true}]}}