{"id":247125,"date":"2023-07-31T13:29:34","date_gmt":"2023-07-31T17:29:34","guid":{"rendered":"https:\/\/www.ocorreionews.com.br\/acervo-correio\/?p=247125"},"modified":"2023-07-31T15:04:01","modified_gmt":"2023-07-31T19:04:01","slug":"chapadao-do-ceu-homem-e-preso-pela-pf-durante-operacao-de-combate-ao-abuso-infantil","status":"publish","type":"post","link":"https:\/\/www.ocorreionews.com.br\/acervo-correio\/?p=247125","title":{"rendered":"Chapad\u00e3o do C\u00e9u: PF prende jovem por produzir, distribuir e guardar material de pornografia infantil"},"content":{"rendered":"<div id=\"chunk-abfau\">\n<div class=\"mc-column content-text active-extra-styles \" data-block-type=\"unstyled\" data-block-weight=\"44\" data-block-id=\"3\">\n<p class=\"content-text__container \" data-track-category=\"Link no Texto\" data-track-links=\"\">Um jovem de 27 anos foi preso nesta segunda-feira (31) suspeito de produzir, distribuir e guardar material de pornografia infantil na cidade de Chapad\u00e3o do C\u00e9u &#8211; GO. De acordo com o delegado Jorge Flor\u00eancio, o autor tinha imagens de v\u00edtimas da pr\u00f3pria fam\u00edlia e tamb\u00e9m ser\u00e1 indiciado por estupro de vulner\u00e1vel.<\/p>\n<\/div>\n<\/div>\n<div class=\"wall protected-content\">\n<div id=\"chunk-7pq38\">\n<p>&nbsp;<\/p>\n<\/div>\n<div id=\"chunk-akhv5\">\n<div class=\"mc-column content-text active-extra-styles \" data-block-type=\"unstyled\" data-block-weight=\"20\" data-block-id=\"5\">\n<p class=\"content-text__container \" data-track-category=\"Link no Texto\" data-track-links=\"\">Como o jovem n\u00e3o teve o nome divulgado, o g1 n\u00e3o localizou a defesa at\u00e9 a \u00faltima atualiza\u00e7\u00e3o desta reportagem.<\/p>\n<p data-track-category=\"Link no Texto\" data-track-links=\"\">\n<\/div>\n<\/div>\n<div id=\"chunk-26gcr\">\n<div class=\"mc-column content-text active-extra-styles \" data-block-type=\"unstyled\" data-block-weight=\"34\" data-block-id=\"6\">\n<p class=\"content-text__container \" data-track-category=\"Link no Texto\" data-track-links=\"\">A opera\u00e7\u00e3o &#8220;Cyber Guarda&#8221;, feita pela Pol\u00edcia Federal, prendeu o homem em Chapad\u00e3o do C\u00e9u, no sudoeste goiano. Ap\u00f3s a pris\u00e3o, o investigado foi levado para a Delegacia de Pol\u00edcia Federal de Jata\u00ed.<\/p>\n<\/div>\n<\/div>\n<div id=\"chunk-7udo1\"><\/div>\n<div id=\"chunk-73lbb\">\n<div class=\"mc-column content-text active-extra-styles\" data-block-type=\"raw\" data-block-weight=\"42\" data-block-id=\"9\">\n<p>&nbsp;<\/p>\n<p>&nbsp;<\/p>\n<\/div>\n<\/div>\n<div id=\"chunk-49g2h\">\n<div class=\"row medium-uncollapsed content-media content-photo\" data-block-type=\"backstage-photo\" data-block-id=\"10\">\n<div class=\" mc-column content-media__container\">\n<div class=\"content-media-container glb-skeleton-box\">\n<figure class=\"content-media-figure\">\n<p><figure style=\"width: 647px\" class=\"wp-caption aligncenter\"><img loading=\"lazy\" decoding=\"async\" class=\"i-amphtml-fill-content i-amphtml-replaced-content\" src=\"https:\/\/s2-g1.glbimg.com\/KNe6VGS2uWs1DBtjaz81l5QDLpE=\/0x0:1700x1065\/984x0\/smart\/filters:strip_icc()\/i.s3.glbimg.com\/v1\/AUTH_59edd422c0c84a879bd37670ae4f538a\/internal_photos\/bs\/2023\/k\/Z\/z54BAQSDunqVAr75gfLA\/pf.jpg\" sizes=\"auto, (max-width: 1366px) 648px, 100vw\" srcset=\"https:\/\/s2-g1.glbimg.com\/eajiyoe5sdoDkmVdmomgqH91SbI=\/0x0:1700x1065\/1000x0\/smart\/filters:strip_icc()\/i.s3.glbimg.com\/v1\/AUTH_59edd422c0c84a879bd37670ae4f538a\/internal_photos\/bs\/2023\/k\/Z\/z54BAQSDunqVAr75gfLA\/pf.jpg 1000w, https:\/\/s2-g1.glbimg.com\/KNe6VGS2uWs1DBtjaz81l5QDLpE=\/0x0:1700x1065\/984x0\/smart\/filters:strip_icc()\/i.s3.glbimg.com\/v1\/AUTH_59edd422c0c84a879bd37670ae4f538a\/internal_photos\/bs\/2023\/k\/Z\/z54BAQSDunqVAr75gfLA\/pf.jpg 984w, https:\/\/s2-g1.glbimg.com\/lqCbkQMJn54e2dpQQqX6M1c3WO4=\/0x0:1700x1065\/640x0\/smart\/filters:strip_icc()\/i.s3.glbimg.com\/v1\/AUTH_59edd422c0c84a879bd37670ae4f538a\/internal_photos\/bs\/2023\/k\/Z\/z54BAQSDunqVAr75gfLA\/pf.jpg 640w, https:\/\/s2-g1.glbimg.com\/qq3TwY7utnfIgVj9z_NV6sSdV18=\/0x0:1700x1065\/600x0\/smart\/filters:strip_icc()\/i.s3.glbimg.com\/v1\/AUTH_59edd422c0c84a879bd37670ae4f538a\/internal_photos\/bs\/2023\/k\/Z\/z54BAQSDunqVAr75gfLA\/pf.jpg 600w\" alt=\"Local onde jovem foi preso suspeito de produzir, distribuir e guardar material de pornografia infantil em Chapad\u00e3o do C\u00e9u, Goi\u00e1s \u2014 Foto: Divulga\u00e7\u00e3o\/PF\" width=\"647\" height=\"405\" \/><figcaption class=\"wp-caption-text\">Local onde jovem foi preso suspeito de produzir, distribuir e guardar material de pornografia infantil em Chapad\u00e3o do C\u00e9u, Goi\u00e1s \u2014 Foto: Divulga\u00e7\u00e3o\/PF<\/figcaption><\/figure><\/figure>\n<\/div>\n<p class=\"content-media__description \">\n<\/div>\n<\/div>\n<\/div>\n<div id=\"chunk-dbsf0\">\n<div class=\"mc-column content-text active-extra-styles \" data-block-type=\"unstyled\" data-block-weight=\"35\" data-block-id=\"11\">\n<p class=\"content-text__container \" data-track-category=\"Link no Texto\" data-track-links=\"\">Segundo a PF, o homem produzia, provavelmente dentro de sua casa, v\u00eddeos e imagens das v\u00edtimas para compartilhar pela internet. O delegado explicou que o autor faz parte de uma rede de compartilhamento destas imagens.<\/p>\n<p data-track-category=\"Link no Texto\" data-track-links=\"\">\n<\/div>\n<\/div>\n<div id=\"chunk-8ad2k\">\n<div class=\"mc-column content-text active-extra-styles \" data-block-type=\"unstyled\" data-block-weight=\"36\" data-block-id=\"12\">\n<p class=\"content-text__container \" data-track-category=\"Link no Texto\" data-track-links=\"\">O homem vai responder pelos crimes de produ\u00e7\u00e3o, disponibiliza\u00e7\u00e3o e armazenamento de pornografia infantil, previstos no Estatuto da Crian\u00e7a e do Adolescente, com penas m\u00e1ximas que, somadas, podem chegar a 18 anos de reclus\u00e3o e multa.<\/p>\n<p data-track-category=\"Link no Texto\" data-track-links=\"\">\n<\/div>\n<\/div>\n<\/div>\n<div style=\"width: 848px;\" class=\"wp-video\"><!--[if lt IE 9]><script>document.createElement('video');<\/script><![endif]-->\n<video class=\"wp-video-shortcode\" id=\"video-247125-1\" width=\"848\" height=\"480\" preload=\"metadata\" controls=\"controls\"><source type=\"video\/mp4\" src=\"https:\/\/www.ocorreionews.com.br\/acervo-correio\/wp-content\/uploads\/2023\/07\/Operacao-PF-em-Chapadao-do-Ceu.mp4?_=1\" \/><a href=\"https:\/\/www.ocorreionews.com.br\/acervo-correio\/wp-content\/uploads\/2023\/07\/Operacao-PF-em-Chapadao-do-Ceu.mp4\">https:\/\/www.ocorreionews.com.br\/acervo-correio\/wp-content\/uploads\/2023\/07\/Operacao-PF-em-Chapadao-do-Ceu.mp4<\/a><\/video><\/div>\n<p class=\"content-publication-data__from\" title=\"Michel Gomes e Franceline Russo, g1 Goi\u00e1s e TV Anhanguera\">Por Michel Gomes e Franceline Russo, g1 Goi\u00e1s e TV Anhanguera<\/p>\n","protected":false},"excerpt":{"rendered":"<p>Um jovem de 27 anos foi preso nesta segunda-feira (31) suspeito de produzir, distribuir e guardar material de pornografia infantil na cidade de Chapad\u00e3o do C\u00e9u &#8211; GO. De acordo com o delegado Jorge Flor\u00eancio, o autor tinha imagens de v\u00edtimas da pr\u00f3pria fam\u00edlia e tamb\u00e9m ser\u00e1 indiciado por estupro de vulner\u00e1vel. &nbsp; Como o [&hellip;]<\/p>\n","protected":false},"author":4,"featured_media":247126,"comment_status":"closed","ping_status":"closed","sticky":false,"template":"","format":"standard","meta":{"footnotes":""},"categories":[22,41,38],"tags":[],"class_list":["post-247125","post","type-post","status-publish","format-standard","has-post-thumbnail","hentry","category-chapadao-do-ceu","category-destaque","category-policia"],"_links":{"self":[{"href":"https:\/\/www.ocorreionews.com.br\/acervo-correio\/index.php?rest_route=\/wp\/v2\/posts\/247125","targetHints":{"allow":["GET"]}}],"collection":[{"href":"https:\/\/www.ocorreionews.com.br\/acervo-correio\/index.php?rest_route=\/wp\/v2\/posts"}],"about":[{"href":"https:\/\/www.ocorreionews.com.br\/acervo-correio\/index.php?rest_route=\/wp\/v2\/types\/post"}],"author":[{"embeddable":true,"href":"https:\/\/www.ocorreionews.com.br\/acervo-correio\/index.php?rest_route=\/wp\/v2\/users\/4"}],"replies":[{"embeddable":true,"href":"https:\/\/www.ocorreionews.com.br\/acervo-correio\/index.php?rest_route=%2Fwp%2Fv2%2Fcomments&post=247125"}],"version-history":[{"count":3,"href":"https:\/\/www.ocorreionews.com.br\/acervo-correio\/index.php?rest_route=\/wp\/v2\/posts\/247125\/revisions"}],"predecessor-version":[{"id":247167,"href":"https:\/\/www.ocorreionews.com.br\/acervo-correio\/index.php?rest_route=\/wp\/v2\/posts\/247125\/revisions\/247167"}],"wp:featuredmedia":[{"embeddable":true,"href":"https:\/\/www.ocorreionews.com.br\/acervo-correio\/index.php?rest_route=\/wp\/v2\/media\/247126"}],"wp:attachment":[{"href":"https:\/\/www.ocorreionews.com.br\/acervo-correio\/index.php?rest_route=%2Fwp%2Fv2%2Fmedia&parent=247125"}],"wp:term":[{"taxonomy":"category","embeddable":true,"href":"https:\/\/www.ocorreionews.com.br\/acervo-correio\/index.php?rest_route=%2Fwp%2Fv2%2Fcategories&post=247125"},{"taxonomy":"post_tag","embeddable":true,"href":"https:\/\/www.ocorreionews.com.br\/acervo-correio\/index.php?rest_route=%2Fwp%2Fv2%2Ftags&post=247125"}],"curies":[{"name":"wp","href":"https:\/\/api.w.org\/{rel}","templated":true}]}}