{"id":247130,"date":"2023-07-31T13:38:37","date_gmt":"2023-07-31T17:38:37","guid":{"rendered":"https:\/\/www.ocorreionews.com.br\/acervo-correio\/?p=247130"},"modified":"2023-07-31T13:39:15","modified_gmt":"2023-07-31T17:39:15","slug":"motorista-embriago-colide-com-carro-em-muro-de-residencia-em-costa-rica","status":"publish","type":"post","link":"https:\/\/www.ocorreionews.com.br\/acervo-correio\/?p=247130","title":{"rendered":"Motorista embriagado colide com carro em muro de resid\u00eancia em Costa Rica"},"content":{"rendered":"<p>No final da manh\u00e3 deste domingo (30), um homem de 29 anos foi preso por embriagues ao volante, depois que colidiu com seu ve\u00edculo em um moro de uma resid\u00eancia na cidade de Costa Rica.<\/p>\n<p>Segundo informa\u00e7\u00f5es do Boletim de Ocorr\u00eancia, por volta da 11h30 min a Pol\u00edcia Militar de Costa Rica foi acionada para comparecer na Rua Almir de Lafite, no Centro da cidade pois havia informa\u00e7\u00f5es de que um ve\u00edculo havia entrado na parte frontal de uma resid\u00eancia.<\/p>\n<p>Os militares foram at\u00e9 o local, e l\u00e1 o propriet\u00e1rio da resid\u00eancia e alguns familiares estavam segurando o autor no local do fato.<\/p>\n<p>O autor estava visivelmente embriagado, foram realizados os procedimentos de tr\u00e2nsito e ele foi encaminhado para a Delegacia Civil para as providencias cab\u00edveis.<\/p>\n<p>&nbsp;<\/p>\n<div class=\"entry-content clearfix single-post-content\">\n<p><em>*O Correio News, com informa\u00e7\u00f5es da Assessoria de Imprensa da 4\u00aa CIPM<\/em><\/p>\n<\/div>\n<div class=\"post-share single-post-share bottom-share clearfix style-1\">\n<div class=\"post-share-btn-group\"><\/div>\n<div class=\"share-handler-wrap bs-pretty-tabs bs-pretty-tabs-initialized\"><\/div>\n<\/div>\n","protected":false},"excerpt":{"rendered":"<p>No final da manh\u00e3 deste domingo (30), um homem de 29 anos foi preso por embriagues ao volante, depois que colidiu com seu ve\u00edculo em um moro de uma resid\u00eancia na cidade de Costa Rica. Segundo informa\u00e7\u00f5es do Boletim de Ocorr\u00eancia, por volta da 11h30 min a Pol\u00edcia Militar de Costa Rica foi acionada para [&hellip;]<\/p>\n","protected":false},"author":5,"featured_media":247088,"comment_status":"closed","ping_status":"closed","sticky":false,"template":"","format":"standard","meta":{"footnotes":""},"categories":[25,38],"tags":[],"class_list":["post-247130","post","type-post","status-publish","format-standard","has-post-thumbnail","hentry","category-costa-rica","category-policia"],"_links":{"self":[{"href":"https:\/\/www.ocorreionews.com.br\/acervo-correio\/index.php?rest_route=\/wp\/v2\/posts\/247130","targetHints":{"allow":["GET"]}}],"collection":[{"href":"https:\/\/www.ocorreionews.com.br\/acervo-correio\/index.php?rest_route=\/wp\/v2\/posts"}],"about":[{"href":"https:\/\/www.ocorreionews.com.br\/acervo-correio\/index.php?rest_route=\/wp\/v2\/types\/post"}],"author":[{"embeddable":true,"href":"https:\/\/www.ocorreionews.com.br\/acervo-correio\/index.php?rest_route=\/wp\/v2\/users\/5"}],"replies":[{"embeddable":true,"href":"https:\/\/www.ocorreionews.com.br\/acervo-correio\/index.php?rest_route=%2Fwp%2Fv2%2Fcomments&post=247130"}],"version-history":[{"count":3,"href":"https:\/\/www.ocorreionews.com.br\/acervo-correio\/index.php?rest_route=\/wp\/v2\/posts\/247130\/revisions"}],"predecessor-version":[{"id":247133,"href":"https:\/\/www.ocorreionews.com.br\/acervo-correio\/index.php?rest_route=\/wp\/v2\/posts\/247130\/revisions\/247133"}],"wp:featuredmedia":[{"embeddable":true,"href":"https:\/\/www.ocorreionews.com.br\/acervo-correio\/index.php?rest_route=\/wp\/v2\/media\/247088"}],"wp:attachment":[{"href":"https:\/\/www.ocorreionews.com.br\/acervo-correio\/index.php?rest_route=%2Fwp%2Fv2%2Fmedia&parent=247130"}],"wp:term":[{"taxonomy":"category","embeddable":true,"href":"https:\/\/www.ocorreionews.com.br\/acervo-correio\/index.php?rest_route=%2Fwp%2Fv2%2Fcategories&post=247130"},{"taxonomy":"post_tag","embeddable":true,"href":"https:\/\/www.ocorreionews.com.br\/acervo-correio\/index.php?rest_route=%2Fwp%2Fv2%2Ftags&post=247130"}],"curies":[{"name":"wp","href":"https:\/\/api.w.org\/{rel}","templated":true}]}}