{"id":247134,"date":"2023-07-31T13:59:05","date_gmt":"2023-07-31T17:59:05","guid":{"rendered":"https:\/\/www.ocorreionews.com.br\/acervo-correio\/?p=247134"},"modified":"2023-07-31T13:59:05","modified_gmt":"2023-07-31T17:59:05","slug":"ladroes-invadem-e-furtam-supermercado-em-figueirao","status":"publish","type":"post","link":"https:\/\/www.ocorreionews.com.br\/acervo-correio\/?p=247134","title":{"rendered":"Ladr\u00f5es invadem e furtam Supermercado em Figueir\u00e3o"},"content":{"rendered":"<p>Na madrugada do \u00faltimo s\u00e1bado (29), um supermercado na cidade de Figueir\u00e3o foi invadido e furtado por ladr\u00f5es que chegaram a retirar um cofre para fora do estabelecimento.<\/p>\n<p>Segundo informa\u00e7\u00f5es do Boletim de Ocorr\u00eancia, a Policia Militar de Figueir\u00e3o foi acionada onde a v\u00edtima e relatou que teriam invadido e furtado um supermercado durante a noite.<\/p>\n<p>No local a equipe de militares notou que o supermercado foi invadido pelos fundos, tendo a parede e c\u00e2meras de seguran\u00e7a quebradas para dificultar a visualiza\u00e7\u00e3o dos envolvidos.<\/p>\n<p>Foi levado um cofre atrav\u00e9s de uma janela e telhado, sendo arrastado at\u00e9 os fundos, onde foi arrombado.<\/p>\n<p>O gerente do estabelecimento afirmou que o cofre n\u00e3o era utilizado e n\u00e3o havia nada de valor dentro. Ainda segundo a v\u00edtima, foram levadas mercadorias, mas n\u00e3o em grande quantidade. O boletim de ocorr\u00eancia foi confeccionado e encaminhado \u00e0 Delegacia para os devidos procedimentos.<\/p>\n<p>&nbsp;<\/p>\n<div class=\"entry-content clearfix single-post-content\">\n<p><em>*O Correio News, com informa\u00e7\u00f5es da Assessoria de Imprensa da 4\u00aa CIPM<\/em><\/p>\n<\/div>\n","protected":false},"excerpt":{"rendered":"<p>Na madrugada do \u00faltimo s\u00e1bado (29), um supermercado na cidade de Figueir\u00e3o foi invadido e furtado por ladr\u00f5es que chegaram a retirar um cofre para fora do estabelecimento. Segundo informa\u00e7\u00f5es do Boletim de Ocorr\u00eancia, a Policia Militar de Figueir\u00e3o foi acionada onde a v\u00edtima e relatou que teriam invadido e furtado um supermercado durante a [&hellip;]<\/p>\n","protected":false},"author":5,"featured_media":247142,"comment_status":"closed","ping_status":"closed","sticky":false,"template":"","format":"standard","meta":{"footnotes":""},"categories":[30,38],"tags":[],"class_list":["post-247134","post","type-post","status-publish","format-standard","has-post-thumbnail","hentry","category-figueirao","category-policia"],"_links":{"self":[{"href":"https:\/\/www.ocorreionews.com.br\/acervo-correio\/index.php?rest_route=\/wp\/v2\/posts\/247134","targetHints":{"allow":["GET"]}}],"collection":[{"href":"https:\/\/www.ocorreionews.com.br\/acervo-correio\/index.php?rest_route=\/wp\/v2\/posts"}],"about":[{"href":"https:\/\/www.ocorreionews.com.br\/acervo-correio\/index.php?rest_route=\/wp\/v2\/types\/post"}],"author":[{"embeddable":true,"href":"https:\/\/www.ocorreionews.com.br\/acervo-correio\/index.php?rest_route=\/wp\/v2\/users\/5"}],"replies":[{"embeddable":true,"href":"https:\/\/www.ocorreionews.com.br\/acervo-correio\/index.php?rest_route=%2Fwp%2Fv2%2Fcomments&post=247134"}],"version-history":[{"count":1,"href":"https:\/\/www.ocorreionews.com.br\/acervo-correio\/index.php?rest_route=\/wp\/v2\/posts\/247134\/revisions"}],"predecessor-version":[{"id":247143,"href":"https:\/\/www.ocorreionews.com.br\/acervo-correio\/index.php?rest_route=\/wp\/v2\/posts\/247134\/revisions\/247143"}],"wp:featuredmedia":[{"embeddable":true,"href":"https:\/\/www.ocorreionews.com.br\/acervo-correio\/index.php?rest_route=\/wp\/v2\/media\/247142"}],"wp:attachment":[{"href":"https:\/\/www.ocorreionews.com.br\/acervo-correio\/index.php?rest_route=%2Fwp%2Fv2%2Fmedia&parent=247134"}],"wp:term":[{"taxonomy":"category","embeddable":true,"href":"https:\/\/www.ocorreionews.com.br\/acervo-correio\/index.php?rest_route=%2Fwp%2Fv2%2Fcategories&post=247134"},{"taxonomy":"post_tag","embeddable":true,"href":"https:\/\/www.ocorreionews.com.br\/acervo-correio\/index.php?rest_route=%2Fwp%2Fv2%2Ftags&post=247134"}],"curies":[{"name":"wp","href":"https:\/\/api.w.org\/{rel}","templated":true}]}}