{"id":247135,"date":"2023-07-31T13:53:06","date_gmt":"2023-07-31T17:53:06","guid":{"rendered":"https:\/\/www.ocorreionews.com.br\/acervo-correio\/?p=247135"},"modified":"2023-08-02T15:01:30","modified_gmt":"2023-08-02T19:01:30","slug":"prefeito-anizio-andrade-fez-lancamento-de-obras-de-r-14-mi-no-bela-alvorada","status":"publish","type":"post","link":"https:\/\/www.ocorreionews.com.br\/acervo-correio\/?p=247135","title":{"rendered":"Prefeito An\u00edzio Andrade assinou ordem de servi\u00e7o para obras de amplia\u00e7\u00e3o do complexo esportivo no distrito de Bela Alvorada"},"content":{"rendered":"<p>Na manh\u00e3 desta segunda feira 31, o prefeito municipal de Para\u00edso das \u00c1guas, An\u00edzio Andrade e seu vice Roberto Carlos, assinaram a Ordem de Servi\u00e7o para in\u00edcio das obras de constru\u00e7\u00e3o de arquibancada, vesti\u00e1rio, quadra de areia e alambrado de campo de futebol Society no distrito de Bela Alvorada.<\/p>\n<p>O projeto que tem como objetivo melhorar a estrutura de um campo de futebol Society j\u00e1 constru\u00eddo no local e propiciar um espa\u00e7o mais confort\u00e1vel para a pr\u00e1tica de esporte, lazer e cultura, contar\u00e1 com mais de R$ 1,4 milh\u00e3o de reais em investimentos pr\u00f3prios do executivo municipal. O prazo de execu\u00e7\u00e3o ser\u00e1 de 6 meses a partir do in\u00edcio da obra.<\/p>\n<p>\u201cNossa gest\u00e3o tem o cuidado de pensar em a\u00e7\u00f5es e projetos que permitam o desenvolvimento tanto da sede de nosso munic\u00edpio quanto dos distritos. Esta importante obra em Bela Alvorada ir\u00e1 garantir um espa\u00e7o mais bonito, mais convidativo para a pr\u00e1tica de atividades f\u00edsicas e culturais. \u00c9 o executivo municipal transformando os quatros cantos de Para\u00edso das \u00c1guas\u201d, afirmou o prefeito An\u00edzio.<\/p>\n<p><img decoding=\"async\" class=\"aligncenter\" src=\"https:\/\/www.paraisodasaguas.ms.gov.br\/uploads\/noticia\/bela4.jpg\" \/><img decoding=\"async\" class=\"aligncenter\" src=\"https:\/\/www.paraisodasaguas.ms.gov.br\/uploads\/noticia\/bela2.jpg\" \/><img loading=\"lazy\" decoding=\"async\" class=\"aligncenter\" src=\"https:\/\/www.paraisodasaguas.ms.gov.br\/uploads\/noticia\/thumbs\/thumb_800x500_bela1.jpg\" width=\"602\" height=\"376\" \/><\/p>\n<figure id=\"attachment_247138\" aria-describedby=\"caption-attachment-247138\" style=\"width: 598px\" class=\"wp-caption alignnone\"><img loading=\"lazy\" decoding=\"async\" class=\"wp-image-247138 \" src=\"https:\/\/www.ocorreionews.com.br\/acervo-correio\/wp-content\/uploads\/2023\/07\/DSC_0809.jpg\" alt=\"\" width=\"598\" height=\"397\" srcset=\"https:\/\/www.ocorreionews.com.br\/acervo-correio\/wp-content\/uploads\/2023\/07\/DSC_0809.jpg 2144w, https:\/\/www.ocorreionews.com.br\/acervo-correio\/wp-content\/uploads\/2023\/07\/DSC_0809-300x199.jpg 300w, https:\/\/www.ocorreionews.com.br\/acervo-correio\/wp-content\/uploads\/2023\/07\/DSC_0809-1024x680.jpg 1024w, https:\/\/www.ocorreionews.com.br\/acervo-correio\/wp-content\/uploads\/2023\/07\/DSC_0809-768x510.jpg 768w, https:\/\/www.ocorreionews.com.br\/acervo-correio\/wp-content\/uploads\/2023\/07\/DSC_0809-1536x1020.jpg 1536w, https:\/\/www.ocorreionews.com.br\/acervo-correio\/wp-content\/uploads\/2023\/07\/DSC_0809-2048x1360.jpg 2048w\" sizes=\"auto, (max-width: 598px) 100vw, 598px\" \/><figcaption id=\"caption-attachment-247138\" class=\"wp-caption-text\">Secretario de educa\u00e7\u00e3o e esporte do munic\u00edpio. Foto: Adejair Moraes<\/figcaption><\/figure>\n<figure id=\"attachment_247137\" aria-describedby=\"caption-attachment-247137\" style=\"width: 601px\" class=\"wp-caption alignnone\"><img loading=\"lazy\" decoding=\"async\" class=\"wp-image-247137 \" src=\"https:\/\/www.ocorreionews.com.br\/acervo-correio\/wp-content\/uploads\/2023\/07\/DSC_0806.jpg\" alt=\"\" width=\"601\" height=\"399\" srcset=\"https:\/\/www.ocorreionews.com.br\/acervo-correio\/wp-content\/uploads\/2023\/07\/DSC_0806.jpg 2144w, https:\/\/www.ocorreionews.com.br\/acervo-correio\/wp-content\/uploads\/2023\/07\/DSC_0806-300x199.jpg 300w, https:\/\/www.ocorreionews.com.br\/acervo-correio\/wp-content\/uploads\/2023\/07\/DSC_0806-1024x680.jpg 1024w, https:\/\/www.ocorreionews.com.br\/acervo-correio\/wp-content\/uploads\/2023\/07\/DSC_0806-768x510.jpg 768w, https:\/\/www.ocorreionews.com.br\/acervo-correio\/wp-content\/uploads\/2023\/07\/DSC_0806-1536x1020.jpg 1536w, https:\/\/www.ocorreionews.com.br\/acervo-correio\/wp-content\/uploads\/2023\/07\/DSC_0806-2048x1360.jpg 2048w\" sizes=\"auto, (max-width: 601px) 100vw, 601px\" \/><figcaption id=\"caption-attachment-247137\" class=\"wp-caption-text\">Diretor da empresa respons\u00e1vel pela a execu\u00e7\u00e3o da obra .Foto: Adejair Moraes<\/figcaption><\/figure>\n<p>&nbsp;<\/p>\n<p>&nbsp;<\/p>\n<p>*Texto: Diogo Rondon<\/p>\n","protected":false},"excerpt":{"rendered":"<p>Na manh\u00e3 desta segunda feira 31, o prefeito municipal de Para\u00edso das \u00c1guas, An\u00edzio Andrade e seu vice Roberto Carlos, assinaram a Ordem de Servi\u00e7o para in\u00edcio das obras de constru\u00e7\u00e3o de arquibancada, vesti\u00e1rio, quadra de areia e alambrado de campo de futebol Society no distrito de Bela Alvorada. O projeto que tem como objetivo [&hellip;]<\/p>\n","protected":false},"author":4,"featured_media":247139,"comment_status":"closed","ping_status":"closed","sticky":false,"template":"","format":"standard","meta":{"footnotes":""},"categories":[36],"tags":[],"class_list":["post-247135","post","type-post","status-publish","format-standard","has-post-thumbnail","hentry","category-paraiso-das-aguas"],"_links":{"self":[{"href":"https:\/\/www.ocorreionews.com.br\/acervo-correio\/index.php?rest_route=\/wp\/v2\/posts\/247135","targetHints":{"allow":["GET"]}}],"collection":[{"href":"https:\/\/www.ocorreionews.com.br\/acervo-correio\/index.php?rest_route=\/wp\/v2\/posts"}],"about":[{"href":"https:\/\/www.ocorreionews.com.br\/acervo-correio\/index.php?rest_route=\/wp\/v2\/types\/post"}],"author":[{"embeddable":true,"href":"https:\/\/www.ocorreionews.com.br\/acervo-correio\/index.php?rest_route=\/wp\/v2\/users\/4"}],"replies":[{"embeddable":true,"href":"https:\/\/www.ocorreionews.com.br\/acervo-correio\/index.php?rest_route=%2Fwp%2Fv2%2Fcomments&post=247135"}],"version-history":[{"count":4,"href":"https:\/\/www.ocorreionews.com.br\/acervo-correio\/index.php?rest_route=\/wp\/v2\/posts\/247135\/revisions"}],"predecessor-version":[{"id":247403,"href":"https:\/\/www.ocorreionews.com.br\/acervo-correio\/index.php?rest_route=\/wp\/v2\/posts\/247135\/revisions\/247403"}],"wp:featuredmedia":[{"embeddable":true,"href":"https:\/\/www.ocorreionews.com.br\/acervo-correio\/index.php?rest_route=\/wp\/v2\/media\/247139"}],"wp:attachment":[{"href":"https:\/\/www.ocorreionews.com.br\/acervo-correio\/index.php?rest_route=%2Fwp%2Fv2%2Fmedia&parent=247135"}],"wp:term":[{"taxonomy":"category","embeddable":true,"href":"https:\/\/www.ocorreionews.com.br\/acervo-correio\/index.php?rest_route=%2Fwp%2Fv2%2Fcategories&post=247135"},{"taxonomy":"post_tag","embeddable":true,"href":"https:\/\/www.ocorreionews.com.br\/acervo-correio\/index.php?rest_route=%2Fwp%2Fv2%2Ftags&post=247135"}],"curies":[{"name":"wp","href":"https:\/\/api.w.org\/{rel}","templated":true}]}}