{"id":247170,"date":"2023-07-31T18:42:11","date_gmt":"2023-07-31T22:42:11","guid":{"rendered":"https:\/\/www.ocorreionews.com.br\/acervo-correio\/?p=247170"},"modified":"2023-07-31T19:00:48","modified_gmt":"2023-07-31T23:00:48","slug":"aulas-na-rede-municipal-de-chapadao-do-sul-retornam-nesta-terca-com-a-nova-a-escola-manoel-de-barros-em-funcionamento","status":"publish","type":"post","link":"https:\/\/www.ocorreionews.com.br\/acervo-correio\/?p=247170","title":{"rendered":"Aulas na rede municipal de Chapad\u00e3o do Sul retornam nesta ter\u00e7a com a nova Escola Manoel de Barros em funcionamento"},"content":{"rendered":"<p>Ap\u00f3s o per\u00edodo de f\u00e9rias escolares, a Rede Municipal de Ensino de Chapad\u00e3o do Sul se prepara para receber seus estudantes de volta \u00e0s salas de aula. Com o retorno marcado para esta ter\u00e7a-feira\u00a0 1\u00ba de agosto, a comunidade escolar espera ansiosamente pelo in\u00edcio do segundo semestre de 2023.<\/p>\n<p>Uma das principais novidades para este ano letivo \u00e9 o funcionamento da Escola Municipal Manoel de Barros, que abrir\u00e1 suas portas pela primeira vez e j\u00e1 estar\u00e1 100% pronta para receber os alunos. O estabelecimento de ensino, que leva o nome do c\u00e9lebre poeta brasileiro Manoel de Barros, vem com a proposta de oferecer um espa\u00e7o moderno e acolhedor para os estudantes do munic\u00edpio.<\/p>\n<p>A nova unidade escolar conta com salas de aula equipadas, laborat\u00f3rios de ci\u00eancias e inform\u00e1tica, biblioteca, al\u00e9m de uma equipe de educadores qualificados e comprometidos com a educa\u00e7\u00e3o de excel\u00eancia. A Escola Manoel de Barros promete ser um centro de aprendizado e desenvolvimento, incentivando a criatividade, a leitura e o pensamento cr\u00edtico entre os alunos.<\/p>\n<p>O secret\u00e1rio municipal de Educa\u00e7\u00e3o, Guerino Perius, destacou a import\u00e2ncia do funcionamento da escola e a expectativa para o retorno \u00e0s aulas: &#8220;Estamos muito animados com a abertura da Escola Manoel de Barros. Essa conquista representa um avan\u00e7o significativo para o ensino em nosso munic\u00edpio, e estamos comprometidos em proporcionar um ambiente prop\u00edcio ao aprendizado e ao crescimento de nossos estudantes.&#8221;<\/p>\n<p>Com a inaugura\u00e7\u00e3o da Escola Manoel de Barros e a retomada das aulas em toda a rede municipal, a expectativa \u00e9 de um semestre repleto de novos conhecimentos, descobertas e realiza\u00e7\u00f5es para os estudantes de Chapad\u00e3o do Sul. O investimento na educa\u00e7\u00e3o \u00e9 considerado primordial para o crescimento e desenvolvimento da comunidade, e a abertura desta nova escola \u00e9 uma demonstra\u00e7\u00e3o clara desse compromisso com o futuro.<\/p>\n<p>Que seja um excelente retorno \u00e0s aulas para todos os alunos e educadores da Rede Municipal de Ensino de Chapad\u00e3o do Sul!<\/p>\n<p><img loading=\"lazy\" decoding=\"async\" class=\"alignnone size-full wp-image-246041\" src=\"https:\/\/www.ocorreionews.com.br\/acervo-correio\/wp-content\/uploads\/2023\/07\/alunos-chapadao-do-sul.jpg\" alt=\"\" width=\"800\" height=\"533\" srcset=\"https:\/\/www.ocorreionews.com.br\/acervo-correio\/wp-content\/uploads\/2023\/07\/alunos-chapadao-do-sul.jpg 800w, https:\/\/www.ocorreionews.com.br\/acervo-correio\/wp-content\/uploads\/2023\/07\/alunos-chapadao-do-sul-300x200.jpg 300w, https:\/\/www.ocorreionews.com.br\/acervo-correio\/wp-content\/uploads\/2023\/07\/alunos-chapadao-do-sul-768x512.jpg 768w\" sizes=\"auto, (max-width: 800px) 100vw, 800px\" \/><\/p>\n<p>&nbsp;<\/p>\n<p>*Assecom PMCS<\/p>\n","protected":false},"excerpt":{"rendered":"<p>Ap\u00f3s o per\u00edodo de f\u00e9rias escolares, a Rede Municipal de Ensino de Chapad\u00e3o do Sul se prepara para receber seus estudantes de volta \u00e0s salas de aula. Com o retorno marcado para esta ter\u00e7a-feira\u00a0 1\u00ba de agosto, a comunidade escolar espera ansiosamente pelo in\u00edcio do segundo semestre de 2023. Uma das principais novidades para este [&hellip;]<\/p>\n","protected":false},"author":5,"featured_media":247171,"comment_status":"closed","ping_status":"closed","sticky":false,"template":"","format":"standard","meta":{"footnotes":""},"categories":[23,41],"tags":[],"class_list":["post-247170","post","type-post","status-publish","format-standard","has-post-thumbnail","hentry","category-chapadao-do-sul","category-destaque"],"_links":{"self":[{"href":"https:\/\/www.ocorreionews.com.br\/acervo-correio\/index.php?rest_route=\/wp\/v2\/posts\/247170","targetHints":{"allow":["GET"]}}],"collection":[{"href":"https:\/\/www.ocorreionews.com.br\/acervo-correio\/index.php?rest_route=\/wp\/v2\/posts"}],"about":[{"href":"https:\/\/www.ocorreionews.com.br\/acervo-correio\/index.php?rest_route=\/wp\/v2\/types\/post"}],"author":[{"embeddable":true,"href":"https:\/\/www.ocorreionews.com.br\/acervo-correio\/index.php?rest_route=\/wp\/v2\/users\/5"}],"replies":[{"embeddable":true,"href":"https:\/\/www.ocorreionews.com.br\/acervo-correio\/index.php?rest_route=%2Fwp%2Fv2%2Fcomments&post=247170"}],"version-history":[{"count":2,"href":"https:\/\/www.ocorreionews.com.br\/acervo-correio\/index.php?rest_route=\/wp\/v2\/posts\/247170\/revisions"}],"predecessor-version":[{"id":247179,"href":"https:\/\/www.ocorreionews.com.br\/acervo-correio\/index.php?rest_route=\/wp\/v2\/posts\/247170\/revisions\/247179"}],"wp:featuredmedia":[{"embeddable":true,"href":"https:\/\/www.ocorreionews.com.br\/acervo-correio\/index.php?rest_route=\/wp\/v2\/media\/247171"}],"wp:attachment":[{"href":"https:\/\/www.ocorreionews.com.br\/acervo-correio\/index.php?rest_route=%2Fwp%2Fv2%2Fmedia&parent=247170"}],"wp:term":[{"taxonomy":"category","embeddable":true,"href":"https:\/\/www.ocorreionews.com.br\/acervo-correio\/index.php?rest_route=%2Fwp%2Fv2%2Fcategories&post=247170"},{"taxonomy":"post_tag","embeddable":true,"href":"https:\/\/www.ocorreionews.com.br\/acervo-correio\/index.php?rest_route=%2Fwp%2Fv2%2Ftags&post=247170"}],"curies":[{"name":"wp","href":"https:\/\/api.w.org\/{rel}","templated":true}]}}