{"id":247173,"date":"2023-07-31T18:54:03","date_gmt":"2023-07-31T22:54:03","guid":{"rendered":"https:\/\/www.ocorreionews.com.br\/acervo-correio\/?p=247173"},"modified":"2023-07-31T18:58:30","modified_gmt":"2023-07-31T22:58:30","slug":"esf-central-estara-atendendo-em-novo-endereco","status":"publish","type":"post","link":"https:\/\/www.ocorreionews.com.br\/acervo-correio\/?p=247173","title":{"rendered":"ESF Central de Chapad\u00e3o do Sul estar\u00e1 atendendo em novo endere\u00e7o"},"content":{"rendered":"<p>Prefeitura Municipal de\u00a0Chapad\u00e3o do Sul, em comunicado enviada a imprensa na tarde desta segunda-feira (31), informa que a partir desta ter\u00e7a-feira (01), o ESF (Estrat\u00e9gia de Sa\u00fade da Fam\u00edlia) Central estar\u00e1 atendendo em um novo endere\u00e7o. O novo local de atendimento ser\u00e1 na Avenida Dezesseis, n\u00ba 952, Centro pr\u00f3ximo ao Hospital Municipal.<\/p>\n<p>Essa mudan\u00e7a tem como objetivo oferecer um espa\u00e7o mais adequado e confort\u00e1vel para atender \u00e0s necessidades da comunidade, proporcionando um ambiente ainda mais acolhedor para todos os pacientes.<\/p>\n<p>Segunda a Secret\u00e1ria Municipal de Sa\u00fade, todos os atendimentos que aconteciam no antigo endere\u00e7o, continuar\u00e1 neste novo local. A secretaria ainda pedi a colabora\u00e7\u00e3o de todos para compartilhar essa importante informa\u00e7\u00e3o com amigos, familiares e vizinhos, garantindo que todos tenham conhecimento sobre nosso novo endere\u00e7o.<\/p>\n","protected":false},"excerpt":{"rendered":"<p>Prefeitura Municipal de\u00a0Chapad\u00e3o do Sul, em comunicado enviada a imprensa na tarde desta segunda-feira (31), informa que a partir desta ter\u00e7a-feira (01), o ESF (Estrat\u00e9gia de Sa\u00fade da Fam\u00edlia) Central estar\u00e1 atendendo em um novo endere\u00e7o. O novo local de atendimento ser\u00e1 na Avenida Dezesseis, n\u00ba 952, Centro pr\u00f3ximo ao Hospital Municipal. Essa mudan\u00e7a tem [&hellip;]<\/p>\n","protected":false},"author":5,"featured_media":247174,"comment_status":"closed","ping_status":"closed","sticky":false,"template":"","format":"standard","meta":{"footnotes":""},"categories":[23,41],"tags":[],"class_list":["post-247173","post","type-post","status-publish","format-standard","has-post-thumbnail","hentry","category-chapadao-do-sul","category-destaque"],"_links":{"self":[{"href":"https:\/\/www.ocorreionews.com.br\/acervo-correio\/index.php?rest_route=\/wp\/v2\/posts\/247173","targetHints":{"allow":["GET"]}}],"collection":[{"href":"https:\/\/www.ocorreionews.com.br\/acervo-correio\/index.php?rest_route=\/wp\/v2\/posts"}],"about":[{"href":"https:\/\/www.ocorreionews.com.br\/acervo-correio\/index.php?rest_route=\/wp\/v2\/types\/post"}],"author":[{"embeddable":true,"href":"https:\/\/www.ocorreionews.com.br\/acervo-correio\/index.php?rest_route=\/wp\/v2\/users\/5"}],"replies":[{"embeddable":true,"href":"https:\/\/www.ocorreionews.com.br\/acervo-correio\/index.php?rest_route=%2Fwp%2Fv2%2Fcomments&post=247173"}],"version-history":[{"count":2,"href":"https:\/\/www.ocorreionews.com.br\/acervo-correio\/index.php?rest_route=\/wp\/v2\/posts\/247173\/revisions"}],"predecessor-version":[{"id":247178,"href":"https:\/\/www.ocorreionews.com.br\/acervo-correio\/index.php?rest_route=\/wp\/v2\/posts\/247173\/revisions\/247178"}],"wp:featuredmedia":[{"embeddable":true,"href":"https:\/\/www.ocorreionews.com.br\/acervo-correio\/index.php?rest_route=\/wp\/v2\/media\/247174"}],"wp:attachment":[{"href":"https:\/\/www.ocorreionews.com.br\/acervo-correio\/index.php?rest_route=%2Fwp%2Fv2%2Fmedia&parent=247173"}],"wp:term":[{"taxonomy":"category","embeddable":true,"href":"https:\/\/www.ocorreionews.com.br\/acervo-correio\/index.php?rest_route=%2Fwp%2Fv2%2Fcategories&post=247173"},{"taxonomy":"post_tag","embeddable":true,"href":"https:\/\/www.ocorreionews.com.br\/acervo-correio\/index.php?rest_route=%2Fwp%2Fv2%2Ftags&post=247173"}],"curies":[{"name":"wp","href":"https:\/\/api.w.org\/{rel}","templated":true}]}}