{"id":247190,"date":"2023-08-01T07:33:37","date_gmt":"2023-08-01T11:33:37","guid":{"rendered":"https:\/\/www.ocorreionews.com.br\/acervo-correio\/?p=247190"},"modified":"2023-08-01T07:33:37","modified_gmt":"2023-08-01T11:33:37","slug":"walter-schlatter-assume-a-presidencia-do-partido-progressista-pp-em-chapadao-do-sul","status":"publish","type":"post","link":"https:\/\/www.ocorreionews.com.br\/acervo-correio\/?p=247190","title":{"rendered":"Walter Schlatter assume a presid\u00eancia do partido progressista \u2013 PP em Chapad\u00e3o Do Sul"},"content":{"rendered":"<p>O Empres\u00e1rio e produtor rural Walter Schlatter \u00e9 o novo presidente do Partido Progressista &#8211; PP em Chapad\u00e3o do Sul. A convite de Tereza Cristina, ex-ministra da Agricultura e atual senadora, o empres\u00e1rio vision\u00e1rio e experiente l\u00edder assume a lideran\u00e7a do partido na regi\u00e3o, marcando uma nova era na pol\u00edtica local.<\/p>\n<p>No dia 17 de julho de 2023, a senadora Tereza Cristina formalizou a posse da nova executiva que conduzir\u00e1 os trabalhos do PP nos pr\u00f3ximos anos, com a determina\u00e7\u00e3o de fortalecer as bases partid\u00e1rias e alcan\u00e7ar novos patamares de representatividade.<\/p>\n<p>Schlatter, em sua manifesta\u00e7\u00e3o ap\u00f3s o convite, expressou sua honra em contribuir com o desenvolvimento do partido na cidade de Chapad\u00e3o do Sul. Ele compartilha sua vis\u00e3o de unidade e crescimento, destacando sua meta de preparar o terreno para lan\u00e7ar candidatos fortes nas pr\u00f3ximas elei\u00e7\u00f5es. Com o objetivo claro de apresentar candidatos a vereadores e prefeito, sua lideran\u00e7a inspiradora promete conduzir o PP, como era sua trajet\u00f3ria de sucesso e conquistas pol\u00edticas no munic\u00edpio.<\/p>\n<p>A comunidade local tem muito a aguardar sob essa nova gest\u00e3o, que se firma como um marco empolgante para a pol\u00edtica regional. Contamos com todos os filiados e novos, Junte-se a n\u00f3s nessa jornada rumo a um futuro pr\u00f3spero e repleto de oportunidades para todos os cidad\u00e3os de Chapad\u00e3o do Sul. Vamos fazer hist\u00f3ria juntos sob a lideran\u00e7a de Walter Schlatter no Partido Progressista.<\/p>\n<p>Assessoria do PP<\/p>\n","protected":false},"excerpt":{"rendered":"<p>O Empres\u00e1rio e produtor rural Walter Schlatter \u00e9 o novo presidente do Partido Progressista &#8211; PP em Chapad\u00e3o do Sul. A convite de Tereza Cristina, ex-ministra da Agricultura e atual senadora, o empres\u00e1rio vision\u00e1rio e experiente l\u00edder assume a lideran\u00e7a do partido na regi\u00e3o, marcando uma nova era na pol\u00edtica local. No dia 17 de [&hellip;]<\/p>\n","protected":false},"author":4,"featured_media":247191,"comment_status":"closed","ping_status":"closed","sticky":false,"template":"","format":"standard","meta":{"footnotes":""},"categories":[23,41],"tags":[],"class_list":["post-247190","post","type-post","status-publish","format-standard","has-post-thumbnail","hentry","category-chapadao-do-sul","category-destaque"],"_links":{"self":[{"href":"https:\/\/www.ocorreionews.com.br\/acervo-correio\/index.php?rest_route=\/wp\/v2\/posts\/247190","targetHints":{"allow":["GET"]}}],"collection":[{"href":"https:\/\/www.ocorreionews.com.br\/acervo-correio\/index.php?rest_route=\/wp\/v2\/posts"}],"about":[{"href":"https:\/\/www.ocorreionews.com.br\/acervo-correio\/index.php?rest_route=\/wp\/v2\/types\/post"}],"author":[{"embeddable":true,"href":"https:\/\/www.ocorreionews.com.br\/acervo-correio\/index.php?rest_route=\/wp\/v2\/users\/4"}],"replies":[{"embeddable":true,"href":"https:\/\/www.ocorreionews.com.br\/acervo-correio\/index.php?rest_route=%2Fwp%2Fv2%2Fcomments&post=247190"}],"version-history":[{"count":1,"href":"https:\/\/www.ocorreionews.com.br\/acervo-correio\/index.php?rest_route=\/wp\/v2\/posts\/247190\/revisions"}],"predecessor-version":[{"id":247192,"href":"https:\/\/www.ocorreionews.com.br\/acervo-correio\/index.php?rest_route=\/wp\/v2\/posts\/247190\/revisions\/247192"}],"wp:featuredmedia":[{"embeddable":true,"href":"https:\/\/www.ocorreionews.com.br\/acervo-correio\/index.php?rest_route=\/wp\/v2\/media\/247191"}],"wp:attachment":[{"href":"https:\/\/www.ocorreionews.com.br\/acervo-correio\/index.php?rest_route=%2Fwp%2Fv2%2Fmedia&parent=247190"}],"wp:term":[{"taxonomy":"category","embeddable":true,"href":"https:\/\/www.ocorreionews.com.br\/acervo-correio\/index.php?rest_route=%2Fwp%2Fv2%2Fcategories&post=247190"},{"taxonomy":"post_tag","embeddable":true,"href":"https:\/\/www.ocorreionews.com.br\/acervo-correio\/index.php?rest_route=%2Fwp%2Fv2%2Ftags&post=247190"}],"curies":[{"name":"wp","href":"https:\/\/api.w.org\/{rel}","templated":true}]}}