{"id":247201,"date":"2023-08-01T08:24:45","date_gmt":"2023-08-01T12:24:45","guid":{"rendered":"https:\/\/www.ocorreionews.com.br\/acervo-correio\/?p=247201"},"modified":"2023-08-01T08:24:45","modified_gmt":"2023-08-01T12:24:45","slug":"mst-invade-area-da-embrapa","status":"publish","type":"post","link":"https:\/\/www.ocorreionews.com.br\/acervo-correio\/?p=247201","title":{"rendered":"MST invade \u00e1rea da Embrapa"},"content":{"rendered":"<p>Integrantes do Movimento dos Trabalhadores Rurais Sem Terra (MST) invadiram uma \u00e1rea de terra da Empresa Brasileira de Pesquisa Agropecu\u00e1ria (Embrapa) em Petrolina (PE) antes do Semi\u00e1rido Show, evento agr\u00edcola importante na Am\u00e9rica Latina. Cerca de 1150 membros do movimento afirmam que buscaram chamar a aten\u00e7\u00e3o das autoridades para a urg\u00eancia da Reforma Agr\u00e1ria, devido \u00e0 falta de avan\u00e7o nas negocia\u00e7\u00f5es e acordos estagnados.<\/p>\n<div id=\"agk_14000_pos_4_conteudo_desktop\" class=\"mb-4\" data-google-query-id=\"CJvu3uG4u4ADFZdV3QIdPR4NPA\">\n<div id=\"google_ads_iframe_\/316485075\/agk_14000_pos_4_conteudo_desktop_0__container__\">Jaime Amorim, diretor do MST em Pernambuco, declara que o movimento elegeu o governo Lula e espera que o minist\u00e9rio cumpra sua fun\u00e7\u00e3o em atender \u00e0s demandas da reforma agr\u00e1ria e implementar pol\u00edticas direcionadas aos movimentos sociais, em vez de servir exclusivamente aos interesses do agroneg\u00f3cio. \u201cN\u00f3s elegemos o governo Lula e precisamos que o minist\u00e9rio cumpra seu papel em atender as demandas da reforma agr\u00e1ria e possam cumprir as pol\u00edticas voltadas para os movimentos sociais e n\u00e3o somente servir os interesses do agroneg\u00f3cio\u201d, diz.<\/div>\n<\/div>\n<p>&nbsp;<\/p>\n<p>A Embrapa repudiou a ocupa\u00e7\u00e3o do MST e informou que tomou todas as medidas necess\u00e1rias para desocupar a \u00e1rea, garantindo a realiza\u00e7\u00e3o do Semi\u00e1rido Show conforme planejado. Com apoio interno e de v\u00e1rias estruturas do governo, incluindo minist\u00e9rios e o Incra, os ocupantes j\u00e1 deixaram o local, e os preparativos para o evento continuam normalmente.<\/p>\n<p>&nbsp;<\/p>\n<p>\u201cAproveitamos para reiterar o compromisso da Embrapa com a pluralidade de sua atua\u00e7\u00e3o junto aos seus distintos p\u00fablicos da agricultura brasileira, disponibilizando conhecimento e solu\u00e7\u00f5es para as agendas de mercado, social e ambiental. Igualmente, seguimos com nossa disposi\u00e7\u00e3o para o di\u00e1logo, de forma a qualificar demandas e oportunidades, respeitando se os princ\u00edpios basilares do direito\u201d, disse a entidade.<\/p>\n","protected":false},"excerpt":{"rendered":"<p>Integrantes do Movimento dos Trabalhadores Rurais Sem Terra (MST) invadiram uma \u00e1rea de terra da Empresa Brasileira de Pesquisa Agropecu\u00e1ria (Embrapa) em Petrolina (PE) antes do Semi\u00e1rido Show, evento agr\u00edcola importante na Am\u00e9rica Latina. Cerca de 1150 membros do movimento afirmam que buscaram chamar a aten\u00e7\u00e3o das autoridades para a urg\u00eancia da Reforma Agr\u00e1ria, devido [&hellip;]<\/p>\n","protected":false},"author":4,"featured_media":247203,"comment_status":"closed","ping_status":"closed","sticky":false,"template":"","format":"standard","meta":{"footnotes":""},"categories":[17],"tags":[],"class_list":["post-247201","post","type-post","status-publish","format-standard","has-post-thumbnail","hentry","category-agropecuaria"],"_links":{"self":[{"href":"https:\/\/www.ocorreionews.com.br\/acervo-correio\/index.php?rest_route=\/wp\/v2\/posts\/247201","targetHints":{"allow":["GET"]}}],"collection":[{"href":"https:\/\/www.ocorreionews.com.br\/acervo-correio\/index.php?rest_route=\/wp\/v2\/posts"}],"about":[{"href":"https:\/\/www.ocorreionews.com.br\/acervo-correio\/index.php?rest_route=\/wp\/v2\/types\/post"}],"author":[{"embeddable":true,"href":"https:\/\/www.ocorreionews.com.br\/acervo-correio\/index.php?rest_route=\/wp\/v2\/users\/4"}],"replies":[{"embeddable":true,"href":"https:\/\/www.ocorreionews.com.br\/acervo-correio\/index.php?rest_route=%2Fwp%2Fv2%2Fcomments&post=247201"}],"version-history":[{"count":1,"href":"https:\/\/www.ocorreionews.com.br\/acervo-correio\/index.php?rest_route=\/wp\/v2\/posts\/247201\/revisions"}],"predecessor-version":[{"id":247205,"href":"https:\/\/www.ocorreionews.com.br\/acervo-correio\/index.php?rest_route=\/wp\/v2\/posts\/247201\/revisions\/247205"}],"wp:featuredmedia":[{"embeddable":true,"href":"https:\/\/www.ocorreionews.com.br\/acervo-correio\/index.php?rest_route=\/wp\/v2\/media\/247203"}],"wp:attachment":[{"href":"https:\/\/www.ocorreionews.com.br\/acervo-correio\/index.php?rest_route=%2Fwp%2Fv2%2Fmedia&parent=247201"}],"wp:term":[{"taxonomy":"category","embeddable":true,"href":"https:\/\/www.ocorreionews.com.br\/acervo-correio\/index.php?rest_route=%2Fwp%2Fv2%2Fcategories&post=247201"},{"taxonomy":"post_tag","embeddable":true,"href":"https:\/\/www.ocorreionews.com.br\/acervo-correio\/index.php?rest_route=%2Fwp%2Fv2%2Ftags&post=247201"}],"curies":[{"name":"wp","href":"https:\/\/api.w.org\/{rel}","templated":true}]}}