{"id":247204,"date":"2023-08-01T08:36:37","date_gmt":"2023-08-01T12:36:37","guid":{"rendered":"https:\/\/www.ocorreionews.com.br\/acervo-correio\/?p=247204"},"modified":"2023-08-01T08:36:37","modified_gmt":"2023-08-01T12:36:37","slug":"xiv-seminario-de-educacao-aprimora-praticas-pedagogicas-e-promove-troca-de-conhecimentos-em-costa-rica","status":"publish","type":"post","link":"https:\/\/www.ocorreionews.com.br\/acervo-correio\/?p=247204","title":{"rendered":"XIV Semin\u00e1rio de Educa\u00e7\u00e3o aprimora pr\u00e1ticas pedag\u00f3gicas e promove troca de conhecimentos em Costa Rica"},"content":{"rendered":"<div class=\"ntc_cont_descricao_noticia sw_txteditor\">De 31 de julho a 02 de agosto, acontece em Costa Rica, o XIV Semin\u00e1rio Municipal de Educa\u00e7\u00e3o. O evento tem como objetivo promover a troca de conhecimentos e experi\u00eancias entre profissionais da \u00e1rea da educa\u00e7\u00e3o, visando aprimorar as pr\u00e1ticas pedag\u00f3gicas e o ensino e aprendizagem como um todo.<\/p>\n<p>Durante o semin\u00e1rio, est\u00e3o sendo abordados diversos aspectos relacionados ao ensino e aprendizagem, com destaque para o desempenho docente e a import\u00e2ncia do aperfei\u00e7oamento das pr\u00e1ticas pedag\u00f3gicas. S\u00e3o palestras, forma\u00e7\u00f5es e debates, com a participa\u00e7\u00e3o de especialistas e profissionais renomados.<\/p>\n<p>A programa\u00e7\u00e3o do dia 31 de julho foi dividida em dois per\u00edodos: das 7h \u00e0s 11h e das 13h \u00e0s 17h.\u00a0 Tanto no per\u00edodo da manh\u00e3 e da tarde, o p\u00fablico-alvo \u00e9 a Educa\u00e7\u00e3o Infantil, que se reuniu no audit\u00f3rio da Secretaria Municipal de Educa\u00e7\u00e3o (SEMED), e o p\u00fablico foi composto pelos profissionais do Ensino Fundamental I e II, al\u00e9m da Educa\u00e7\u00e3o Especial, que se encontraram no Escola C\u00edvico-Militar Prof. Adenocre Alexandre de Morais. Os estagi\u00e1rios e auxiliares tamb\u00e9m participaram do evento de acordo com a \u00e1rea de atua\u00e7\u00e3o, ambas as forma\u00e7\u00f5es foram com a equipe do Sistema de Ensino Aprende Brasil.<\/p>\n<p>No dia 01 de agosto, pela manh\u00e3, a programa\u00e7\u00e3o ser\u00e1 voltada para o tema &#8220;o papel do profissional de apoio e o acompanhamento das atividades com os alunos especiais&#8221;. O p\u00fablico-alvo ser\u00e1 a Educa\u00e7\u00e3o Especial, os estagi\u00e1rios e auxiliares. O local ser\u00e1 novamente a escola c\u00edvico-militar.<\/p>\n<p>Al\u00e9m disso, no mesmo dia, pela manh\u00e3, ser\u00e1 realizada uma forma\u00e7\u00e3o com a equipe do Sistema de Ensino Aprende Brasil, destinada \u00e0 Educa\u00e7\u00e3o Infantil, no CEI Il\u00eddia Lacerda de Almeida e na Semed, ambas as forma\u00e7\u00f5es s\u00e3o com os profissionais de 1\u00ba ao 9\u00ba ano. No per\u00edodo da tarde, a palestra ser\u00e1 sobre a adapta\u00e7\u00e3o curricular, com a Educa\u00e7\u00e3o Infantil, Ensino Fundamental I e II com o Palestrante Fabio de Oliveira, e ser\u00e1 ministrada no audit\u00f3rio da SEMED.<\/p>\n<p>No dia 02 de agosto, haver\u00e1 uma forma\u00e7\u00e3o para os coordenadores pedag\u00f3gicos, abordando o tema &#8220;pr\u00e1ticas pedag\u00f3gicas &#8211; avalia\u00e7\u00e3o no contexto escolar&#8221;, onde cada coordenador far\u00e1 na sua pr\u00f3pria institui\u00e7\u00e3o de lota\u00e7\u00e3o com os profissionais. No per\u00edodo da tarde, ser\u00e1 realizada uma palestra sobre os Impactos das Avalia\u00e7\u00f5es Externas, voltada para a Educa\u00e7\u00e3o Infantil, Ensino Fundamental I e II, diretores e coordenadores. O convidado para essa palestra ser\u00e1 C\u00e9sar Eduardo da Silva, Luciana Guilherme da Silva, Marcia Lolli Ritter que s\u00e3o colaboradores da SED \u2013 Secret\u00e1ria Estadual de Educa\u00e7\u00e3o e o local ser\u00e1 novamente o audit\u00f3rio da SEMED.<\/p>\n<p>\u00c9 importante ressaltar que os auxiliares, estagi\u00e1rios e profissionais de apoio da Educa\u00e7\u00e3o Especial devem participar das atividades de acordo com as suas institui\u00e7\u00f5es de atua\u00e7\u00e3o.<\/p>\n<p>O XIV Semin\u00e1rio Municipal de Educa\u00e7\u00e3o de Costa Rica 2023 promete ser um evento enriquecedor para todos os envolvidos, proporcionando a troca de conhecimentos e aprimoramento das pr\u00e1ticas pedag\u00f3gicas, visando sempre a melhoria do ensino e aprendizagem.<\/p><\/div>\n<div><\/div>\n<div class=\"ntc_cont_descricao_noticia sw_txteditor\">\n<\/div>\n<div class=\"ntc_area_info_noticia sw_lato\">\n<div>\n<div class=\"ntc_info_noticia\"><strong class=\"sw_lato_black\">Fonte: <\/strong>Assessoria de Comunica\u00e7\u00e3o \/ PMCR &#8211; <strong class=\"sw_lato_black\">\u00a0<\/strong>Silvestre de Castro<\/div>\n<\/div>\n<\/div>\n","protected":false},"excerpt":{"rendered":"<p>De 31 de julho a 02 de agosto, acontece em Costa Rica, o XIV Semin\u00e1rio Municipal de Educa\u00e7\u00e3o. O evento tem como objetivo promover a troca de conhecimentos e experi\u00eancias entre profissionais da \u00e1rea da educa\u00e7\u00e3o, visando aprimorar as pr\u00e1ticas pedag\u00f3gicas e o ensino e aprendizagem como um todo. Durante o semin\u00e1rio, est\u00e3o sendo abordados [&hellip;]<\/p>\n","protected":false},"author":5,"featured_media":247207,"comment_status":"closed","ping_status":"closed","sticky":false,"template":"","format":"standard","meta":{"footnotes":""},"categories":[25],"tags":[],"class_list":["post-247204","post","type-post","status-publish","format-standard","has-post-thumbnail","hentry","category-costa-rica"],"_links":{"self":[{"href":"https:\/\/www.ocorreionews.com.br\/acervo-correio\/index.php?rest_route=\/wp\/v2\/posts\/247204","targetHints":{"allow":["GET"]}}],"collection":[{"href":"https:\/\/www.ocorreionews.com.br\/acervo-correio\/index.php?rest_route=\/wp\/v2\/posts"}],"about":[{"href":"https:\/\/www.ocorreionews.com.br\/acervo-correio\/index.php?rest_route=\/wp\/v2\/types\/post"}],"author":[{"embeddable":true,"href":"https:\/\/www.ocorreionews.com.br\/acervo-correio\/index.php?rest_route=\/wp\/v2\/users\/5"}],"replies":[{"embeddable":true,"href":"https:\/\/www.ocorreionews.com.br\/acervo-correio\/index.php?rest_route=%2Fwp%2Fv2%2Fcomments&post=247204"}],"version-history":[{"count":1,"href":"https:\/\/www.ocorreionews.com.br\/acervo-correio\/index.php?rest_route=\/wp\/v2\/posts\/247204\/revisions"}],"predecessor-version":[{"id":247209,"href":"https:\/\/www.ocorreionews.com.br\/acervo-correio\/index.php?rest_route=\/wp\/v2\/posts\/247204\/revisions\/247209"}],"wp:featuredmedia":[{"embeddable":true,"href":"https:\/\/www.ocorreionews.com.br\/acervo-correio\/index.php?rest_route=\/wp\/v2\/media\/247207"}],"wp:attachment":[{"href":"https:\/\/www.ocorreionews.com.br\/acervo-correio\/index.php?rest_route=%2Fwp%2Fv2%2Fmedia&parent=247204"}],"wp:term":[{"taxonomy":"category","embeddable":true,"href":"https:\/\/www.ocorreionews.com.br\/acervo-correio\/index.php?rest_route=%2Fwp%2Fv2%2Fcategories&post=247204"},{"taxonomy":"post_tag","embeddable":true,"href":"https:\/\/www.ocorreionews.com.br\/acervo-correio\/index.php?rest_route=%2Fwp%2Fv2%2Ftags&post=247204"}],"curies":[{"name":"wp","href":"https:\/\/api.w.org\/{rel}","templated":true}]}}