{"id":247229,"date":"2023-08-01T10:00:31","date_gmt":"2023-08-01T14:00:31","guid":{"rendered":"https:\/\/www.ocorreionews.com.br\/acervo-correio\/?p=247229"},"modified":"2023-08-01T10:00:31","modified_gmt":"2023-08-01T14:00:31","slug":"avo-e-preso-suspeito-de-estuprar-cinco-netas-em-goias","status":"publish","type":"post","link":"https:\/\/www.ocorreionews.com.br\/acervo-correio\/?p=247229","title":{"rendered":"Av\u00f4 \u00e9 preso suspeito de estuprar cinco netas em Goi\u00e1s"},"content":{"rendered":"<div id=\"chunk-11fdl\">\n<div class=\"mc-column content-text active-extra-styles \" data-block-type=\"unstyled\" data-block-weight=\"35\" data-block-id=\"3\">\n<p class=\"content-text__container \" data-track-category=\"Link no Texto\" data-track-links=\"\">Um homem de 52 anos foi preso suspeito de estuprar cinco netas, em Valpara\u00edso de Goi\u00e1s, no Entorno do Distrito Federal. Segundo a Pol\u00edcia Civil, as meninas t\u00eam 6, 9, 11, 14 e 15 anos.<\/p>\n<\/div>\n<\/div>\n<div class=\"wall protected-content\">\n<div id=\"chunk-cmu8g\">\n<div class=\"mc-column content-text active-extra-styles\" data-block-type=\"raw\" data-block-weight=\"6\" data-block-id=\"4\">\n<p>&nbsp;<\/p>\n<p>&nbsp;<\/p>\n<\/div>\n<\/div>\n<div id=\"chunk-cen0e\">\n<div class=\"mc-column content-text active-extra-styles \" data-block-type=\"unstyled\" data-block-weight=\"25\" data-block-id=\"5\">\n<p class=\"content-text__container \" data-track-category=\"Link no Texto\" data-track-links=\"\">Como o nome do suspeito n\u00e3o foi divulgado, o <strong>g1 <\/strong>n\u00e3o localizou a defesa dele para se posicionar at\u00e9 a \u00faltima atualiza\u00e7\u00e3o desta reportagem.<\/p>\n<p data-track-category=\"Link no Texto\" data-track-links=\"\">\n<\/div>\n<\/div>\n<div id=\"chunk-6cukl\">\n<div class=\"content-ads content-ads--reveal\" data-block-type=\"ads\" data-block-id=\"8\"><\/div>\n<\/div>\n<div id=\"chunk-1umlm\">\n<div class=\"mc-column content-text active-extra-styles \" data-block-type=\"unstyled\" data-block-weight=\"20\" data-block-id=\"9\">\n<p class=\"content-text__container \" data-track-category=\"Link no Texto\" data-track-links=\"\">A pris\u00e3o aconteceu no s\u00e1bado (29). Conforme a pol\u00edcia, o homem vai responder por estupro e estupro de vulner\u00e1vel.<\/p>\n<p data-track-category=\"Link no Texto\" data-track-links=\"\">\n<\/div>\n<\/div>\n<div id=\"chunk-5ha21\">\n<div class=\"mc-column content-text active-extra-styles \" data-block-type=\"unstyled\" data-block-weight=\"46\" data-block-id=\"10\">\n<p class=\"content-text__container \" data-track-category=\"Link no Texto\" data-track-links=\"\">De acordo com a investiga\u00e7\u00e3o, quando o homem ficava sozinho com as netas, ele praticava \u201catos libidinosos\u201d. Em seguida, dizia para elas que se tratava de uma brincadeira e que n\u00e3o era necess\u00e1rio contar nada para ningu\u00e9m. Ap\u00f3s o crime ser descoberto, ele chegou a fugir.<\/p>\n<div class=\"mc-article-header\"><\/div>\n<div class=\"mc-article-body\">\n<article>\n<div id=\"chunk-bc9mh\">\n<div class=\"row medium-uncollapsed content-media content-photo\" data-block-type=\"backstage-photo\" data-block-id=\"1\">\n<div class=\" mc-column  content-media__container\">\n<div class=\"content-media-container glb-skeleton-box\">\n<figure class=\"content-media-figure\">\n<p><figure style=\"width: 647px\" class=\"wp-caption aligncenter\"><img loading=\"lazy\" decoding=\"async\" class=\"i-amphtml-fill-content i-amphtml-replaced-content\" src=\"https:\/\/s2-g1.glbimg.com\/kE6EwQ0Vg1ZoDuvvlvBJb4gO-9s=\/0x0:1700x1065\/984x0\/smart\/filters:strip_icc()\/i.s3.glbimg.com\/v1\/AUTH_59edd422c0c84a879bd37670ae4f538a\/internal_photos\/bs\/2022\/k\/D\/GmjSDtQQ2IcQiAPlfLWQ\/deam-valparaiso.jpg\" sizes=\"auto, (max-width: 1366px) 648px, 100vw\" srcset=\"https:\/\/s2-g1.glbimg.com\/IAzeIniZc5BYN14IE5mfFnvNYPA=\/0x0:1700x1065\/1000x0\/smart\/filters:strip_icc()\/i.s3.glbimg.com\/v1\/AUTH_59edd422c0c84a879bd37670ae4f538a\/internal_photos\/bs\/2022\/k\/D\/GmjSDtQQ2IcQiAPlfLWQ\/deam-valparaiso.jpg 1000w, https:\/\/s2-g1.glbimg.com\/kE6EwQ0Vg1ZoDuvvlvBJb4gO-9s=\/0x0:1700x1065\/984x0\/smart\/filters:strip_icc()\/i.s3.glbimg.com\/v1\/AUTH_59edd422c0c84a879bd37670ae4f538a\/internal_photos\/bs\/2022\/k\/D\/GmjSDtQQ2IcQiAPlfLWQ\/deam-valparaiso.jpg 984w, https:\/\/s2-g1.glbimg.com\/gHI4ZF-ZnJ81waKjfmnTNEC9eg4=\/0x0:1700x1065\/640x0\/smart\/filters:strip_icc()\/i.s3.glbimg.com\/v1\/AUTH_59edd422c0c84a879bd37670ae4f538a\/internal_photos\/bs\/2022\/k\/D\/GmjSDtQQ2IcQiAPlfLWQ\/deam-valparaiso.jpg 640w, https:\/\/s2-g1.glbimg.com\/O8Z5d_mBvj7JZqKmTrFdQ9QRiB0=\/0x0:1700x1065\/600x0\/smart\/filters:strip_icc()\/i.s3.glbimg.com\/v1\/AUTH_59edd422c0c84a879bd37670ae4f538a\/internal_photos\/bs\/2022\/k\/D\/GmjSDtQQ2IcQiAPlfLWQ\/deam-valparaiso.jpg 600w\" alt=\"Delegacia Especializada no Atendimento \u00e0 Mulher Deam Valpara\u00edso de Goi\u00e1s \u2014 Foto: Reprodu\u00e7\u00e3o\/Pol\u00edcia Civil\" width=\"647\" height=\"405\" \/><figcaption class=\"wp-caption-text\">Delegacia Especializada no Atendimento \u00e0 Mulher Deam Valpara\u00edso de Goi\u00e1s \u2014 Foto: Reprodu\u00e7\u00e3o\/Pol\u00edcia Civil<\/figcaption><\/figure><\/figure>\n<\/div>\n<p class=\"content-media__description  \">\n<\/div>\n<\/div>\n<\/div>\n<\/article>\n<\/div>\n<\/div>\n<\/div>\n<\/div>\n<p>&nbsp;<\/p>\n<p class=\"content-publication-data__from\" title=\"Thauany Melo, g1 Goi\u00e1s\">Por Thauany Melo, g1 Goi\u00e1s<\/p>\n","protected":false},"excerpt":{"rendered":"<p>Um homem de 52 anos foi preso suspeito de estuprar cinco netas, em Valpara\u00edso de Goi\u00e1s, no Entorno do Distrito Federal. Segundo a Pol\u00edcia Civil, as meninas t\u00eam 6, 9, 11, 14 e 15 anos. &nbsp; &nbsp; Como o nome do suspeito n\u00e3o foi divulgado, o g1 n\u00e3o localizou a defesa dele para se posicionar [&hellip;]<\/p>\n","protected":false},"author":5,"featured_media":239241,"comment_status":"closed","ping_status":"closed","sticky":false,"template":"","format":"standard","meta":{"footnotes":""},"categories":[141,38],"tags":[],"class_list":["post-247229","post","type-post","status-publish","format-standard","has-post-thumbnail","hentry","category-goias","category-policia"],"_links":{"self":[{"href":"https:\/\/www.ocorreionews.com.br\/acervo-correio\/index.php?rest_route=\/wp\/v2\/posts\/247229","targetHints":{"allow":["GET"]}}],"collection":[{"href":"https:\/\/www.ocorreionews.com.br\/acervo-correio\/index.php?rest_route=\/wp\/v2\/posts"}],"about":[{"href":"https:\/\/www.ocorreionews.com.br\/acervo-correio\/index.php?rest_route=\/wp\/v2\/types\/post"}],"author":[{"embeddable":true,"href":"https:\/\/www.ocorreionews.com.br\/acervo-correio\/index.php?rest_route=\/wp\/v2\/users\/5"}],"replies":[{"embeddable":true,"href":"https:\/\/www.ocorreionews.com.br\/acervo-correio\/index.php?rest_route=%2Fwp%2Fv2%2Fcomments&post=247229"}],"version-history":[{"count":1,"href":"https:\/\/www.ocorreionews.com.br\/acervo-correio\/index.php?rest_route=\/wp\/v2\/posts\/247229\/revisions"}],"predecessor-version":[{"id":247231,"href":"https:\/\/www.ocorreionews.com.br\/acervo-correio\/index.php?rest_route=\/wp\/v2\/posts\/247229\/revisions\/247231"}],"wp:featuredmedia":[{"embeddable":true,"href":"https:\/\/www.ocorreionews.com.br\/acervo-correio\/index.php?rest_route=\/wp\/v2\/media\/239241"}],"wp:attachment":[{"href":"https:\/\/www.ocorreionews.com.br\/acervo-correio\/index.php?rest_route=%2Fwp%2Fv2%2Fmedia&parent=247229"}],"wp:term":[{"taxonomy":"category","embeddable":true,"href":"https:\/\/www.ocorreionews.com.br\/acervo-correio\/index.php?rest_route=%2Fwp%2Fv2%2Fcategories&post=247229"},{"taxonomy":"post_tag","embeddable":true,"href":"https:\/\/www.ocorreionews.com.br\/acervo-correio\/index.php?rest_route=%2Fwp%2Fv2%2Ftags&post=247229"}],"curies":[{"name":"wp","href":"https:\/\/api.w.org\/{rel}","templated":true}]}}