{"id":247242,"date":"2023-08-01T12:49:19","date_gmt":"2023-08-01T16:49:19","guid":{"rendered":"https:\/\/www.ocorreionews.com.br\/acervo-correio\/?p=247242"},"modified":"2023-08-01T13:34:53","modified_gmt":"2023-08-01T17:34:53","slug":"motorista-perde-o-controle-de-carreta-carregada-de-milho-e-tomba-na-br-060","status":"publish","type":"post","link":"https:\/\/www.ocorreionews.com.br\/acervo-correio\/?p=247242","title":{"rendered":"Motorista perde o controle de carreta carregada de milho e tomba na BR 060"},"content":{"rendered":"<p>No final da manh\u00e3 desta ter\u00e7a-feira(1\u00ba) uma carreta, com placas de Chapad\u00e3o do Sul(MS) carregada com gr\u00e3os de milho, tombou na rodovia BR 060, a cerca de 2 km do per\u00edmetro urbano de Para\u00edso das \u00c1guas, ap\u00f3s o motorista perder o controle do ve\u00edculo.<\/p>\n<p>A Pol\u00edcia Militar e a equipe do PAM (Pronto Atendimento M\u00e9dico) esteve no local prestando atendimento \u00e0 v\u00edtima, que n\u00e3o sofreu ferimentos graves e narrou o que houve para a pol\u00edcia.<\/p>\n<p><img decoding=\"async\" class=\"aligncenter\" src=\"https:\/\/www.bncnoticias.com.br\/arquivos\/noticias\/15857\/galeria\/1d4bdb11-c281-4c77-9032-c83377b76a55.jpg\" \/><\/p>\n<p>De acordo com o motorista, ao passar a ponte do Rio Para\u00edso, o ve\u00edculo balan\u00e7ou fortemente, fazendo com que ele perdesse o controle ao subir o trajeto.<\/p>\n<p>Ele seguia sentido Para\u00edso das \u00c1guas &#8211; Chapad\u00e3o do Sul. A PRF (Pol\u00edcia Rodovi\u00e1ria Federal) de Parana\u00edba (MS) dever\u00e1 comparecer ao local para segmento na ocorr\u00eancia.<\/p>\n<p><img decoding=\"async\" src=\"https:\/\/www.bncnoticias.com.br\/arquivos\/noticias\/15857\/galeria\/98cec5ae-9164-44b6-9c5d-55757b57a667.jpg\" \/><\/p>\n<p><img decoding=\"async\" src=\"https:\/\/www.bncnoticias.com.br\/arquivos\/noticias\/15857\/galeria\/5708f7d8-38fb-4513-a8ed-6590bdcc2492.jpg\" \/><\/p>\n<p><img decoding=\"async\" src=\"https:\/\/www.bncnoticias.com.br\/arquivos\/noticias\/15857\/galeria\/9dc31cbc-8e3b-4bcf-983f-b0661ef086b4.jpg\" \/><\/p>\n<p>BNC Not\u00edcia, Colaborou M\u00e1rcio Rog\u00e9rio<\/p>\n","protected":false},"excerpt":{"rendered":"<p>No final da manh\u00e3 desta ter\u00e7a-feira(1\u00ba) uma carreta, com placas de Chapad\u00e3o do Sul(MS) carregada com gr\u00e3os de milho, tombou na rodovia BR 060, a cerca de 2 km do per\u00edmetro urbano de Para\u00edso das \u00c1guas, ap\u00f3s o motorista perder o controle do ve\u00edculo. A Pol\u00edcia Militar e a equipe do PAM (Pronto Atendimento M\u00e9dico) [&hellip;]<\/p>\n","protected":false},"author":4,"featured_media":247243,"comment_status":"closed","ping_status":"closed","sticky":false,"template":"","format":"standard","meta":{"footnotes":""},"categories":[41,36,38],"tags":[],"class_list":["post-247242","post","type-post","status-publish","format-standard","has-post-thumbnail","hentry","category-destaque","category-paraiso-das-aguas","category-policia"],"_links":{"self":[{"href":"https:\/\/www.ocorreionews.com.br\/acervo-correio\/index.php?rest_route=\/wp\/v2\/posts\/247242","targetHints":{"allow":["GET"]}}],"collection":[{"href":"https:\/\/www.ocorreionews.com.br\/acervo-correio\/index.php?rest_route=\/wp\/v2\/posts"}],"about":[{"href":"https:\/\/www.ocorreionews.com.br\/acervo-correio\/index.php?rest_route=\/wp\/v2\/types\/post"}],"author":[{"embeddable":true,"href":"https:\/\/www.ocorreionews.com.br\/acervo-correio\/index.php?rest_route=\/wp\/v2\/users\/4"}],"replies":[{"embeddable":true,"href":"https:\/\/www.ocorreionews.com.br\/acervo-correio\/index.php?rest_route=%2Fwp%2Fv2%2Fcomments&post=247242"}],"version-history":[{"count":2,"href":"https:\/\/www.ocorreionews.com.br\/acervo-correio\/index.php?rest_route=\/wp\/v2\/posts\/247242\/revisions"}],"predecessor-version":[{"id":247249,"href":"https:\/\/www.ocorreionews.com.br\/acervo-correio\/index.php?rest_route=\/wp\/v2\/posts\/247242\/revisions\/247249"}],"wp:featuredmedia":[{"embeddable":true,"href":"https:\/\/www.ocorreionews.com.br\/acervo-correio\/index.php?rest_route=\/wp\/v2\/media\/247243"}],"wp:attachment":[{"href":"https:\/\/www.ocorreionews.com.br\/acervo-correio\/index.php?rest_route=%2Fwp%2Fv2%2Fmedia&parent=247242"}],"wp:term":[{"taxonomy":"category","embeddable":true,"href":"https:\/\/www.ocorreionews.com.br\/acervo-correio\/index.php?rest_route=%2Fwp%2Fv2%2Fcategories&post=247242"},{"taxonomy":"post_tag","embeddable":true,"href":"https:\/\/www.ocorreionews.com.br\/acervo-correio\/index.php?rest_route=%2Fwp%2Fv2%2Ftags&post=247242"}],"curies":[{"name":"wp","href":"https:\/\/api.w.org\/{rel}","templated":true}]}}