{"id":247245,"date":"2023-08-01T13:17:35","date_gmt":"2023-08-01T17:17:35","guid":{"rendered":"https:\/\/www.ocorreionews.com.br\/acervo-correio\/?p=247245"},"modified":"2023-08-01T15:02:28","modified_gmt":"2023-08-01T19:02:28","slug":"prefeitos-de-alcinopolis-e-figueirao-comemoram-a-conquista-da-ponte-sobre-o-jauru","status":"publish","type":"post","link":"https:\/\/www.ocorreionews.com.br\/acervo-correio\/?p=247245","title":{"rendered":"Prefeitos de Alcin\u00f3polis e Figueir\u00e3o comemoram a conquista da constru\u00e7\u00e3o de uma ponte de concreto sobre o Jaur\u00fa"},"content":{"rendered":"<p>Na tarde de segunda-feira (31), o prefeito de Figueir\u00e3o Juvenal Consolaro acompanhado do assessor de Gabinete Cleiton Cosme e o prefeito de Alcin\u00f3polis Dalmy Cris\u00f3stomo, acompanhado do secret\u00e1rio de Obras Fernando Nicoletti, estiveram na ponte sobre o Rio Jaur\u00fa, que liga as duas cidades, localizada em importante estrada vicinal na divisa dos dois munic\u00edpios.<\/p>\n<p>A ponte de madeira ser\u00e1 substitu\u00edda por uma de concreto armado e ter\u00e1 80 metros de comprimento por seis metros de largura, e o servi\u00e7o ser\u00e1 executado pela empresa Concrelaje Ind\u00fastria de Pr\u00e9-Fabricados de Concreto, com 150 dias de prazo de execu\u00e7\u00e3o.<\/p>\n<p>A constru\u00e7\u00e3o da nova ponte \u00e9 uma obra do Governo do Estado, em parceria com a ent\u00e3o Senadora Tereza Cristina, e o investimento ser\u00e1 de R$ 3.229.745,12.<\/p>\n<p>Esta ponte \u00e9 um importante elo de liga\u00e7\u00e3o entre Figueir\u00e3o e Alcin\u00f3polis, e ir\u00e1 beneficiar ambos os munic\u00edpios, trazendo mais seguran\u00e7a para os usu\u00e1rios, facilitando o acesso dos moradores da regi\u00e3o e criando mais agilidade no escoamento da produ\u00e7\u00e3o.<\/p>\n<p>&nbsp;<\/p>\n<p><iframe loading=\"lazy\" src=\"https:\/\/www.youtube.com\/embed\/Wx-ZWASiYoM\" width=\"380\" height=\"\" allowfullscreen=\"allowfullscreen\" data-mce-fragment=\"1\"><\/iframe><\/p>\n<figure id=\"attachment_247246\" aria-describedby=\"caption-attachment-247246\" style=\"width: 680px\" class=\"wp-caption aligncenter\"><img loading=\"lazy\" decoding=\"async\" class=\"wp-image-247246 size-full\" src=\"https:\/\/www.ocorreionews.com.br\/acervo-correio\/wp-content\/uploads\/2023\/08\/ponte-jauru.jpg\" alt=\"\" width=\"680\" height=\"382\" srcset=\"https:\/\/www.ocorreionews.com.br\/acervo-correio\/wp-content\/uploads\/2023\/08\/ponte-jauru.jpg 680w, https:\/\/www.ocorreionews.com.br\/acervo-correio\/wp-content\/uploads\/2023\/08\/ponte-jauru-300x169.jpg 300w\" sizes=\"auto, (max-width: 680px) 100vw, 680px\" \/><figcaption id=\"caption-attachment-247246\" class=\"wp-caption-text\">Foto: DroNews<\/figcaption><\/figure>\n<p><img loading=\"lazy\" decoding=\"async\" class=\"aligncenter\" src=\"https:\/\/www.figueirao.ms.gov.br\/wp-content\/uploads\/2023\/08\/P-01.jpg.webp\" alt=\"https:\/\/www.figueirao.ms.gov.br\/wp-content\/uploads\/2023\/08\/P-01.jpg.webp\" width=\"704\" height=\"260\" \/><\/p>\n<p>Fonte\/Fotos: PMFigueir\u00e3o\/RubemVasconcellos<\/p>\n<p>&nbsp;<\/p>\n","protected":false},"excerpt":{"rendered":"<p>Na tarde de segunda-feira (31), o prefeito de Figueir\u00e3o Juvenal Consolaro acompanhado do assessor de Gabinete Cleiton Cosme e o prefeito de Alcin\u00f3polis Dalmy Cris\u00f3stomo, acompanhado do secret\u00e1rio de Obras Fernando Nicoletti, estiveram na ponte sobre o Rio Jaur\u00fa, que liga as duas cidades, localizada em importante estrada vicinal na divisa dos dois munic\u00edpios. A [&hellip;]<\/p>\n","protected":false},"author":4,"featured_media":247275,"comment_status":"closed","ping_status":"closed","sticky":false,"template":"","format":"standard","meta":{"footnotes":""},"categories":[18,30],"tags":[],"class_list":["post-247245","post","type-post","status-publish","format-standard","has-post-thumbnail","hentry","category-alcinopolis","category-figueirao"],"_links":{"self":[{"href":"https:\/\/www.ocorreionews.com.br\/acervo-correio\/index.php?rest_route=\/wp\/v2\/posts\/247245","targetHints":{"allow":["GET"]}}],"collection":[{"href":"https:\/\/www.ocorreionews.com.br\/acervo-correio\/index.php?rest_route=\/wp\/v2\/posts"}],"about":[{"href":"https:\/\/www.ocorreionews.com.br\/acervo-correio\/index.php?rest_route=\/wp\/v2\/types\/post"}],"author":[{"embeddable":true,"href":"https:\/\/www.ocorreionews.com.br\/acervo-correio\/index.php?rest_route=\/wp\/v2\/users\/4"}],"replies":[{"embeddable":true,"href":"https:\/\/www.ocorreionews.com.br\/acervo-correio\/index.php?rest_route=%2Fwp%2Fv2%2Fcomments&post=247245"}],"version-history":[{"count":2,"href":"https:\/\/www.ocorreionews.com.br\/acervo-correio\/index.php?rest_route=\/wp\/v2\/posts\/247245\/revisions"}],"predecessor-version":[{"id":247278,"href":"https:\/\/www.ocorreionews.com.br\/acervo-correio\/index.php?rest_route=\/wp\/v2\/posts\/247245\/revisions\/247278"}],"wp:featuredmedia":[{"embeddable":true,"href":"https:\/\/www.ocorreionews.com.br\/acervo-correio\/index.php?rest_route=\/wp\/v2\/media\/247275"}],"wp:attachment":[{"href":"https:\/\/www.ocorreionews.com.br\/acervo-correio\/index.php?rest_route=%2Fwp%2Fv2%2Fmedia&parent=247245"}],"wp:term":[{"taxonomy":"category","embeddable":true,"href":"https:\/\/www.ocorreionews.com.br\/acervo-correio\/index.php?rest_route=%2Fwp%2Fv2%2Fcategories&post=247245"},{"taxonomy":"post_tag","embeddable":true,"href":"https:\/\/www.ocorreionews.com.br\/acervo-correio\/index.php?rest_route=%2Fwp%2Fv2%2Ftags&post=247245"}],"curies":[{"name":"wp","href":"https:\/\/api.w.org\/{rel}","templated":true}]}}