{"id":247248,"date":"2023-08-01T13:40:48","date_gmt":"2023-08-01T17:40:48","guid":{"rendered":"https:\/\/www.ocorreionews.com.br\/acervo-correio\/?p=247248"},"modified":"2023-08-01T13:40:48","modified_gmt":"2023-08-01T17:40:48","slug":"alerta-queimadas-em-chapadao-do-sul-pode-levar-a-multas-e-ate-reclusao-saiba-como-denunciar","status":"publish","type":"post","link":"https:\/\/www.ocorreionews.com.br\/acervo-correio\/?p=247248","title":{"rendered":"ALERTA: Queimadas em Chapad\u00e3o do Sul pode levar a multas e at\u00e9 reclus\u00e3o, saiba como denunciar"},"content":{"rendered":"<p style=\"font-weight: 400;\">Em virtude da chegada do per\u00edodo de estiagem, Prefeitura de Chapad\u00e3o do Sul atrav\u00e9s da Secretaria Municipal de Desenvolvimento Econ\u00f4mico e Meio Ambiente (SEDEMA), alerta a popula\u00e7\u00e3o sobre a proibi\u00e7\u00e3o de queimadas de terrenos e res\u00edduos (lixos) no munic\u00edpio. A medida visa prevenir danos ao meio ambiente e \u00e0 sa\u00fade da popula\u00e7\u00e3o, especialmente de idosos e crian\u00e7as, que s\u00e3o mais vulner\u00e1veis aos problemas respirat\u00f3rios causados pela exposi\u00e7\u00e3o \u00e0 fuma\u00e7a.<\/p>\n<p style=\"font-weight: 400;\">De acordo com a Lei federal n\u00ba 9.605, o uso do fogo em terrenos e a queima de res\u00edduos \u00e9 considerado um crime ambiental, sendo proibido em qualquer \u00e9poca do ano. Al\u00e9m disso, as legisla\u00e7\u00f5es estaduais (Lei Estadual 90\/1980 e Decreto 4.625\/1988) tamb\u00e9m imp\u00f5em san\u00e7\u00f5es severas, como multas e at\u00e9 reclus\u00e3o, com penas que variam de 1 a 4 anos.<\/p>\n<p style=\"font-weight: 400;\">Para assegurar o cumprimento das normas e preservar a integridade do meio ambiente, a Prefeitura de Chapad\u00e3o do Sul informa que os propriet\u00e1rios de terrenos onde ocorram queimadas ser\u00e3o notificados e estar\u00e3o sujeitos \u00e0s penalidades previstas em lei. Portanto, \u00e9 fundamental que a popula\u00e7\u00e3o esteja atenta e colabore no combate a esse tipo de pr\u00e1tica ilegal.<\/p>\n<p style=\"font-weight: 400;\">A SEDEMA destaca ainda que \u00e9 importante evitar o uso do fogo para queimar lixo no fundo dos quintais ou as folhas que caem das \u00e1rvores. Existem alternativas mais seguras e sustent\u00e1veis para o descarte adequado desses materiais, como a coleta regular de lixo e a compostagem de res\u00edduos org\u00e2nicos.<\/p>\n<p style=\"font-weight: 400;\">Ao respeitarmos a proibi\u00e7\u00e3o das queimadas, contribu\u00edmos diretamente para a preserva\u00e7\u00e3o da biodiversidade local, a qualidade do ar que respiramos e a manuten\u00e7\u00e3o de um ambiente saud\u00e1vel para todos os cidad\u00e3os de Chapad\u00e3o do Sul.<\/p>\n<p style=\"font-weight: 400;\">A Prefeitura de Chapad\u00e3o do Sul, por meio da SEDEMA, conta com o apoio da popula\u00e7\u00e3o para garantir que o munic\u00edpio permane\u00e7a protegido dos riscos ambientais e de sa\u00fade provocados pelas queimadas. Juntos, podemos preservar nossa cidade e promover um desenvolvimento sustent\u00e1vel para as futuras gera\u00e7\u00f5es.<\/p>\n<p style=\"font-weight: 400;\">Denuncie pr\u00e1ticas ilegais na Ouvidoria Municipal atrav\u00e9s dos telefones <strong>0800 647 0162<\/strong> ou pelo WhatsApp clicando <a href=\"http:\/\/wa.me\/556799878600\">aqui<\/a> &gt;\u00a0<a href=\"http:\/\/wa.me\/556799878600\">http:\/\/wa.me\/556799878600<\/a>\u00a0ajude-nos a construir um futuro melhor para Chapad\u00e3o do Sul!<\/p>\n<p style=\"font-weight: 400;\">Mais informa\u00e7\u00f5es podem ser obtidas na Secretaria Municipal de Desenvolvimento Econ\u00f4mico e Meio Ambiente, localizada na Avenida Onze, 1045 \u2013 Centro, ou atrav\u00e9s do Departamento de Meio Ambiente pelo telefone 67 3562-5672.<\/p>\n","protected":false},"excerpt":{"rendered":"<p>Em virtude da chegada do per\u00edodo de estiagem, Prefeitura de Chapad\u00e3o do Sul atrav\u00e9s da Secretaria Municipal de Desenvolvimento Econ\u00f4mico e Meio Ambiente (SEDEMA), alerta a popula\u00e7\u00e3o sobre a proibi\u00e7\u00e3o de queimadas de terrenos e res\u00edduos (lixos) no munic\u00edpio. A medida visa prevenir danos ao meio ambiente e \u00e0 sa\u00fade da popula\u00e7\u00e3o, especialmente de idosos [&hellip;]<\/p>\n","protected":false},"author":5,"featured_media":247250,"comment_status":"closed","ping_status":"closed","sticky":false,"template":"","format":"standard","meta":{"footnotes":""},"categories":[23,41],"tags":[],"class_list":["post-247248","post","type-post","status-publish","format-standard","has-post-thumbnail","hentry","category-chapadao-do-sul","category-destaque"],"_links":{"self":[{"href":"https:\/\/www.ocorreionews.com.br\/acervo-correio\/index.php?rest_route=\/wp\/v2\/posts\/247248","targetHints":{"allow":["GET"]}}],"collection":[{"href":"https:\/\/www.ocorreionews.com.br\/acervo-correio\/index.php?rest_route=\/wp\/v2\/posts"}],"about":[{"href":"https:\/\/www.ocorreionews.com.br\/acervo-correio\/index.php?rest_route=\/wp\/v2\/types\/post"}],"author":[{"embeddable":true,"href":"https:\/\/www.ocorreionews.com.br\/acervo-correio\/index.php?rest_route=\/wp\/v2\/users\/5"}],"replies":[{"embeddable":true,"href":"https:\/\/www.ocorreionews.com.br\/acervo-correio\/index.php?rest_route=%2Fwp%2Fv2%2Fcomments&post=247248"}],"version-history":[{"count":1,"href":"https:\/\/www.ocorreionews.com.br\/acervo-correio\/index.php?rest_route=\/wp\/v2\/posts\/247248\/revisions"}],"predecessor-version":[{"id":247251,"href":"https:\/\/www.ocorreionews.com.br\/acervo-correio\/index.php?rest_route=\/wp\/v2\/posts\/247248\/revisions\/247251"}],"wp:featuredmedia":[{"embeddable":true,"href":"https:\/\/www.ocorreionews.com.br\/acervo-correio\/index.php?rest_route=\/wp\/v2\/media\/247250"}],"wp:attachment":[{"href":"https:\/\/www.ocorreionews.com.br\/acervo-correio\/index.php?rest_route=%2Fwp%2Fv2%2Fmedia&parent=247248"}],"wp:term":[{"taxonomy":"category","embeddable":true,"href":"https:\/\/www.ocorreionews.com.br\/acervo-correio\/index.php?rest_route=%2Fwp%2Fv2%2Fcategories&post=247248"},{"taxonomy":"post_tag","embeddable":true,"href":"https:\/\/www.ocorreionews.com.br\/acervo-correio\/index.php?rest_route=%2Fwp%2Fv2%2Ftags&post=247248"}],"curies":[{"name":"wp","href":"https:\/\/api.w.org\/{rel}","templated":true}]}}