{"id":247252,"date":"2023-08-01T10:00:25","date_gmt":"2023-08-01T14:00:25","guid":{"rendered":"https:\/\/www.ocorreionews.com.br\/acervo-correio\/?p=247252"},"modified":"2023-08-01T13:43:44","modified_gmt":"2023-08-01T17:43:44","slug":"dia-mundial-do-aleitamento-materno-em-chapadao-do-sul","status":"publish","type":"post","link":"https:\/\/www.ocorreionews.com.br\/acervo-correio\/?p=247252","title":{"rendered":"Dia Mundial do Aleitamento Materno em Chapad\u00e3o do Sul"},"content":{"rendered":"<p>Dia 1\u00b0 de Agosto a Prefeitura de Chapad\u00e3o do Sul se une ao mundo inteiro para comemorar o Dia Mundial do Aleitamento Materno, uma data de extrema import\u00e2ncia para a sa\u00fade e o bem-estar das m\u00e3es e de seus beb\u00eas. Essa iniciativa visa conscientizar a popula\u00e7\u00e3o sobre a relev\u00e2ncia da amamenta\u00e7\u00e3o exclusiva nos primeiros seis meses de vida do beb\u00ea, assim como sua continuidade at\u00e9, pelo menos, os dois anos de idade, em complemento a outros alimentos.<\/p>\n<p>A amamenta\u00e7\u00e3o \u00e9 uma pr\u00e1tica milenar e uma das melhores formas de fornecer ao beb\u00ea os nutrientes essenciais para o seu crescimento e desenvolvimento. Al\u00e9m de ser um alimento completo, o leite materno possui anticorpos que ajudam a proteger a crian\u00e7a contra infec\u00e7\u00f5es e diversas doen\u00e7as, proporcionando um sistema imunol\u00f3gico mais robusto.<\/p>\n<p>A Prefeitura de Chapad\u00e3o do Sul, por meio da Secretaria de Sa\u00fade, tem investido esfor\u00e7os para promover e apoiar a amamenta\u00e7\u00e3o, oferecendo programas e a\u00e7\u00f5es que visam informar e apoiar as m\u00e3es nessa importante jornada. Dentre as iniciativas desenvolvidas, destacam-se:<\/p>\n<p>1. Aleitamento materno nas primeira horas de vida<\/p>\n<p>2.\u00a0 \u00a0 \u00a0Grupo de gestantes e conscientiza\u00e7\u00e3o sobre a amamenta\u00e7\u00e3o<\/p>\n<p>3. Apoio e acompanhamento p\u00f3s parto atrav\u00e9s da consulta puerperal\u00a0 e de puericultura<\/p>\n<p>Neste Dia Mundial do Aleitamento Materno, a Prefeitura de Chapad\u00e3o do Sul reafirma o seu compromisso em promover a sa\u00fade e o bem-estar de m\u00e3es e beb\u00eas, reconhecendo a import\u00e2ncia vital do aleitamento materno para o desenvolvimento saud\u00e1vel das crian\u00e7as e a cria\u00e7\u00e3o de um futuro mais saud\u00e1vel para a nossa cidade.<\/p>\n<p>Vamos juntos apoiar e incentivar a amamenta\u00e7\u00e3o, pois a escolha de amamentar \u00e9 uma decis\u00e3o que contribui para uma sociedade mais solid\u00e1ria, saud\u00e1vel e feliz!<\/p>\n<p>Prefeitura de Chapad\u00e3o do Sul &#8211; Cuidando do Futuro desde o Primeiro Sorriso!<\/p>\n<p>&nbsp;<\/p>\n<p>*Assecom PMCS<\/p>\n","protected":false},"excerpt":{"rendered":"<p>Dia 1\u00b0 de Agosto a Prefeitura de Chapad\u00e3o do Sul se une ao mundo inteiro para comemorar o Dia Mundial do Aleitamento Materno, uma data de extrema import\u00e2ncia para a sa\u00fade e o bem-estar das m\u00e3es e de seus beb\u00eas. Essa iniciativa visa conscientizar a popula\u00e7\u00e3o sobre a relev\u00e2ncia da amamenta\u00e7\u00e3o exclusiva nos primeiros seis [&hellip;]<\/p>\n","protected":false},"author":5,"featured_media":247253,"comment_status":"closed","ping_status":"closed","sticky":false,"template":"","format":"standard","meta":{"footnotes":""},"categories":[23],"tags":[],"class_list":["post-247252","post","type-post","status-publish","format-standard","has-post-thumbnail","hentry","category-chapadao-do-sul"],"_links":{"self":[{"href":"https:\/\/www.ocorreionews.com.br\/acervo-correio\/index.php?rest_route=\/wp\/v2\/posts\/247252","targetHints":{"allow":["GET"]}}],"collection":[{"href":"https:\/\/www.ocorreionews.com.br\/acervo-correio\/index.php?rest_route=\/wp\/v2\/posts"}],"about":[{"href":"https:\/\/www.ocorreionews.com.br\/acervo-correio\/index.php?rest_route=\/wp\/v2\/types\/post"}],"author":[{"embeddable":true,"href":"https:\/\/www.ocorreionews.com.br\/acervo-correio\/index.php?rest_route=\/wp\/v2\/users\/5"}],"replies":[{"embeddable":true,"href":"https:\/\/www.ocorreionews.com.br\/acervo-correio\/index.php?rest_route=%2Fwp%2Fv2%2Fcomments&post=247252"}],"version-history":[{"count":2,"href":"https:\/\/www.ocorreionews.com.br\/acervo-correio\/index.php?rest_route=\/wp\/v2\/posts\/247252\/revisions"}],"predecessor-version":[{"id":247255,"href":"https:\/\/www.ocorreionews.com.br\/acervo-correio\/index.php?rest_route=\/wp\/v2\/posts\/247252\/revisions\/247255"}],"wp:featuredmedia":[{"embeddable":true,"href":"https:\/\/www.ocorreionews.com.br\/acervo-correio\/index.php?rest_route=\/wp\/v2\/media\/247253"}],"wp:attachment":[{"href":"https:\/\/www.ocorreionews.com.br\/acervo-correio\/index.php?rest_route=%2Fwp%2Fv2%2Fmedia&parent=247252"}],"wp:term":[{"taxonomy":"category","embeddable":true,"href":"https:\/\/www.ocorreionews.com.br\/acervo-correio\/index.php?rest_route=%2Fwp%2Fv2%2Fcategories&post=247252"},{"taxonomy":"post_tag","embeddable":true,"href":"https:\/\/www.ocorreionews.com.br\/acervo-correio\/index.php?rest_route=%2Fwp%2Fv2%2Ftags&post=247252"}],"curies":[{"name":"wp","href":"https:\/\/api.w.org\/{rel}","templated":true}]}}