{"id":247257,"date":"2023-08-01T14:57:04","date_gmt":"2023-08-01T18:57:04","guid":{"rendered":"https:\/\/www.ocorreionews.com.br\/acervo-correio\/?p=247257"},"modified":"2023-08-01T14:57:04","modified_gmt":"2023-08-01T18:57:04","slug":"ms-day-mostra-potencialidades-e-ambiente-de-negocios-favoravel-em-ms-diz-paulo-correa","status":"publish","type":"post","link":"https:\/\/www.ocorreionews.com.br\/acervo-correio\/?p=247257","title":{"rendered":"\u201cMS Day\u201d mostra potencialidades e ambiente de neg\u00f3cios favor\u00e1vel em MS, diz Paulo Corr\u00eaa"},"content":{"rendered":"<p>Mato Grosso do Sul \u00e9 o centro de uma rodada de neg\u00f3cios que acontece nesta ter\u00e7a-feira (1\u00ba), na sede da CNI (Confedera\u00e7\u00e3o Nacional da Ind\u00fastria), em S\u00e3o Paulo.<\/p>\n<p>O evento, na avalia\u00e7\u00e3o do deputado estadual Paulo Corr\u00eaa (PSDB), \u00e9 uma excelente oportunidade para mostrar as potencialidades, o ambiente de neg\u00f3cios favor\u00e1vel e atrair investimentos privados para o Estado.<\/p>\n<p>\u201cMato Grosso do Sul \u00e9 um Estado que vem crescendo a passos largos, com in\u00fameras possibilidades de investimentos nas mais variadas \u00e1reas, e o MS Day \u00e9 uma excelente oportunidade para mostrar ao Brasil nossas potencialidades, aproveitando, \u00e9 claro, esse ambiente de neg\u00f3cios favor\u00e1vel que foi constru\u00eddo ao longo dos anos\u201d, destaca.<\/p>\n<p>O 1\u00ba secret\u00e1rio da Assembleia Legislativa tem demonstrado preocupa\u00e7\u00e3o com as poss\u00edveis perdas de arrecada\u00e7\u00e3o que a reforma tribut\u00e1ria pode representar ao Estado, com a cobran\u00e7a do \u201cnovo ICMS\u201d no destino [das mercadorias] e n\u00e3o na origem [onde ela \u00e9 produzida], al\u00e9m do fim dos incentivos fiscais, mecanismos que concedem benef\u00edcios tribut\u00e1rios para empresas que se instalam em Mato Grosso do Sul.<\/p>\n<p>\u201cTemos a pol\u00edtica de incentivos fiscais mais moderna do pa\u00eds, aprovada por n\u00f3s aqui na Assembleia Legislativa, que nos tornaram o Estado que mais cresce no Brasil, gerando cada vez mais emprego e renda para a popula\u00e7\u00e3o\u201d, lembra. \u201cEsperamos que o Senado Federal, diferente da C\u00e2mara dos Deputados, fa\u00e7a uma discuss\u00e3o s\u00e9ria e t\u00e9cnica sobre esse assunto\u201d, afirma.<\/p>\n<p>Conforme o governador Eduardo Riedel, o objetivo do MS Day \u201c\u00e9 trazer Mato Grosso do Sul para o centro econ\u00f4mico e financeiro do pa\u00eds, fazer contato direto com as empresas, mostrar nossas condi\u00e7\u00f5es de dar competitividade a elas, com o \u00fanico objetivo de gerar emprego e renda para as pessoas e desenvolvimento econ\u00f4mico para a sociedade\u201d, pontua.<\/p>\n<p>MS Day \u2013 A programa\u00e7\u00e3o do evento acontece ao longo do dia, na sede da CNI, em S\u00e3o Paulo, com a participa\u00e7\u00e3o de representantes de diversos segmentos econ\u00f4micos, como institui\u00e7\u00f5es financeiras, gestores de fundos de investimentos, produtores rurais, fabricantes de maquin\u00e1rios, industri\u00e1rios, entre outros.<\/p>\n<p>\u00c0s 20h, o governador Eduardo Riedel se re\u00fane com CEO\u2019s de 100 grandes grupos para apresentar a eles Mato Grosso do Sul.<\/p>\n","protected":false},"excerpt":{"rendered":"<p>Mato Grosso do Sul \u00e9 o centro de uma rodada de neg\u00f3cios que acontece nesta ter\u00e7a-feira (1\u00ba), na sede da CNI (Confedera\u00e7\u00e3o Nacional da Ind\u00fastria), em S\u00e3o Paulo. O evento, na avalia\u00e7\u00e3o do deputado estadual Paulo Corr\u00eaa (PSDB), \u00e9 uma excelente oportunidade para mostrar as potencialidades, o ambiente de neg\u00f3cios favor\u00e1vel e atrair investimentos privados [&hellip;]<\/p>\n","protected":false},"author":4,"featured_media":240949,"comment_status":"closed","ping_status":"closed","sticky":false,"template":"","format":"standard","meta":{"footnotes":""},"categories":[37],"tags":[],"class_list":["post-247257","post","type-post","status-publish","format-standard","has-post-thumbnail","hentry","category-politica"],"_links":{"self":[{"href":"https:\/\/www.ocorreionews.com.br\/acervo-correio\/index.php?rest_route=\/wp\/v2\/posts\/247257","targetHints":{"allow":["GET"]}}],"collection":[{"href":"https:\/\/www.ocorreionews.com.br\/acervo-correio\/index.php?rest_route=\/wp\/v2\/posts"}],"about":[{"href":"https:\/\/www.ocorreionews.com.br\/acervo-correio\/index.php?rest_route=\/wp\/v2\/types\/post"}],"author":[{"embeddable":true,"href":"https:\/\/www.ocorreionews.com.br\/acervo-correio\/index.php?rest_route=\/wp\/v2\/users\/4"}],"replies":[{"embeddable":true,"href":"https:\/\/www.ocorreionews.com.br\/acervo-correio\/index.php?rest_route=%2Fwp%2Fv2%2Fcomments&post=247257"}],"version-history":[{"count":1,"href":"https:\/\/www.ocorreionews.com.br\/acervo-correio\/index.php?rest_route=\/wp\/v2\/posts\/247257\/revisions"}],"predecessor-version":[{"id":247274,"href":"https:\/\/www.ocorreionews.com.br\/acervo-correio\/index.php?rest_route=\/wp\/v2\/posts\/247257\/revisions\/247274"}],"wp:featuredmedia":[{"embeddable":true,"href":"https:\/\/www.ocorreionews.com.br\/acervo-correio\/index.php?rest_route=\/wp\/v2\/media\/240949"}],"wp:attachment":[{"href":"https:\/\/www.ocorreionews.com.br\/acervo-correio\/index.php?rest_route=%2Fwp%2Fv2%2Fmedia&parent=247257"}],"wp:term":[{"taxonomy":"category","embeddable":true,"href":"https:\/\/www.ocorreionews.com.br\/acervo-correio\/index.php?rest_route=%2Fwp%2Fv2%2Fcategories&post=247257"},{"taxonomy":"post_tag","embeddable":true,"href":"https:\/\/www.ocorreionews.com.br\/acervo-correio\/index.php?rest_route=%2Fwp%2Fv2%2Ftags&post=247257"}],"curies":[{"name":"wp","href":"https:\/\/api.w.org\/{rel}","templated":true}]}}