{"id":247266,"date":"2023-08-01T14:48:10","date_gmt":"2023-08-01T18:48:10","guid":{"rendered":"https:\/\/www.ocorreionews.com.br\/acervo-correio\/?p=247266"},"modified":"2023-08-01T14:48:57","modified_gmt":"2023-08-01T18:48:57","slug":"prefeitura-entrega-a-7a-casa-do-programa-moradias-precarias-em-costa-rica","status":"publish","type":"post","link":"https:\/\/www.ocorreionews.com.br\/acervo-correio\/?p=247266","title":{"rendered":"Prefeitura entrega a 7\u00aa casa do Programa Moradias Prec\u00e1rias em Costa Rica"},"content":{"rendered":"<div class=\"ntc_cont_descricao_noticia sw_txteditor\">\n<p>Nesta ter\u00e7a-feira (1\u00ba), a Prefeitura de Costa Rica, por meio da Secretaria de Assist\u00eancia Social e o Governo do Estado entregaram a 7\u00aa casa do Programa Moradias Prec\u00e1rias. A iniciativa, substitu\u00ed casas de madeira por alvenaria numa coopera\u00e7\u00e3o m\u00fatua para ajudar as pessoas a realizarem o sonho da casa pr\u00f3pria.<\/p>\n<p>O prefeito, delegado Cleverson Alves dos Santos ressaltou a import\u00e2ncia do Programa Moradias Prec\u00e1rias para a cidade de Costa Rica. Segundo ele, a iniciativa tem transformado a vida de muitas fam\u00edlias e contribu\u00eddo para a melhoria da qualidade de vida da popula\u00e7\u00e3o.<\/p>\n<p>&#8220;A entrega desta 7\u00aa casa \u00e9 motivo de grande alegria para todos n\u00f3s. Estamos trabalhando incansavelmente para proporcionar moradias dignas e confort\u00e1veis para as fam\u00edlias de Costa Rica. Essa parceria com o Governo do Estado e com apoio dos Vereadores tem sido fundamental para o sucesso do programa&#8221;, afirmou o prefeito.<img loading=\"lazy\" decoding=\"async\" class=\"imgcentraliza aligncenter\" src=\"https:\/\/www.costarica.ms.gov.br\/fotos\/bdf5dd94aa70a2d25999230c94b4fa82.jpg\" alt=\"Foto Noticia Principal Grande\" width=\"597\" height=\"448\" \/><\/p>\n<\/div>\n<div class=\"ntc_cont_descricao_noticia sw_txteditor\">\n<p>&nbsp;<\/p>\n<p>A casa entregue para a aposentada Darcy Barbosa de Souza \u00e9 mais uma das 14 moradias que ser\u00e3o constru\u00eddas ao longo do programa. A casa possui um bom espa\u00e7o, com 42,56 metros quadrados de \u00e1rea constru\u00edda, proporcionando conforto e seguran\u00e7a para a moradora, custou R$ 71,2 mil e est\u00e1 localizada \u00e0 Rua Prudente de Moraes, 184, na \u00e1rea central da cidade.<\/p>\n<p>A secret\u00e1ria de Assist\u00eancia Social, Evair Gomes Nogueira, tamb\u00e9m destacou a import\u00e2ncia do programa e o papel da Prefeitura de Costa Rica no processo de constru\u00e7\u00e3o das casas. Segundo ela, al\u00e9m de oferecer moradia, o programa tamb\u00e9m promove a inclus\u00e3o social e o desenvolvimento sustent\u00e1vel.<\/p>\n<p>&#8220;O Programa Moradias Prec\u00e1rias vai al\u00e9m de construir casas, ele promove a inclus\u00e3o social, oferece condi\u00e7\u00f5es dignas de moradia e contribui para o desenvolvimento sustent\u00e1vel de nossa cidade. Estamos muito felizes em entregar mais uma casa e ver a felicidade estampada no rosto da dona Darcy&#8221;, afirmou a secret\u00e1ria.<\/p>\n<p>O Programa Moradias Prec\u00e1rias tem como objetivo principal promover a melhoria das condi\u00e7\u00f5es de vida das fam\u00edlias em situa\u00e7\u00e3o de vulnerabilidade social, que vivem em moradias prec\u00e1rias e inadequadas. Atrav\u00e9s dessa iniciativa, a Prefeitura costarriquense e o Governo do Estado trabalham em conjunto para garantir o direito b\u00e1sico de moradia digna a essas pessoas.<\/p>\n<p>O programa conta com incentivos do Governo do Estado, atrav\u00e9s da AGEHAB (Ag\u00eancia de Habita\u00e7\u00e3o Popular de Mato Grosso do Sul) e tamb\u00e9m com recursos pr\u00f3prios do Munic\u00edpio. O total do conv\u00eanio \u00e9 de R$ 1.096.422,34. Cada ente custeia 50% de cada unidade habitacional.<\/p>\n<p>Durante a entrega da casa, a aposentada Darcy Barbosa de Souza chorou de emo\u00e7\u00e3o e expressou sua gratid\u00e3o pelo programa e pela conquista da nova casa. Ela relatou as dificuldades que enfrentava morando em uma casa de madeira desconfort\u00e1vel e como essa nova moradia ir\u00e1 proporcionar uma vida melhor para ela e sua fam\u00edlia.<\/p>\n<p>&#8220;Estou muito emocionada com essa conquista. Essa casa representa um novo recome\u00e7o para mim. Agrade\u00e7o \u00e0 Prefeitura e ao Governo do Estado por me proporcionarem essa oportunidade. Agora poderei viver com mais dignidade e conforto&#8221;, declarou Darcy.<\/p>\n<p>Com essa iniciativa, a Prefeitura de Costa Rica e o Governo do Estado reafirmaram o compromisso de continuar trabalhando em parceria para construir mais casas e melhorar a vida de mais fam\u00edlias que vivem em condi\u00e7\u00f5es prec\u00e1rias. O Programa Moradias Prec\u00e1rias \u00e9 um exemplo de como a coopera\u00e7\u00e3o m\u00fatua entre os governos pode trazer benef\u00edcios concretos para a popula\u00e7\u00e3o.<\/p>\n<p><img loading=\"lazy\" decoding=\"async\" class=\"imgcentraliza aligncenter\" src=\"https:\/\/www.costarica.ms.gov.br\/fotos\/c0f022c6841fdd85feccd3f81b042228.jpg\" alt=\"Foto Noticia Principal Grande\" width=\"600\" height=\"450\" \/><\/p>\n<p>Tamb\u00e9m estiveram presentes a a\u00e7\u00e3o, os secret\u00e1rios municipais &#8211; de Educa\u00e7\u00e3o, Maria Aparecida Francisca de Souza Almeida; de Sa\u00fade, Jovenaldo Francisco dos Santos; de Transportes, Urbaniza\u00e7\u00e3o e Obras P\u00fablicas, Penides Garcia Jacinto; e de Agricultura e Desenvolvimento, Fernando Barbosa Martins. O presidente da C\u00e2mara de Vereadores, Ailton Martins de Amorim; a 2\u00aa secret\u00e1ria, prof.\u00aa mestre Manuelina Martins da Silva Arantes Cabral e o edil, Evaldo Paulino Garcia, entre outros.<\/p>\n<\/div>\n<div class=\"ntc_cont_descricao_noticia sw_txteditor\">\n<figure style=\"width: 600px\" class=\"wp-caption aligncenter\"><img loading=\"lazy\" decoding=\"async\" class=\"imgcentraliza\" src=\"https:\/\/www.costarica.ms.gov.br\/fotos\/1802122cef483b1acecdeef90b05db99.jpg\" alt=\"Foto Noticia Principal Grande\" width=\"600\" height=\"450\" \/><figcaption class=\"wp-caption-text\">Antes<\/figcaption><\/figure>\n<figure style=\"width: 601px\" class=\"wp-caption aligncenter\"><img loading=\"lazy\" decoding=\"async\" class=\"imgcentraliza\" src=\"https:\/\/www.costarica.ms.gov.br\/fotos\/59ecca5597f34ae7d1775ddacde4d75b.jpg\" alt=\"Foto Noticia Principal Grande\" width=\"601\" height=\"451\" \/><figcaption class=\"wp-caption-text\">Depois<\/figcaption><\/figure>\n<\/div>\n<div class=\"ntc_area_info_noticia sw_lato\">\n<div>\n<div class=\"ntc_info_noticia\"><strong class=\"sw_lato_black\">Fonte: <\/strong>Assessoria de Comunica\u00e7\u00e3o \/ PMCR &#8211; <strong class=\"sw_lato_black\">\u00a0<\/strong>Silvestre de Castro<\/div>\n<\/div>\n<\/div>\n","protected":false},"excerpt":{"rendered":"<p>Nesta ter\u00e7a-feira (1\u00ba), a Prefeitura de Costa Rica, por meio da Secretaria de Assist\u00eancia Social e o Governo do Estado entregaram a 7\u00aa casa do Programa Moradias Prec\u00e1rias. A iniciativa, substitu\u00ed casas de madeira por alvenaria numa coopera\u00e7\u00e3o m\u00fatua para ajudar as pessoas a realizarem o sonho da casa pr\u00f3pria. O prefeito, delegado Cleverson Alves [&hellip;]<\/p>\n","protected":false},"author":5,"featured_media":247267,"comment_status":"closed","ping_status":"closed","sticky":false,"template":"","format":"standard","meta":{"footnotes":""},"categories":[25],"tags":[],"class_list":["post-247266","post","type-post","status-publish","format-standard","has-post-thumbnail","hentry","category-costa-rica"],"_links":{"self":[{"href":"https:\/\/www.ocorreionews.com.br\/acervo-correio\/index.php?rest_route=\/wp\/v2\/posts\/247266","targetHints":{"allow":["GET"]}}],"collection":[{"href":"https:\/\/www.ocorreionews.com.br\/acervo-correio\/index.php?rest_route=\/wp\/v2\/posts"}],"about":[{"href":"https:\/\/www.ocorreionews.com.br\/acervo-correio\/index.php?rest_route=\/wp\/v2\/types\/post"}],"author":[{"embeddable":true,"href":"https:\/\/www.ocorreionews.com.br\/acervo-correio\/index.php?rest_route=\/wp\/v2\/users\/5"}],"replies":[{"embeddable":true,"href":"https:\/\/www.ocorreionews.com.br\/acervo-correio\/index.php?rest_route=%2Fwp%2Fv2%2Fcomments&post=247266"}],"version-history":[{"count":2,"href":"https:\/\/www.ocorreionews.com.br\/acervo-correio\/index.php?rest_route=\/wp\/v2\/posts\/247266\/revisions"}],"predecessor-version":[{"id":247269,"href":"https:\/\/www.ocorreionews.com.br\/acervo-correio\/index.php?rest_route=\/wp\/v2\/posts\/247266\/revisions\/247269"}],"wp:featuredmedia":[{"embeddable":true,"href":"https:\/\/www.ocorreionews.com.br\/acervo-correio\/index.php?rest_route=\/wp\/v2\/media\/247267"}],"wp:attachment":[{"href":"https:\/\/www.ocorreionews.com.br\/acervo-correio\/index.php?rest_route=%2Fwp%2Fv2%2Fmedia&parent=247266"}],"wp:term":[{"taxonomy":"category","embeddable":true,"href":"https:\/\/www.ocorreionews.com.br\/acervo-correio\/index.php?rest_route=%2Fwp%2Fv2%2Fcategories&post=247266"},{"taxonomy":"post_tag","embeddable":true,"href":"https:\/\/www.ocorreionews.com.br\/acervo-correio\/index.php?rest_route=%2Fwp%2Fv2%2Ftags&post=247266"}],"curies":[{"name":"wp","href":"https:\/\/api.w.org\/{rel}","templated":true}]}}