{"id":247270,"date":"2023-08-01T12:49:54","date_gmt":"2023-08-01T16:49:54","guid":{"rendered":"https:\/\/www.ocorreionews.com.br\/acervo-correio\/?p=247270"},"modified":"2023-08-01T14:54:05","modified_gmt":"2023-08-01T18:54:05","slug":"servico-de-previdencia-de-costa-rica-anuncia-concurso-publico-para-novas-contratacoes","status":"publish","type":"post","link":"https:\/\/www.ocorreionews.com.br\/acervo-correio\/?p=247270","title":{"rendered":"Servi\u00e7o de Previd\u00eancia de Costa Rica anuncia concurso p\u00fablico para novas contrata\u00e7\u00f5es"},"content":{"rendered":"<div class=\"ntc_cont_descricao_noticia sw_txteditor\">A autarquia previdenci\u00e1ria, Servi\u00e7o de Previd\u00eancia do Munic\u00edpio de Costa Rica (SPMCR), lan\u00e7ou um concurso p\u00fablico para o provimento de vagas efetivas. O edital n\u00ba 001\/2023 foi publicado no Di\u00e1rio Oficial Online, edi\u00e7\u00e3o n\u00ba <a href=\"https:\/\/www.costarica.ms.gov.br\/portal\/diario-oficial\/ver\/3653\">3.509<\/a>, na \u00faltima segunda-feira (31).<\/p>\n<p>As inscri\u00e7\u00f5es para o concurso come\u00e7am no dia 7 de agosto e est\u00e3o dispon\u00edveis 01 vaga para Contador, 01 vaga para Assistente Administrativo e 01 vaga para Agente Administrativo. Os sal\u00e1rios oferecidos s\u00e3o atrativos e compat\u00edveis com a remunera\u00e7\u00e3o do Poder Executivo Municipal.<\/p>\n<p>O concurso ser\u00e1 conduzido pela SIGMA Assessoria e ser\u00e1 dividido em tr\u00eas etapas. A primeira etapa consiste em provas escritas objetivas de m\u00faltipla escolha para todos os cargos. A segunda etapa ser\u00e1 uma prova pr\u00e1tica para os cargos de Assistente Administrativo e Agente Administrativo. J\u00e1 a terceira etapa ser\u00e1 a avalia\u00e7\u00e3o dos t\u00edtulos para todos os candidatos aprovados nas etapas anteriores.<\/p>\n<p>As provas escritas objetivas est\u00e3o programadas para o dia 24 de setembro, em um local a ser definido posteriormente por meio de edital.<\/p>\n<p>Para participar do concurso, al\u00e9m de possuir os requisitos de escolaridade exigidos, o candidato dever\u00e1 preencher o formul\u00e1rio de inscri\u00e7\u00e3o que estar\u00e1 dispon\u00edvel no site <a href=\"http:\/\/concursos.sigmams.com.br\/\">http:\/\/concursos.sigmams.com.br\/<\/a> ou <a href=\"https:\/\/prevcostarica.ms.gov.br\/\">https:\/\/prevcostarica.ms.gov.br\/<\/a> durante o per\u00edodo de inscri\u00e7\u00e3o, que ser\u00e1 das 00h00 do dia 7 de agosto de 2023 at\u00e9 \u00e0s 23h59min do dia 20 de agosto de 2023. Al\u00e9m disso, o interessado dever\u00e1 pagar uma taxa de inscri\u00e7\u00e3o no valor de R$ 75,00, R$ 85,00 ou R$ 120,00, dependendo do cargo escolhido.<\/p>\n<p>O diretor-presidente do SPMCR, Geandro Almeida, ressaltou a import\u00e2ncia desse momento para a autarquia e para os interessados em participar do concurso. Ele destacou que a publica\u00e7\u00e3o do edital \u00e9 fundamental para a moderniza\u00e7\u00e3o do SPMCR e ressaltou a busca por profissionais capacitados e comprometidos em garantir a seguran\u00e7a previdenci\u00e1ria aos segurados.<\/p>\n<p>O diretor de benef\u00edcios, Deocl\u00e9cio Paes, afirmou que o lan\u00e7amento do edital marca um novo cap\u00edtulo na hist\u00f3ria do SPMCR, representando um per\u00edodo de renova\u00e7\u00e3o e desenvolvimento da institui\u00e7\u00e3o. Ele ressaltou que os candidatos t\u00eam uma oportunidade \u00fanica para investir em suas carreiras e conquistar a estabilidade e o reconhecimento do servi\u00e7o p\u00fablico.<\/p>\n<p>Por fim, a Comiss\u00e3o de Concurso P\u00fablico orienta os interessados a lerem minuciosamente o Edital n\u00ba 001\/2023, que est\u00e1 dispon\u00edvel nos seguintes endere\u00e7os eletr\u00f4nicos: <a href=\"http:\/\/concursos.sigmams.com.br\/\">http:\/\/concursos.sigmams.com.br\/<\/a> ou <a href=\"https:\/\/prevcostarica.ms.gov.br\/\">https:\/\/prevcostarica.ms.gov.br\/<\/a>.<\/p>\n<\/div>\n<div class=\"ntc_area_info_noticia sw_lato\">\n<div>\n<div class=\"ntc_info_noticia\"><strong class=\"sw_lato_black\">Fonte: <\/strong>Assessoria de Comunica\u00e7\u00e3o \/ PMCR, <strong class=\"sw_lato_black\">\u00a0<\/strong>Silvestre de Castro<\/div>\n<\/div>\n<\/div>\n","protected":false},"excerpt":{"rendered":"<p>A autarquia previdenci\u00e1ria, Servi\u00e7o de Previd\u00eancia do Munic\u00edpio de Costa Rica (SPMCR), lan\u00e7ou um concurso p\u00fablico para o provimento de vagas efetivas. O edital n\u00ba 001\/2023 foi publicado no Di\u00e1rio Oficial Online, edi\u00e7\u00e3o n\u00ba 3.509, na \u00faltima segunda-feira (31). As inscri\u00e7\u00f5es para o concurso come\u00e7am no dia 7 de agosto e est\u00e3o dispon\u00edveis 01 vaga [&hellip;]<\/p>\n","protected":false},"author":5,"featured_media":247271,"comment_status":"closed","ping_status":"closed","sticky":false,"template":"","format":"standard","meta":{"footnotes":""},"categories":[25],"tags":[],"class_list":["post-247270","post","type-post","status-publish","format-standard","has-post-thumbnail","hentry","category-costa-rica"],"_links":{"self":[{"href":"https:\/\/www.ocorreionews.com.br\/acervo-correio\/index.php?rest_route=\/wp\/v2\/posts\/247270","targetHints":{"allow":["GET"]}}],"collection":[{"href":"https:\/\/www.ocorreionews.com.br\/acervo-correio\/index.php?rest_route=\/wp\/v2\/posts"}],"about":[{"href":"https:\/\/www.ocorreionews.com.br\/acervo-correio\/index.php?rest_route=\/wp\/v2\/types\/post"}],"author":[{"embeddable":true,"href":"https:\/\/www.ocorreionews.com.br\/acervo-correio\/index.php?rest_route=\/wp\/v2\/users\/5"}],"replies":[{"embeddable":true,"href":"https:\/\/www.ocorreionews.com.br\/acervo-correio\/index.php?rest_route=%2Fwp%2Fv2%2Fcomments&post=247270"}],"version-history":[{"count":1,"href":"https:\/\/www.ocorreionews.com.br\/acervo-correio\/index.php?rest_route=\/wp\/v2\/posts\/247270\/revisions"}],"predecessor-version":[{"id":247272,"href":"https:\/\/www.ocorreionews.com.br\/acervo-correio\/index.php?rest_route=\/wp\/v2\/posts\/247270\/revisions\/247272"}],"wp:featuredmedia":[{"embeddable":true,"href":"https:\/\/www.ocorreionews.com.br\/acervo-correio\/index.php?rest_route=\/wp\/v2\/media\/247271"}],"wp:attachment":[{"href":"https:\/\/www.ocorreionews.com.br\/acervo-correio\/index.php?rest_route=%2Fwp%2Fv2%2Fmedia&parent=247270"}],"wp:term":[{"taxonomy":"category","embeddable":true,"href":"https:\/\/www.ocorreionews.com.br\/acervo-correio\/index.php?rest_route=%2Fwp%2Fv2%2Fcategories&post=247270"},{"taxonomy":"post_tag","embeddable":true,"href":"https:\/\/www.ocorreionews.com.br\/acervo-correio\/index.php?rest_route=%2Fwp%2Fv2%2Ftags&post=247270"}],"curies":[{"name":"wp","href":"https:\/\/api.w.org\/{rel}","templated":true}]}}