{"id":247273,"date":"2023-08-01T15:17:00","date_gmt":"2023-08-01T19:17:00","guid":{"rendered":"https:\/\/www.ocorreionews.com.br\/acervo-correio\/?p=247273"},"modified":"2023-08-01T15:30:15","modified_gmt":"2023-08-01T19:30:15","slug":"aulas-da-rede-estadual-de-ensino-de-ms-retornam-nesta-quarta-feira-2","status":"publish","type":"post","link":"https:\/\/www.ocorreionews.com.br\/acervo-correio\/?p=247273","title":{"rendered":"Aulas da Rede Estadual de Ensino de MS retornam nesta quarta-feira (2)"},"content":{"rendered":"<p class=\"Texto\">Cerca de 185 mil estudantes devem retornar \u00e0s salas de aula nesta quarta-feira (2), nas 348 escolas da REE (Rede Estadual de Ensino) em Mato Grosso do Sul.<\/p>\n<p class=\"Texto\">De acordo com o Calend\u00e1rio Escolar deste ano, o terceiro bimestre teve in\u00edcio nesta ter\u00e7a-feira (1\u00ba), com o retorno dos docentes e coordenadores que participar\u00e3o de uma jornada pedag\u00f3gica para alinhar a\u00e7\u00f5es do segundo semestre letivo.<\/p>\n<p class=\"Texto\">Conforme disposto no Di\u00e1rio Oficial do Estado (DOE), p\u00e1ginas 12 a 18 da edi\u00e7\u00e3o n. 11.056 de 24 de janeiro de 2023, neste ano, haver\u00e1 200 dias letivos, com 11 s\u00e1bados de atividades, al\u00e9m de quatro dias para a realiza\u00e7\u00e3o de Exames Finais e, ainda, um dia para a realiza\u00e7\u00e3o de Conselho de Classe Final.<\/p>\n<p class=\"Texto\">O encerramento das aulas est\u00e1 marcado para 15 de dezembro.<\/p>\n<p class=\"Texto\">Texto: <i>Tha\u00eds Davis<\/i>, <i>SED\u00a0<\/i><\/p>\n","protected":false},"excerpt":{"rendered":"<p>Cerca de 185 mil estudantes devem retornar \u00e0s salas de aula nesta quarta-feira (2), nas 348 escolas da REE (Rede Estadual de Ensino) em Mato Grosso do Sul. De acordo com o Calend\u00e1rio Escolar deste ano, o terceiro bimestre teve in\u00edcio nesta ter\u00e7a-feira (1\u00ba), com o retorno dos docentes e coordenadores que participar\u00e3o de uma [&hellip;]<\/p>\n","protected":false},"author":5,"featured_media":136540,"comment_status":"closed","ping_status":"closed","sticky":false,"template":"","format":"standard","meta":{"footnotes":""},"categories":[27],"tags":[],"class_list":["post-247273","post","type-post","status-publish","format-standard","has-post-thumbnail","hentry","category-educacao"],"_links":{"self":[{"href":"https:\/\/www.ocorreionews.com.br\/acervo-correio\/index.php?rest_route=\/wp\/v2\/posts\/247273","targetHints":{"allow":["GET"]}}],"collection":[{"href":"https:\/\/www.ocorreionews.com.br\/acervo-correio\/index.php?rest_route=\/wp\/v2\/posts"}],"about":[{"href":"https:\/\/www.ocorreionews.com.br\/acervo-correio\/index.php?rest_route=\/wp\/v2\/types\/post"}],"author":[{"embeddable":true,"href":"https:\/\/www.ocorreionews.com.br\/acervo-correio\/index.php?rest_route=\/wp\/v2\/users\/5"}],"replies":[{"embeddable":true,"href":"https:\/\/www.ocorreionews.com.br\/acervo-correio\/index.php?rest_route=%2Fwp%2Fv2%2Fcomments&post=247273"}],"version-history":[{"count":2,"href":"https:\/\/www.ocorreionews.com.br\/acervo-correio\/index.php?rest_route=\/wp\/v2\/posts\/247273\/revisions"}],"predecessor-version":[{"id":247284,"href":"https:\/\/www.ocorreionews.com.br\/acervo-correio\/index.php?rest_route=\/wp\/v2\/posts\/247273\/revisions\/247284"}],"wp:featuredmedia":[{"embeddable":true,"href":"https:\/\/www.ocorreionews.com.br\/acervo-correio\/index.php?rest_route=\/wp\/v2\/media\/136540"}],"wp:attachment":[{"href":"https:\/\/www.ocorreionews.com.br\/acervo-correio\/index.php?rest_route=%2Fwp%2Fv2%2Fmedia&parent=247273"}],"wp:term":[{"taxonomy":"category","embeddable":true,"href":"https:\/\/www.ocorreionews.com.br\/acervo-correio\/index.php?rest_route=%2Fwp%2Fv2%2Fcategories&post=247273"},{"taxonomy":"post_tag","embeddable":true,"href":"https:\/\/www.ocorreionews.com.br\/acervo-correio\/index.php?rest_route=%2Fwp%2Fv2%2Ftags&post=247273"}],"curies":[{"name":"wp","href":"https:\/\/api.w.org\/{rel}","templated":true}]}}