{"id":247285,"date":"2023-08-01T16:20:57","date_gmt":"2023-08-01T20:20:57","guid":{"rendered":"https:\/\/www.ocorreionews.com.br\/acervo-correio\/?p=247285"},"modified":"2023-08-01T16:20:57","modified_gmt":"2023-08-01T20:20:57","slug":"mulher-de-pecuarista-morreu-com-seu-filho-em-queda-de-aviao-morre-horas-apos-o-sepultamento-deles","status":"publish","type":"post","link":"https:\/\/www.ocorreionews.com.br\/acervo-correio\/?p=247285","title":{"rendered":"Mulher de pecuarista morreu com seu filho em queda de avi\u00e3o morre horas ap\u00f3s o sepultamento deles"},"content":{"rendered":"<div id=\"chunk-fj154\">\n<div class=\"mc-column content-text active-extra-styles \" data-block-type=\"unstyled\" data-block-weight=\"31\" data-block-id=\"3\">\n<p class=\"content-text__container \" data-track-category=\"Link no Texto\" data-track-links=\"\">Ana Paula Pridonik Silva, mulher do pecuarista que foi v\u00edtima de acidente de avi\u00e3o em Rond\u00f4nia no \u00faltimo fim de semana em Rond\u00f4nia, morreu nesta ter\u00e7a-feira (1\u00ba) em Campo Grande &#8211; MS.<\/p>\n<p data-track-category=\"Link no Texto\" data-track-links=\"\">\n<\/div>\n<\/div>\n<div class=\"wall protected-content\">\n<div id=\"chunk-55sjt\">\n<div class=\"mc-column content-text active-extra-styles \" data-block-type=\"unstyled\" data-block-weight=\"38\" data-block-id=\"4\">\n<p class=\"content-text__container \" data-track-category=\"Link no Texto\" data-track-links=\"\">A mulher era esposa de Garon Maia e madrasta do filho dele, Francisco, de 11 anos. Garon e Francisco morreram quando a aeronave em que estavam caiu em floresta na divisa entre Rond\u00f4nia e Mato Grosso do Sul.<\/p>\n<p data-track-category=\"Link no Texto\" data-track-links=\"\">\n<\/div>\n<\/div>\n<div id=\"chunk-fdjag\">\n<div class=\"mc-column content-text active-extra-styles \" data-block-type=\"unstyled\" data-block-weight=\"42\" data-block-id=\"5\">\n<p class=\"content-text__container \" data-track-category=\"Link no Texto\" data-track-links=\"\">De acordo com as informa\u00e7\u00f5es da Pol\u00edcia Civil, Ana Paula, de 27 anos, foi encontrada ferida por arma de fogo em casa por familiares, que acionaram o socorro. Ela foi levada para a Santa Casa de Campo Grande, onde a morte foi constatada \u00e0s 14h50.<\/p>\n<\/div>\n<\/div>\n<div id=\"chunk-63iuj\">\n<div class=\"content-ads content-ads--reveal\" data-block-type=\"ads\" data-block-id=\"6\"><\/div>\n<\/div>\n<div id=\"chunk-2s29b\">\n<div class=\"row medium-uncollapsed content-media content-photo\" data-block-type=\"backstage-photo\" data-block-id=\"7\">\n<div class=\" mc-column  content-media__container\">\n<div class=\"content-media-container glb-skeleton-box\">\n<figure class=\"content-media-figure\">\n<p><figure style=\"width: 647px\" class=\"wp-caption aligncenter\"><img loading=\"lazy\" decoding=\"async\" class=\"i-amphtml-fill-content i-amphtml-replaced-content\" src=\"https:\/\/s2-g1.glbimg.com\/Zg8OcEoIPF4NPVwFDNG29j-26Ws=\/0x0:1170x1468\/984x0\/smart\/filters:strip_icc()\/i.s3.glbimg.com\/v1\/AUTH_59edd422c0c84a879bd37670ae4f538a\/internal_photos\/bs\/2023\/P\/T\/7WSoCjTc6eLEK365z32g\/whatsapp-image-2023-08-01-at-15.56.05.jpeg\" sizes=\"auto, (max-width: 1366px) 648px, 100vw\" srcset=\"https:\/\/s2-g1.glbimg.com\/ShLkLDe-yd48JNw1RIxipZdslqM=\/0x0:1170x1468\/1000x0\/smart\/filters:strip_icc()\/i.s3.glbimg.com\/v1\/AUTH_59edd422c0c84a879bd37670ae4f538a\/internal_photos\/bs\/2023\/P\/T\/7WSoCjTc6eLEK365z32g\/whatsapp-image-2023-08-01-at-15.56.05.jpeg 1000w, https:\/\/s2-g1.glbimg.com\/Zg8OcEoIPF4NPVwFDNG29j-26Ws=\/0x0:1170x1468\/984x0\/smart\/filters:strip_icc()\/i.s3.glbimg.com\/v1\/AUTH_59edd422c0c84a879bd37670ae4f538a\/internal_photos\/bs\/2023\/P\/T\/7WSoCjTc6eLEK365z32g\/whatsapp-image-2023-08-01-at-15.56.05.jpeg 984w, https:\/\/s2-g1.glbimg.com\/w9aQ0TvY33Kcek30npzob2e19w8=\/0x0:1170x1468\/640x0\/smart\/filters:strip_icc()\/i.s3.glbimg.com\/v1\/AUTH_59edd422c0c84a879bd37670ae4f538a\/internal_photos\/bs\/2023\/P\/T\/7WSoCjTc6eLEK365z32g\/whatsapp-image-2023-08-01-at-15.56.05.jpeg 640w, https:\/\/s2-g1.glbimg.com\/VV8FCV5oybKqGV_xOlT7-ks9V0Y=\/0x0:1170x1468\/600x0\/smart\/filters:strip_icc()\/i.s3.glbimg.com\/v1\/AUTH_59edd422c0c84a879bd37670ae4f538a\/internal_photos\/bs\/2023\/P\/T\/7WSoCjTc6eLEK365z32g\/whatsapp-image-2023-08-01-at-15.56.05.jpeg 600w\" alt=\"Ana Paula morreu aos 27 anos.  \u2014 Foto: Redes sociais\/Reprodu\u00e7\u00e3o\" width=\"647\" height=\"813\" \/><figcaption class=\"wp-caption-text\">Ana Paula morreu aos 27 anos. \u2014 Foto: Redes sociais\/Reprodu\u00e7\u00e3o<\/figcaption><\/figure><\/figure>\n<\/div>\n<\/div>\n<p class=\"content-media__description  \">\n<div class=\" mc-column  content-media__container\">\n<p>&nbsp;<\/p>\n<\/div>\n<\/div>\n<\/div>\n<div id=\"chunk-4q0gj\">\n<div class=\"mc-column content-text active-extra-styles \" data-block-type=\"unstyled\" data-block-weight=\"52\" data-block-id=\"8\">\n<p class=\"content-text__container \" data-track-category=\"Link no Texto\" data-track-links=\"\">Os corpos do pecuarista Garon Maia e do filho Francisco Veronezi Maia foram enterrados nesta ter\u00e7a-feira (1\u00ba), em Campo Grande (MS). Pai e filho foram velados juntos e sepultados no Cemit\u00e9rio Parque das Primaveras, na capital. A cerim\u00f4nia foi restrita e contou com a presen\u00e7a de muitos amigos e familiares das v\u00edtimas.<\/p>\n<p data-track-category=\"Link no Texto\" data-track-links=\"\">\n<\/div>\n<blockquote><p>O Centro de Valoriza\u00e7\u00e3o da Vida (CVV) promove apoio emocional e preven\u00e7\u00e3o do suic\u00eddio, com atendimentos gratuitos a qualquer pessoa. O centro garante sigilo total e atende por telefone via <strong>188<\/strong>, <a href=\"https:\/\/www.cvv.org.br\/e-mail\/\">e-mail <\/a>e <a href=\"https:\/\/www.cvv.org.br\/chat\/\">chat 24 horas <\/a>por dia, nos sete dias da semana .<\/p><\/blockquote>\n<\/div>\n<div id=\"chunk-7voif\">\n<div class=\"mc-column content-text active-extra-styles\" data-block-type=\"raw\" data-block-weight=\"2\" data-block-id=\"12\">\n<p class=\"content-text__container\">\n<div class=\"content-intertitle\">\n<h2>O acidente<\/h2>\n<\/div>\n<p>&nbsp;<\/p>\n<\/div>\n<\/div>\n<div id=\"chunk-6fql\">\n<div class=\"row medium-uncollapsed content-media content-photo\" data-block-type=\"backstage-photo\" data-block-id=\"13\">\n<div class=\" mc-column  content-media__container\">\n<div class=\"content-media-container glb-skeleton-box\">\n<figure class=\"content-media-figure\">\n<p><figure style=\"width: 647px\" class=\"wp-caption aligncenter\"><img loading=\"lazy\" decoding=\"async\" class=\"i-amphtml-fill-content i-amphtml-replaced-content\" src=\"https:\/\/s2-g1.glbimg.com\/L5egYD2Ispnfk_V7eWcYLz0o5Fo=\/0x0:982x1090\/984x0\/smart\/filters:strip_icc()\/i.s3.glbimg.com\/v1\/AUTH_59edd422c0c84a879bd37670ae4f538a\/internal_photos\/bs\/2023\/m\/Z\/whJvrWQVemHvJHTtrCFw\/364030984-759853849482591-2959051244559473348-n.jpg\" sizes=\"auto, (max-width: 1366px) 648px, 100vw\" srcset=\"https:\/\/s2-g1.glbimg.com\/ff9Lp2VgnGCknH2TfGJZXtMiiwk=\/0x0:982x1090\/1000x0\/smart\/filters:strip_icc()\/i.s3.glbimg.com\/v1\/AUTH_59edd422c0c84a879bd37670ae4f538a\/internal_photos\/bs\/2023\/m\/Z\/whJvrWQVemHvJHTtrCFw\/364030984-759853849482591-2959051244559473348-n.jpg 1000w, https:\/\/s2-g1.glbimg.com\/L5egYD2Ispnfk_V7eWcYLz0o5Fo=\/0x0:982x1090\/984x0\/smart\/filters:strip_icc()\/i.s3.glbimg.com\/v1\/AUTH_59edd422c0c84a879bd37670ae4f538a\/internal_photos\/bs\/2023\/m\/Z\/whJvrWQVemHvJHTtrCFw\/364030984-759853849482591-2959051244559473348-n.jpg 984w, https:\/\/s2-g1.glbimg.com\/4BQEoQ1zka7rJl5cnZdmerFVm4E=\/0x0:982x1090\/640x0\/smart\/filters:strip_icc()\/i.s3.glbimg.com\/v1\/AUTH_59edd422c0c84a879bd37670ae4f538a\/internal_photos\/bs\/2023\/m\/Z\/whJvrWQVemHvJHTtrCFw\/364030984-759853849482591-2959051244559473348-n.jpg 640w, https:\/\/s2-g1.glbimg.com\/doJzI2BpVx8S81pZMT0NELmARTA=\/0x0:982x1090\/600x0\/smart\/filters:strip_icc()\/i.s3.glbimg.com\/v1\/AUTH_59edd422c0c84a879bd37670ae4f538a\/internal_photos\/bs\/2023\/m\/Z\/whJvrWQVemHvJHTtrCFw\/364030984-759853849482591-2959051244559473348-n.jpg 600w\" alt=\"Garon e o filho morreram no acidente em Vilhena \u2014 Foto: Reprodu\u00e7\u00e3o\/Facebook\" width=\"647\" height=\"719\" \/><figcaption class=\"wp-caption-text\">Garon e o filho morreram no acidente em Vilhena \u2014 Foto: Reprodu\u00e7\u00e3o\/Facebook<\/figcaption><\/figure><\/figure>\n<\/div>\n<p class=\"content-media__description  \">\n<\/div>\n<\/div>\n<\/div>\n<div id=\"chunk-d2ie9\">\n<div class=\"mc-column content-text active-extra-styles \" data-block-type=\"unstyled\" data-block-weight=\"59\" data-block-id=\"14\">\n<p class=\"content-text__container \" data-track-category=\"Link no Texto\" data-track-links=\"\">Francisco, de 11 anos, e o pai Garon, de 42, morreram durante uma queda de avi\u00e3o, ap\u00f3s o bimotor Beechcraft Baron 58 se chocar contra \u00e1rvores na divisa com o Mato Grosso. Segundo apurou o g1, o menino passava as f\u00e9rias escolares com o pai, que pilotava a aeronave, e retornaria para Campo Grande, onde morava com a m\u00e3e.<\/p>\n<p data-track-category=\"Link no Texto\" data-track-links=\"\">Segundo informa\u00e7\u00f5es do Corpo de Bombeiros, o avi\u00e3o Beechcraft Baron 58 decolou do aeroporto de\u00a0Vilhena (RO)\u00a0por volta de 17h50 e desapareceu do radar minutos depois.<\/p>\n<div id=\"chunk-amgrg\">\n<div class=\"row medium-uncollapsed content-media content-photo\" data-block-type=\"backstage-photo\" data-block-id=\"16\">\n<div class=\" mc-column  content-media__container\">\n<div class=\"content-media-container glb-skeleton-box\">\n<figure class=\"content-media-figure\">\n<p><figure style=\"width: 647px\" class=\"wp-caption aligncenter\"><img loading=\"lazy\" decoding=\"async\" class=\"i-amphtml-fill-content i-amphtml-replaced-content\" src=\"https:\/\/s2-g1.glbimg.com\/6kQdY5gSBGKZ5rC7Uvm2LRqtEPE=\/0x0:1600x978\/984x0\/smart\/filters:strip_icc()\/i.s3.glbimg.com\/v1\/AUTH_59edd422c0c84a879bd37670ae4f538a\/internal_photos\/bs\/2023\/5\/D\/ZYQAm4QxOw3SyUQtqX5Q\/monomotor.jpeg\" sizes=\"auto, (max-width: 1366px) 648px, 100vw\" srcset=\"https:\/\/s2-g1.glbimg.com\/SLrPorElQzn3_apq-EclbSykrqA=\/0x0:1600x978\/1000x0\/smart\/filters:strip_icc()\/i.s3.glbimg.com\/v1\/AUTH_59edd422c0c84a879bd37670ae4f538a\/internal_photos\/bs\/2023\/5\/D\/ZYQAm4QxOw3SyUQtqX5Q\/monomotor.jpeg 1000w, https:\/\/s2-g1.glbimg.com\/6kQdY5gSBGKZ5rC7Uvm2LRqtEPE=\/0x0:1600x978\/984x0\/smart\/filters:strip_icc()\/i.s3.glbimg.com\/v1\/AUTH_59edd422c0c84a879bd37670ae4f538a\/internal_photos\/bs\/2023\/5\/D\/ZYQAm4QxOw3SyUQtqX5Q\/monomotor.jpeg 984w, https:\/\/s2-g1.glbimg.com\/EFFYi4MUjZAxPskSU5xXC7_15OQ=\/0x0:1600x978\/640x0\/smart\/filters:strip_icc()\/i.s3.glbimg.com\/v1\/AUTH_59edd422c0c84a879bd37670ae4f538a\/internal_photos\/bs\/2023\/5\/D\/ZYQAm4QxOw3SyUQtqX5Q\/monomotor.jpeg 640w, https:\/\/s2-g1.glbimg.com\/0MW9LGhJv6bgzkatbuOdid5PF-4=\/0x0:1600x978\/600x0\/smart\/filters:strip_icc()\/i.s3.glbimg.com\/v1\/AUTH_59edd422c0c84a879bd37670ae4f538a\/internal_photos\/bs\/2023\/5\/D\/ZYQAm4QxOw3SyUQtqX5Q\/monomotor.jpeg 600w\" alt=\"Bimotor Beechcraft Baron 58 caiu em \u00e1rea de mata em Vilhena \u2014 Foto: Reprodu\u00e7\u00e3o\" width=\"647\" height=\"395\" \/><figcaption class=\"wp-caption-text\">Bimotor Beechcraft Baron 58 caiu em \u00e1rea de mata em Vilhena \u2014 Foto: Reprodu\u00e7\u00e3o<\/figcaption><\/figure><\/figure>\n<\/div>\n<p class=\"content-media__description  \">\n<\/div>\n<\/div>\n<\/div>\n<div id=\"chunk-9daen\">\n<div class=\"row medium-uncollapsed content-media content-photo\" data-block-type=\"backstage-photo\" data-block-id=\"17\">\n<div class=\" mc-column  content-media__container\">\n<div class=\"content-media-container glb-skeleton-box\">\n<figure class=\"content-media-figure\">\n<p><figure style=\"width: 647px\" class=\"wp-caption aligncenter\"><img loading=\"lazy\" decoding=\"async\" class=\"i-amphtml-fill-content i-amphtml-replaced-content\" src=\"https:\/\/s2-g1.glbimg.com\/Py7V2V9Y6KEuDLFnOlVGU3JFSS0=\/0x0:988x1600\/984x0\/smart\/filters:strip_icc()\/i.s3.glbimg.com\/v1\/AUTH_59edd422c0c84a879bd37670ae4f538a\/internal_photos\/bs\/2023\/s\/X\/GvfpXwQg21jBoYlo86fQ\/whatsapp-image-2023-07-30-at-20.26.18.jpeg\" sizes=\"auto, (max-width: 1366px) 648px, 100vw\" srcset=\"https:\/\/s2-g1.glbimg.com\/HUJ3t0dphhVw0666f-OAm5Sx8Vk=\/0x0:988x1600\/1000x0\/smart\/filters:strip_icc()\/i.s3.glbimg.com\/v1\/AUTH_59edd422c0c84a879bd37670ae4f538a\/internal_photos\/bs\/2023\/s\/X\/GvfpXwQg21jBoYlo86fQ\/whatsapp-image-2023-07-30-at-20.26.18.jpeg 1000w, https:\/\/s2-g1.glbimg.com\/Py7V2V9Y6KEuDLFnOlVGU3JFSS0=\/0x0:988x1600\/984x0\/smart\/filters:strip_icc()\/i.s3.glbimg.com\/v1\/AUTH_59edd422c0c84a879bd37670ae4f538a\/internal_photos\/bs\/2023\/s\/X\/GvfpXwQg21jBoYlo86fQ\/whatsapp-image-2023-07-30-at-20.26.18.jpeg 984w, https:\/\/s2-g1.glbimg.com\/eI0bJrXEfB426dkSIe5a8YZ1QY0=\/0x0:988x1600\/640x0\/smart\/filters:strip_icc()\/i.s3.glbimg.com\/v1\/AUTH_59edd422c0c84a879bd37670ae4f538a\/internal_photos\/bs\/2023\/s\/X\/GvfpXwQg21jBoYlo86fQ\/whatsapp-image-2023-07-30-at-20.26.18.jpeg 640w, https:\/\/s2-g1.glbimg.com\/npNjPHihO2XQozkbLYahl4yIh7k=\/0x0:988x1600\/600x0\/smart\/filters:strip_icc()\/i.s3.glbimg.com\/v1\/AUTH_59edd422c0c84a879bd37670ae4f538a\/internal_photos\/bs\/2023\/s\/X\/GvfpXwQg21jBoYlo86fQ\/whatsapp-image-2023-07-30-at-20.26.18.jpeg 600w\" alt=\"Local onde avi\u00e3o caiu com pecuarista e o filho, na divisa entre RO e MT \u2014 Foto: Arte g1\" width=\"647\" height=\"1049\" \/><figcaption class=\"wp-caption-text\">Local onde avi\u00e3o caiu com pecuarista e o filho, na divisa entre RO e MT \u2014 Foto: Arte g1<\/figcaption><\/figure><\/figure>\n<\/div>\n<p class=\"content-media__description  \">\n<p>&nbsp;<\/p>\n<\/div>\n<\/div>\n<\/div>\n<p class=\"content-publication-data__from\" title=\"Jos\u00e9 C\u00e2mara e Gabrielle Tavares, g1 MS\">Por Jos\u00e9 C\u00e2mara e Gabrielle Tavares, g1 MS<\/p>\n<\/div>\n<\/div>\n<\/div>\n","protected":false},"excerpt":{"rendered":"<p>Ana Paula Pridonik Silva, mulher do pecuarista que foi v\u00edtima de acidente de avi\u00e3o em Rond\u00f4nia no \u00faltimo fim de semana em Rond\u00f4nia, morreu nesta ter\u00e7a-feira (1\u00ba) em Campo Grande &#8211; MS. A mulher era esposa de Garon Maia e madrasta do filho dele, Francisco, de 11 anos. Garon e Francisco morreram quando a aeronave [&hellip;]<\/p>\n","protected":false},"author":5,"featured_media":247286,"comment_status":"closed","ping_status":"closed","sticky":false,"template":"","format":"standard","meta":{"footnotes":""},"categories":[38],"tags":[],"class_list":["post-247285","post","type-post","status-publish","format-standard","has-post-thumbnail","hentry","category-policia"],"_links":{"self":[{"href":"https:\/\/www.ocorreionews.com.br\/acervo-correio\/index.php?rest_route=\/wp\/v2\/posts\/247285","targetHints":{"allow":["GET"]}}],"collection":[{"href":"https:\/\/www.ocorreionews.com.br\/acervo-correio\/index.php?rest_route=\/wp\/v2\/posts"}],"about":[{"href":"https:\/\/www.ocorreionews.com.br\/acervo-correio\/index.php?rest_route=\/wp\/v2\/types\/post"}],"author":[{"embeddable":true,"href":"https:\/\/www.ocorreionews.com.br\/acervo-correio\/index.php?rest_route=\/wp\/v2\/users\/5"}],"replies":[{"embeddable":true,"href":"https:\/\/www.ocorreionews.com.br\/acervo-correio\/index.php?rest_route=%2Fwp%2Fv2%2Fcomments&post=247285"}],"version-history":[{"count":1,"href":"https:\/\/www.ocorreionews.com.br\/acervo-correio\/index.php?rest_route=\/wp\/v2\/posts\/247285\/revisions"}],"predecessor-version":[{"id":247287,"href":"https:\/\/www.ocorreionews.com.br\/acervo-correio\/index.php?rest_route=\/wp\/v2\/posts\/247285\/revisions\/247287"}],"wp:featuredmedia":[{"embeddable":true,"href":"https:\/\/www.ocorreionews.com.br\/acervo-correio\/index.php?rest_route=\/wp\/v2\/media\/247286"}],"wp:attachment":[{"href":"https:\/\/www.ocorreionews.com.br\/acervo-correio\/index.php?rest_route=%2Fwp%2Fv2%2Fmedia&parent=247285"}],"wp:term":[{"taxonomy":"category","embeddable":true,"href":"https:\/\/www.ocorreionews.com.br\/acervo-correio\/index.php?rest_route=%2Fwp%2Fv2%2Fcategories&post=247285"},{"taxonomy":"post_tag","embeddable":true,"href":"https:\/\/www.ocorreionews.com.br\/acervo-correio\/index.php?rest_route=%2Fwp%2Fv2%2Ftags&post=247285"}],"curies":[{"name":"wp","href":"https:\/\/api.w.org\/{rel}","templated":true}]}}