{"id":247295,"date":"2023-08-02T07:03:05","date_gmt":"2023-08-02T11:03:05","guid":{"rendered":"https:\/\/www.ocorreionews.com.br\/acervo-correio\/?p=247295"},"modified":"2023-08-02T07:03:05","modified_gmt":"2023-08-02T11:03:05","slug":"alcinopolis-vai-realizar-passeio-ciclista","status":"publish","type":"post","link":"https:\/\/www.ocorreionews.com.br\/acervo-correio\/?p=247295","title":{"rendered":"Alcin\u00f3polis vai realizar Passeio Ciclista"},"content":{"rendered":"<p>A Secretaria Municipal de Educa\u00e7\u00e3o, Cultura e Esporte, informa que as inscri\u00e7\u00f5es, para o Passeio Cicl\u00edstico, j\u00e1 iniciaram, ser\u00e1 de segunda-feira a sexta-feira, das 07h00 \u00e0s 11h00 e das 13h00 \u00e0s 17h00.<\/p>\n<p>As inscri\u00e7\u00f5es v\u00e3o at\u00e9 o dia 17 de agosto (quinta-feira), o passeio vai ser no dia 19 de agosto, com in\u00edcio \u00e1s 07h00.<\/p>\n<p>Local de mobiliza\u00e7\u00e3o ser\u00e1 em frente \u00e0 Escola Municipal Alcino Fernandes Carneiro.<\/p>\n<p>ASCOM<\/p>\n","protected":false},"excerpt":{"rendered":"<p>A Secretaria Municipal de Educa\u00e7\u00e3o, Cultura e Esporte, informa que as inscri\u00e7\u00f5es, para o Passeio Cicl\u00edstico, j\u00e1 iniciaram, ser\u00e1 de segunda-feira a sexta-feira, das 07h00 \u00e0s 11h00 e das 13h00 \u00e0s 17h00. As inscri\u00e7\u00f5es v\u00e3o at\u00e9 o dia 17 de agosto (quinta-feira), o passeio vai ser no dia 19 de agosto, com in\u00edcio \u00e1s 07h00. [&hellip;]<\/p>\n","protected":false},"author":4,"featured_media":247296,"comment_status":"closed","ping_status":"closed","sticky":false,"template":"","format":"standard","meta":{"footnotes":""},"categories":[18,29],"tags":[],"class_list":["post-247295","post","type-post","status-publish","format-standard","has-post-thumbnail","hentry","category-alcinopolis","category-esporte"],"_links":{"self":[{"href":"https:\/\/www.ocorreionews.com.br\/acervo-correio\/index.php?rest_route=\/wp\/v2\/posts\/247295","targetHints":{"allow":["GET"]}}],"collection":[{"href":"https:\/\/www.ocorreionews.com.br\/acervo-correio\/index.php?rest_route=\/wp\/v2\/posts"}],"about":[{"href":"https:\/\/www.ocorreionews.com.br\/acervo-correio\/index.php?rest_route=\/wp\/v2\/types\/post"}],"author":[{"embeddable":true,"href":"https:\/\/www.ocorreionews.com.br\/acervo-correio\/index.php?rest_route=\/wp\/v2\/users\/4"}],"replies":[{"embeddable":true,"href":"https:\/\/www.ocorreionews.com.br\/acervo-correio\/index.php?rest_route=%2Fwp%2Fv2%2Fcomments&post=247295"}],"version-history":[{"count":1,"href":"https:\/\/www.ocorreionews.com.br\/acervo-correio\/index.php?rest_route=\/wp\/v2\/posts\/247295\/revisions"}],"predecessor-version":[{"id":247297,"href":"https:\/\/www.ocorreionews.com.br\/acervo-correio\/index.php?rest_route=\/wp\/v2\/posts\/247295\/revisions\/247297"}],"wp:featuredmedia":[{"embeddable":true,"href":"https:\/\/www.ocorreionews.com.br\/acervo-correio\/index.php?rest_route=\/wp\/v2\/media\/247296"}],"wp:attachment":[{"href":"https:\/\/www.ocorreionews.com.br\/acervo-correio\/index.php?rest_route=%2Fwp%2Fv2%2Fmedia&parent=247295"}],"wp:term":[{"taxonomy":"category","embeddable":true,"href":"https:\/\/www.ocorreionews.com.br\/acervo-correio\/index.php?rest_route=%2Fwp%2Fv2%2Fcategories&post=247295"},{"taxonomy":"post_tag","embeddable":true,"href":"https:\/\/www.ocorreionews.com.br\/acervo-correio\/index.php?rest_route=%2Fwp%2Fv2%2Ftags&post=247295"}],"curies":[{"name":"wp","href":"https:\/\/api.w.org\/{rel}","templated":true}]}}