{"id":247333,"date":"2023-08-02T07:04:02","date_gmt":"2023-08-02T11:04:02","guid":{"rendered":"https:\/\/www.ocorreionews.com.br\/acervo-correio\/?p=247333"},"modified":"2023-08-02T09:12:19","modified_gmt":"2023-08-02T13:12:19","slug":"costa-rica-divulga-cronograma-do-vacina-mais-2023-para-o-mes-de-agosto","status":"publish","type":"post","link":"https:\/\/www.ocorreionews.com.br\/acervo-correio\/?p=247333","title":{"rendered":"Costa Rica divulga cronograma do Vacina Mais 2023 para o m\u00eas de agosto"},"content":{"rendered":"<div class=\"ntc_cont_descricao_noticia sw_txteditor\">A Prefeitura de Costa Rica, por meio da Secretaria de Sa\u00fade, divulgou nesta ter\u00e7a-feira (1\u00ba), o cronograma do Vacina Mais 2023 para o m\u00eas de agosto, um projeto que visa fortalecer as a\u00e7\u00f5es de vacina\u00e7\u00e3o no munic\u00edpio.<\/p>\n<p>O prefeito, delegado Cleverson Alves dos Santos ressaltou a import\u00e2ncia do projeto para a popula\u00e7\u00e3o e destacou o esfor\u00e7o da administra\u00e7\u00e3o em garantir a vacina\u00e7\u00e3o para todos. &#8220;Estamos empenhados em fortalecer as a\u00e7\u00f5es de vacina\u00e7\u00e3o em Costa Rica. Esse projeto, juntamente com o apoio do Governo do Estado, nos permitir\u00e1 ampliar a imuniza\u00e7\u00e3o e garantir a prote\u00e7\u00e3o de nossa popula\u00e7\u00e3o&#8221;, afirmou.<\/p>\n<p>O secret\u00e1rio de Sa\u00fade, Jovenaldo Francisco dos Santos, destacou o cronograma de vacina\u00e7\u00e3o e refor\u00e7ou a import\u00e2ncia da imuniza\u00e7\u00e3o. &#8220;Estamos seguindo um cronograma bem estruturado, que contempla todas as unidades de Sa\u00fade do munic\u00edpio. \u00c9 essencial que a popula\u00e7\u00e3o compare\u00e7a e se vacine, pois a vacina\u00e7\u00e3o \u00e9 a forma mais eficaz de prevenir diversas doen\u00e7as&#8221;, declarou o secret\u00e1rio.<\/p>\n<p>Segundo o cronograma, entre os dias 1\u00ba a 04 de agosto, a vacina\u00e7\u00e3o ser\u00e1 realizada em todas as ESFs (Estrat\u00e9gias de Sa\u00fade da Fam\u00edlia), das 7h \u00e0s 10h30 e das 13h \u00e0s 16h30, ofertando todas as vacinas de rotina, bem como a vacina contra a Influenza (gripe). Al\u00e9m disso, o projeto prev\u00ea a vacina\u00e7\u00e3o no ESF Vale do Amanhecer, no dia 03 de agosto, quinta-feira, no hor\u00e1rio das 17h \u00e0s 20h.<\/p>\n<p>No dia 06 de agosto, domingo, a vacina\u00e7\u00e3o ser\u00e1 realizada no Conviver, das 14h \u00e0s 18h, com oferta das vacinas contra a Influenza e Covid-19 para a popula\u00e7\u00e3o idosa.<\/p>\n<p>Entre os dias 07 e 11 de agosto, a vacina\u00e7\u00e3o ser\u00e1 novamente realizada em todas as unidades de Sa\u00fade, das 7h \u00e0s 10h30 e das 13h \u00e0s 16h30 com oferta das vacinas de Rotina e Influenza. No dia 10 de agosto, o ESF S\u00e3o Francisco realizar\u00e1 a vacina\u00e7\u00e3o no hor\u00e1rio das 17h \u00e0s 20h.<\/p>\n<p>J\u00e1 no dia 12 de agosto, s\u00e1bado, a partir das 8h, a vacina\u00e7\u00e3o ser\u00e1 realizada no Centro de Eventos Ramez Tebet, com oferta das vacinas de Rotina, Covid-19 e Influenza.<\/p>\n<p>No per\u00edodo de 14 a 18 de agosto, a vacina\u00e7\u00e3o ocorrer\u00e1 em todas as Unidades de Sa\u00fade, das 7h \u00e0s 10h30h e das 13h \u00e0s 16h30 com oferta de todas as vacinas de Rotina e Influenza. No dia 17 de agosto, o ESF Sonho Meu III realizar\u00e1 a vacina\u00e7\u00e3o das 17h \u00e0s 20h; e no dia 19 de agosto, s\u00e1bado, a vacina\u00e7\u00e3o ser\u00e1 na pra\u00e7a da igreja Nossa Senhora Aparecida (Vale do Amanhecer), das 08h \u00e0s 12h.<\/p>\n<p>Entre os dias 21 e 25 de agosto, a vacina\u00e7\u00e3o ser\u00e1 realizada novamente em todas as Unidades de Sa\u00fade, das 7h \u00e0s 10h30h e das 13h \u00e0s 16h30 com oferta de todas as vacinas de Rotina e Influenza. No dia 24 de agosto, o ESF Central realizar\u00e1 a vacina\u00e7\u00e3o das 17h \u00e0s 20h.<\/p>\n<p>Por fim, no per\u00edodo de 28 de agosto a 01 de setembro, a vacina\u00e7\u00e3o ser\u00e1 realizada em todas as unidades de Sa\u00fade, das 7h \u00e0s 10h30 e das 13h \u00e0s 16h30 com oferta de todas as vacinas de Rotina e Influenza. No dia 31 de agosto, o ESF Vila Nunes realizar\u00e1 a vacina\u00e7\u00e3o das 17h \u00e0s 20h.<\/p><\/div>\n<div class=\"ntc_cont_descricao_noticia sw_txteditor\"><img loading=\"lazy\" decoding=\"async\" class=\"imgcentraliza aligncenter\" src=\"https:\/\/www.costarica.ms.gov.br\/fotos\/b6cd6d1b3cb67d639d63ece55777e81f.jpg\" alt=\"Foto Noticia Principal Grande\" width=\"503\" height=\"503\" \/><\/div>\n<div><img loading=\"lazy\" decoding=\"async\" class=\"imgcentraliza aligncenter\" src=\"https:\/\/www.costarica.ms.gov.br\/fotos\/11e6823c6055d014276effb0eea13f12.jpg\" alt=\"Foto Noticia Principal Grande\" width=\"501\" height=\"501\" \/><\/div>\n<div class=\"ntc_cont_descricao_noticia sw_txteditor\">\n<p>O projeto &#8216;MS Vacina Mais&#8217; foi institu\u00eddo em car\u00e1ter provis\u00f3rio e estabelece os crit\u00e9rios e o fluxo para o repasse de incentivo financeiro estadual de custeio para o fortalecimento das a\u00e7\u00f5es de vacina\u00e7\u00e3o nos munic\u00edpios de Mato Grosso do Sul. O Estado disponibilizar\u00e1 R$ 1,2 milh\u00e3o que ser\u00e1 utilizado exclusivamente para o pagamento de incentivo financeiro aos trabalhadores de sa\u00fade das secretarias municipais de sa\u00fade, que atuam nas salas de imuniza\u00e7\u00e3o. O objetivo \u00e9 custear plant\u00f5es e horas extras, fortalecendo e expandindo as a\u00e7\u00f5es de imuniza\u00e7\u00e3o e contribuindo para a melhoria das coberturas vacinais no Estado.<\/p>\n<p>Com a divulga\u00e7\u00e3o do cronograma Vacina Mais 2023, a Prefeitura de Costa Rica e a Secretaria de Sa\u00fade esperam alcan\u00e7ar um maior n\u00famero de pessoas vacinadas, fortalecendo a imuniza\u00e7\u00e3o no munic\u00edpio e contribuindo para a melhoria das coberturas vacinais no estado de Mato Grosso do Sul.<\/p><\/div>\n<p>&nbsp;<\/p>\n<p>&nbsp;<\/p>\n<div class=\"ntc_area_info_noticia sw_lato\">\n<div>\n<div class=\"ntc_info_noticia\"><strong class=\"sw_lato_black\">Fonte: <\/strong>Assessoria de Comunica\u00e7\u00e3o \/ PMCR &#8211; <strong class=\"sw_lato_black\">\u00a0<\/strong>Silvestre de Castro<\/div>\n<\/div>\n<\/div>\n","protected":false},"excerpt":{"rendered":"<p>A Prefeitura de Costa Rica, por meio da Secretaria de Sa\u00fade, divulgou nesta ter\u00e7a-feira (1\u00ba), o cronograma do Vacina Mais 2023 para o m\u00eas de agosto, um projeto que visa fortalecer as a\u00e7\u00f5es de vacina\u00e7\u00e3o no munic\u00edpio. O prefeito, delegado Cleverson Alves dos Santos ressaltou a import\u00e2ncia do projeto para a popula\u00e7\u00e3o e destacou o [&hellip;]<\/p>\n","protected":false},"author":5,"featured_media":235726,"comment_status":"closed","ping_status":"closed","sticky":false,"template":"","format":"standard","meta":{"footnotes":""},"categories":[31],"tags":[],"class_list":["post-247333","post","type-post","status-publish","format-standard","has-post-thumbnail","hentry","category-geral"],"_links":{"self":[{"href":"https:\/\/www.ocorreionews.com.br\/acervo-correio\/index.php?rest_route=\/wp\/v2\/posts\/247333","targetHints":{"allow":["GET"]}}],"collection":[{"href":"https:\/\/www.ocorreionews.com.br\/acervo-correio\/index.php?rest_route=\/wp\/v2\/posts"}],"about":[{"href":"https:\/\/www.ocorreionews.com.br\/acervo-correio\/index.php?rest_route=\/wp\/v2\/types\/post"}],"author":[{"embeddable":true,"href":"https:\/\/www.ocorreionews.com.br\/acervo-correio\/index.php?rest_route=\/wp\/v2\/users\/5"}],"replies":[{"embeddable":true,"href":"https:\/\/www.ocorreionews.com.br\/acervo-correio\/index.php?rest_route=%2Fwp%2Fv2%2Fcomments&post=247333"}],"version-history":[{"count":1,"href":"https:\/\/www.ocorreionews.com.br\/acervo-correio\/index.php?rest_route=\/wp\/v2\/posts\/247333\/revisions"}],"predecessor-version":[{"id":247338,"href":"https:\/\/www.ocorreionews.com.br\/acervo-correio\/index.php?rest_route=\/wp\/v2\/posts\/247333\/revisions\/247338"}],"wp:featuredmedia":[{"embeddable":true,"href":"https:\/\/www.ocorreionews.com.br\/acervo-correio\/index.php?rest_route=\/wp\/v2\/media\/235726"}],"wp:attachment":[{"href":"https:\/\/www.ocorreionews.com.br\/acervo-correio\/index.php?rest_route=%2Fwp%2Fv2%2Fmedia&parent=247333"}],"wp:term":[{"taxonomy":"category","embeddable":true,"href":"https:\/\/www.ocorreionews.com.br\/acervo-correio\/index.php?rest_route=%2Fwp%2Fv2%2Fcategories&post=247333"},{"taxonomy":"post_tag","embeddable":true,"href":"https:\/\/www.ocorreionews.com.br\/acervo-correio\/index.php?rest_route=%2Fwp%2Fv2%2Ftags&post=247333"}],"curies":[{"name":"wp","href":"https:\/\/api.w.org\/{rel}","templated":true}]}}