{"id":247337,"date":"2023-08-02T09:31:53","date_gmt":"2023-08-02T13:31:53","guid":{"rendered":"https:\/\/www.ocorreionews.com.br\/acervo-correio\/?p=247337"},"modified":"2023-08-02T09:31:53","modified_gmt":"2023-08-02T13:31:53","slug":"abertas-as-inscricoes-para-audiencia-publica-para-debater-os-impactos-ambientais-da-nova-fabrica-de-celulose-em-inocencia","status":"publish","type":"post","link":"https:\/\/www.ocorreionews.com.br\/acervo-correio\/?p=247337","title":{"rendered":"Abertas as inscri\u00e7\u00f5es para audi\u00eancia p\u00fablica para debater os impactos ambientais da nova f\u00e1brica de celulose em Inoc\u00eancia"},"content":{"rendered":"<p>As inscri\u00e7\u00f5es para participar da audi\u00eancia p\u00fablica e debater os impactos ambientais da f\u00e1brica de celulose da Arauco, em Inoc\u00eancia, j\u00e1 est\u00e3o abertas (<a href=\"https:\/\/docs.google.com\/forms\/d\/e\/1FAIpQLSfEWlfZ2hYhgtVx2pZ3BNntQSexJPioe1_XCXBfD4sFoVXbcw\/viewform\"><strong>clique aqui<\/strong><\/a>). O encontro ser\u00e1 no dia 17 de agosto, \u00e0s 19h.<\/p>\n<p>A audi\u00eancia ser\u00e1 realizada de forma h\u00edbrida. O local presencial \u00e9 no Gin\u00e1sio Municipal Esportes Ot\u00e1vio Pimenta de Freitas, na Avenida Juraci Lu\u00eds de Castro, no munic\u00edpio. J\u00e1 o acesso virtual pode ser feito pelo canal do Imasul (<a href=\"https:\/\/www.youtube.com\/watch?v=fKlpI9DNmz8\"><strong>clique aqui<\/strong><\/a>).<\/p>\n<p>O EIA\/Rima (Estudo de Impacto Ambiental e Relat\u00f3rio de Impacto Ambiental) foi apresentado pela empresa com uma s\u00e9rie de documenta\u00e7\u00f5es com passos para a implanta\u00e7\u00e3o da nova f\u00e1brica em Mato Grosso do Sul. O projeto \u00e9 denominado como \u201cSucuri\u00fa\u201d e ter\u00e1 investimento de R$ 15 bilh\u00f5es. Ser\u00e3o 12 mil trabalhadores no pico da obra.<\/p>\n<p>A f\u00e1brica de celulose ser\u00e1 constru\u00edda em uma \u00e1rea de 3.500 hectares na MS-377, a 50 quil\u00f4metros do centro de Inoc\u00eancia, rumo a \u00c1gua Clara, ao lado do Rio Sucuri\u00fa.<\/p>\n<figure id=\"attachment_243245\" aria-describedby=\"caption-attachment-243245\" style=\"width: 640px\" class=\"wp-caption alignnone\"><img loading=\"lazy\" decoding=\"async\" class=\"size-full wp-image-243245\" src=\"https:\/\/www.ocorreionews.com.br\/acervo-correio\/wp-content\/uploads\/2023\/06\/industria-inocencia.png\" alt=\"\" width=\"640\" height=\"341\" srcset=\"https:\/\/www.ocorreionews.com.br\/acervo-correio\/wp-content\/uploads\/2023\/06\/industria-inocencia.png 640w, https:\/\/www.ocorreionews.com.br\/acervo-correio\/wp-content\/uploads\/2023\/06\/industria-inocencia-300x160.png 300w\" sizes=\"auto, (max-width: 640px) 100vw, 640px\" \/><figcaption id=\"caption-attachment-243245\" class=\"wp-caption-text\">Rio Sucuriu, que passa na regi\u00e3o; \u00e1gua ser\u00e1 utilizada no processo industrial. Foto: Divulga\u00e7\u00e3o<\/figcaption><\/figure>\n<p><strong>Infraestrutura &#8211;<\/strong> Est\u00e3o na lista de prioridades de infraestrutura do munic\u00edpio a constru\u00e7\u00e3o de um acesso rodovi\u00e1rio \u00e0 f\u00e1brica, pela MS-377; a instala\u00e7\u00e3o de terceira faixa em pontos estrat\u00e9gicos da mesma rodovia; a pavimenta\u00e7\u00e3o de 38 quil\u00f4metros da MS-316, entre Inoc\u00eancia e Para\u00edso das \u00c1guas.<\/p>\n<p>Al\u00e9m da implanta\u00e7\u00e3o de um aeroporto na cidade; e a constru\u00e7\u00e3o de moradias, entre outras obras. As medidas est\u00e3o previstas no Peot (Plano Estrat\u00e9gico de Organiza\u00e7\u00e3o de Territorial) de Inoc\u00eancia. Para quem tiver interesse em conhecer o estudo, est\u00e1 dispon\u00edvel no site do Imasul.<\/p>\n<p>&nbsp;<\/p>\n<p>Por Izabela Cavalcanti &#8211; Campo Grande News<\/p>\n","protected":false},"excerpt":{"rendered":"<p>As inscri\u00e7\u00f5es para participar da audi\u00eancia p\u00fablica e debater os impactos ambientais da f\u00e1brica de celulose da Arauco, em Inoc\u00eancia, j\u00e1 est\u00e3o abertas (clique aqui). O encontro ser\u00e1 no dia 17 de agosto, \u00e0s 19h. A audi\u00eancia ser\u00e1 realizada de forma h\u00edbrida. O local presencial \u00e9 no Gin\u00e1sio Municipal Esportes Ot\u00e1vio Pimenta de Freitas, na [&hellip;]<\/p>\n","protected":false},"author":5,"featured_media":236719,"comment_status":"closed","ping_status":"closed","sticky":false,"template":"","format":"standard","meta":{"footnotes":""},"categories":[143],"tags":[],"class_list":["post-247337","post","type-post","status-publish","format-standard","has-post-thumbnail","hentry","category-regional"],"_links":{"self":[{"href":"https:\/\/www.ocorreionews.com.br\/acervo-correio\/index.php?rest_route=\/wp\/v2\/posts\/247337","targetHints":{"allow":["GET"]}}],"collection":[{"href":"https:\/\/www.ocorreionews.com.br\/acervo-correio\/index.php?rest_route=\/wp\/v2\/posts"}],"about":[{"href":"https:\/\/www.ocorreionews.com.br\/acervo-correio\/index.php?rest_route=\/wp\/v2\/types\/post"}],"author":[{"embeddable":true,"href":"https:\/\/www.ocorreionews.com.br\/acervo-correio\/index.php?rest_route=\/wp\/v2\/users\/5"}],"replies":[{"embeddable":true,"href":"https:\/\/www.ocorreionews.com.br\/acervo-correio\/index.php?rest_route=%2Fwp%2Fv2%2Fcomments&post=247337"}],"version-history":[{"count":1,"href":"https:\/\/www.ocorreionews.com.br\/acervo-correio\/index.php?rest_route=\/wp\/v2\/posts\/247337\/revisions"}],"predecessor-version":[{"id":247339,"href":"https:\/\/www.ocorreionews.com.br\/acervo-correio\/index.php?rest_route=\/wp\/v2\/posts\/247337\/revisions\/247339"}],"wp:featuredmedia":[{"embeddable":true,"href":"https:\/\/www.ocorreionews.com.br\/acervo-correio\/index.php?rest_route=\/wp\/v2\/media\/236719"}],"wp:attachment":[{"href":"https:\/\/www.ocorreionews.com.br\/acervo-correio\/index.php?rest_route=%2Fwp%2Fv2%2Fmedia&parent=247337"}],"wp:term":[{"taxonomy":"category","embeddable":true,"href":"https:\/\/www.ocorreionews.com.br\/acervo-correio\/index.php?rest_route=%2Fwp%2Fv2%2Fcategories&post=247337"},{"taxonomy":"post_tag","embeddable":true,"href":"https:\/\/www.ocorreionews.com.br\/acervo-correio\/index.php?rest_route=%2Fwp%2Fv2%2Ftags&post=247337"}],"curies":[{"name":"wp","href":"https:\/\/api.w.org\/{rel}","templated":true}]}}