{"id":247340,"date":"2023-08-02T09:54:54","date_gmt":"2023-08-02T13:54:54","guid":{"rendered":"https:\/\/www.ocorreionews.com.br\/acervo-correio\/?p=247340"},"modified":"2023-08-03T07:20:59","modified_gmt":"2023-08-03T11:20:59","slug":"festa-dos-48-anos-da-pedra-branca-sera-no-dia-02-de-setembro","status":"publish","type":"post","link":"https:\/\/www.ocorreionews.com.br\/acervo-correio\/?p=247340","title":{"rendered":"Festa dos 48 anos da Pedra Branca ser\u00e1 no dia 02 de setembro"},"content":{"rendered":"<p>O Secret\u00e1rio de Educa\u00e7\u00e3o e Cultura de Chapad\u00e3o do sul, Guerino P\u00e9rius, confirmou nessa semana que a festa em comemora\u00e7\u00e3o aos 48 da coloniza\u00e7\u00e3o\u00a0 dos Alem\u00e3es para a Pedra Branca esta confirma para o dia 02 de setembro, na quadra de esporte da Escola Municipal.<\/p>\n<p>Ser\u00e1 uma marco para as fam\u00edlias pioneiras do local. Ser\u00e3o convidados familiares que deixaram o local e est\u00e3o morando em outros munic\u00edpios.<\/p>\n<p>Al\u00e9m das homenagens aos colonizadores ser\u00e1 realizado um grande baile da colheita que ter\u00e1 inicio as 20hs00 (MS), com uma banda Alem\u00e3o do Paran\u00e1, no estilo alem\u00e3o. \u00a0 \u00a0 (veja abaixo no video a chamada)<\/p>\n<p><a href=\"https:\/\/m.facebook.com\/story.php?story_fbid=pfbid02qReAhLRZa6wZske5UyteSxECeV43GJdi7eeMsmawLpxBVihBoi8dnSDjH77Yw5Xdl&amp;id=100061464335499&amp;sfnsn=wiwspwa&amp;mibextid=5eVWNK\">https:\/\/m.facebook.com\/story.php?story_fbid=pfbid02qReAhLRZa6wZske5UyteSxECeV43GJdi7eeMsmawLpxBVihBoi8dnSDjH77Yw5Xdl&amp;id=100061464335499&amp;sfnsn=wiwspwa&amp;mibextid=5eVWNK<\/a><\/p>\n<p>&nbsp;<\/p>\n","protected":false},"excerpt":{"rendered":"<p>O Secret\u00e1rio de Educa\u00e7\u00e3o e Cultura de Chapad\u00e3o do sul, Guerino P\u00e9rius, confirmou nessa semana que a festa em comemora\u00e7\u00e3o aos 48 da coloniza\u00e7\u00e3o\u00a0 dos Alem\u00e3es para a Pedra Branca esta confirma para o dia 02 de setembro, na quadra de esporte da Escola Municipal. Ser\u00e1 uma marco para as fam\u00edlias pioneiras do local. Ser\u00e3o [&hellip;]<\/p>\n","protected":false},"author":4,"featured_media":247344,"comment_status":"closed","ping_status":"closed","sticky":false,"template":"","format":"standard","meta":{"footnotes":""},"categories":[23,41],"tags":[],"class_list":["post-247340","post","type-post","status-publish","format-standard","has-post-thumbnail","hentry","category-chapadao-do-sul","category-destaque"],"_links":{"self":[{"href":"https:\/\/www.ocorreionews.com.br\/acervo-correio\/index.php?rest_route=\/wp\/v2\/posts\/247340","targetHints":{"allow":["GET"]}}],"collection":[{"href":"https:\/\/www.ocorreionews.com.br\/acervo-correio\/index.php?rest_route=\/wp\/v2\/posts"}],"about":[{"href":"https:\/\/www.ocorreionews.com.br\/acervo-correio\/index.php?rest_route=\/wp\/v2\/types\/post"}],"author":[{"embeddable":true,"href":"https:\/\/www.ocorreionews.com.br\/acervo-correio\/index.php?rest_route=\/wp\/v2\/users\/4"}],"replies":[{"embeddable":true,"href":"https:\/\/www.ocorreionews.com.br\/acervo-correio\/index.php?rest_route=%2Fwp%2Fv2%2Fcomments&post=247340"}],"version-history":[{"count":1,"href":"https:\/\/www.ocorreionews.com.br\/acervo-correio\/index.php?rest_route=\/wp\/v2\/posts\/247340\/revisions"}],"predecessor-version":[{"id":247345,"href":"https:\/\/www.ocorreionews.com.br\/acervo-correio\/index.php?rest_route=\/wp\/v2\/posts\/247340\/revisions\/247345"}],"wp:featuredmedia":[{"embeddable":true,"href":"https:\/\/www.ocorreionews.com.br\/acervo-correio\/index.php?rest_route=\/wp\/v2\/media\/247344"}],"wp:attachment":[{"href":"https:\/\/www.ocorreionews.com.br\/acervo-correio\/index.php?rest_route=%2Fwp%2Fv2%2Fmedia&parent=247340"}],"wp:term":[{"taxonomy":"category","embeddable":true,"href":"https:\/\/www.ocorreionews.com.br\/acervo-correio\/index.php?rest_route=%2Fwp%2Fv2%2Fcategories&post=247340"},{"taxonomy":"post_tag","embeddable":true,"href":"https:\/\/www.ocorreionews.com.br\/acervo-correio\/index.php?rest_route=%2Fwp%2Fv2%2Ftags&post=247340"}],"curies":[{"name":"wp","href":"https:\/\/api.w.org\/{rel}","templated":true}]}}