{"id":247342,"date":"2023-08-02T09:59:46","date_gmt":"2023-08-02T13:59:46","guid":{"rendered":"https:\/\/www.ocorreionews.com.br\/acervo-correio\/?p=247342"},"modified":"2023-08-02T10:53:49","modified_gmt":"2023-08-02T14:53:49","slug":"morre-jovem-envolvido-no-acidente-com-onibus-em-chapadao-do-sul","status":"publish","type":"post","link":"https:\/\/www.ocorreionews.com.br\/acervo-correio\/?p=247342","title":{"rendered":"Morre jovem envolvido no acidente com \u00d4nibus em Chapad\u00e3o do sul"},"content":{"rendered":"<p>O motociclista Vitor Louveira Junior de 26 anos que sofreu um acidente na manh\u00e3 desta quarta-feira (02), em Chapad\u00e3o do Sul, acabou n\u00e3o resistindo aos ferimentos e veio \u00f3bito no Hospital.<\/p>\n<p>Vitor seguia com sua motocicleta pela Avenida Rio Grande do Norte, quando pr\u00f3ximo a Feira do Produtor em um retorno ele acabou colidindo com um \u00f4nibus que faz transporte de funcion\u00e1rios de uma usina da regi\u00e3o.<\/p>\n<p>Reveja a mat\u00e9ria<\/p>\n<p>https:\/\/www.ocorreionews.com.br\/acervo-correio\/grave-acidente-envolvendo-moto-x-onibus-na-avenida-rn-motociclista-foi-levado-em-estado-grave-ao-hospital\/<\/p>\n","protected":false},"excerpt":{"rendered":"<p>O motociclista Vitor Louveira Junior de 26 anos que sofreu um acidente na manh\u00e3 desta quarta-feira (02), em Chapad\u00e3o do Sul, acabou n\u00e3o resistindo aos ferimentos e veio \u00f3bito no Hospital. Vitor seguia com sua motocicleta pela Avenida Rio Grande do Norte, quando pr\u00f3ximo a Feira do Produtor em um retorno ele acabou colidindo com [&hellip;]<\/p>\n","protected":false},"author":4,"featured_media":247348,"comment_status":"closed","ping_status":"closed","sticky":false,"template":"","format":"standard","meta":{"footnotes":""},"categories":[23,41],"tags":[],"class_list":["post-247342","post","type-post","status-publish","format-standard","has-post-thumbnail","hentry","category-chapadao-do-sul","category-destaque"],"_links":{"self":[{"href":"https:\/\/www.ocorreionews.com.br\/acervo-correio\/index.php?rest_route=\/wp\/v2\/posts\/247342","targetHints":{"allow":["GET"]}}],"collection":[{"href":"https:\/\/www.ocorreionews.com.br\/acervo-correio\/index.php?rest_route=\/wp\/v2\/posts"}],"about":[{"href":"https:\/\/www.ocorreionews.com.br\/acervo-correio\/index.php?rest_route=\/wp\/v2\/types\/post"}],"author":[{"embeddable":true,"href":"https:\/\/www.ocorreionews.com.br\/acervo-correio\/index.php?rest_route=\/wp\/v2\/users\/4"}],"replies":[{"embeddable":true,"href":"https:\/\/www.ocorreionews.com.br\/acervo-correio\/index.php?rest_route=%2Fwp%2Fv2%2Fcomments&post=247342"}],"version-history":[{"count":3,"href":"https:\/\/www.ocorreionews.com.br\/acervo-correio\/index.php?rest_route=\/wp\/v2\/posts\/247342\/revisions"}],"predecessor-version":[{"id":247352,"href":"https:\/\/www.ocorreionews.com.br\/acervo-correio\/index.php?rest_route=\/wp\/v2\/posts\/247342\/revisions\/247352"}],"wp:featuredmedia":[{"embeddable":true,"href":"https:\/\/www.ocorreionews.com.br\/acervo-correio\/index.php?rest_route=\/wp\/v2\/media\/247348"}],"wp:attachment":[{"href":"https:\/\/www.ocorreionews.com.br\/acervo-correio\/index.php?rest_route=%2Fwp%2Fv2%2Fmedia&parent=247342"}],"wp:term":[{"taxonomy":"category","embeddable":true,"href":"https:\/\/www.ocorreionews.com.br\/acervo-correio\/index.php?rest_route=%2Fwp%2Fv2%2Fcategories&post=247342"},{"taxonomy":"post_tag","embeddable":true,"href":"https:\/\/www.ocorreionews.com.br\/acervo-correio\/index.php?rest_route=%2Fwp%2Fv2%2Ftags&post=247342"}],"curies":[{"name":"wp","href":"https:\/\/api.w.org\/{rel}","templated":true}]}}