{"id":247367,"date":"2023-08-02T13:36:19","date_gmt":"2023-08-02T17:36:19","guid":{"rendered":"https:\/\/www.ocorreionews.com.br\/acervo-correio\/?p=247367"},"modified":"2023-08-02T13:37:48","modified_gmt":"2023-08-02T17:37:48","slug":"247367-2","status":"publish","type":"post","link":"https:\/\/www.ocorreionews.com.br\/acervo-correio\/?p=247367","title":{"rendered":"Motorista tem crise de hipoglicemia e cai com caminh\u00e3o em barranco da MS-010"},"content":{"rendered":"<div id=\"content-news\" class=\"fs-5 flex-shrink-0 w-100\">\n<p>Motorista de 48 anos teve uma crise de hipoglicemia, no final da manh\u00e3 desta quarta-feira (2), na MS-010, em Campo Grande, e caiu com o caminh\u00e3o que dirigia em um barranco \u00e0s margens da rodovia.<\/p>\n<p>Conforme informa\u00e7\u00f5es apuradas pelo Campo Grande News, a v\u00edtima seguia da Capital com destino a cidade de Terenos, quando teve o mal s\u00fabito, por conta da diabetes.<\/p>\n<p>O motorista perdeu o controle do ve\u00edculo, atravessou a pista contr\u00e1ria e caiu em um barranco onde passa um pequeno c\u00f3rrego. Testemunhas acionaram o Corpo de Bombeiros e, quando os socorristas chegaram ao local, encontraram o homem com pouca consci\u00eancia.<\/p>\n<p>O problema de sa\u00fade da v\u00edtima foi estabilizado e o caminhoneiro foi socorrido sem ferimentos graves. Ele deve ser encaminhado para Santa Casa, onde passar\u00e1 por atendimento m\u00e9dico.<\/p>\n<p>Uma equipe da Pol\u00edcia Rodovi\u00e1ria Federal (PRF) que passava pelo local prestou assist\u00eancia aos socorristas, at\u00e9 que uma equipe da Pol\u00edcia Rodovi\u00e1ria Estadual (PRE) chegasse para controlar o tr\u00e2nsito na rodovia, que n\u00e3o precisou ser interditada. O ve\u00edculo n\u00e3o estava carregado.<\/p>\n<\/div>\n<figure style=\"width: 768px\" class=\"wp-caption aligncenter\"><img loading=\"lazy\" decoding=\"async\" src=\"https:\/\/cdn.idest.top\/noticia\/2023\/08\/138170.jpg\" alt=\"https:\/\/cdn.idest.top\/noticia\/2023\/08\/138170.jpg\" width=\"768\" height=\"512\" \/><figcaption class=\"wp-caption-text\">Caminh\u00e3o caiu no barranco \u00e0s margens da rodovia (Foto: Paulo Francis)<\/figcaption><\/figure>\n<p>&nbsp;<\/p>\n<p>Por Antonio Bispo e Mariely Barros &#8211; Campo Grande News<\/p>\n","protected":false},"excerpt":{"rendered":"<p>Motorista de 48 anos teve uma crise de hipoglicemia, no final da manh\u00e3 desta quarta-feira (2), na MS-010, em Campo Grande, e caiu com o caminh\u00e3o que dirigia em um barranco \u00e0s margens da rodovia. Conforme informa\u00e7\u00f5es apuradas pelo Campo Grande News, a v\u00edtima seguia da Capital com destino a cidade de Terenos, quando teve [&hellip;]<\/p>\n","protected":false},"author":5,"featured_media":247371,"comment_status":"closed","ping_status":"closed","sticky":false,"template":"","format":"standard","meta":{"footnotes":""},"categories":[38],"tags":[],"class_list":["post-247367","post","type-post","status-publish","format-standard","has-post-thumbnail","hentry","category-policia"],"_links":{"self":[{"href":"https:\/\/www.ocorreionews.com.br\/acervo-correio\/index.php?rest_route=\/wp\/v2\/posts\/247367","targetHints":{"allow":["GET"]}}],"collection":[{"href":"https:\/\/www.ocorreionews.com.br\/acervo-correio\/index.php?rest_route=\/wp\/v2\/posts"}],"about":[{"href":"https:\/\/www.ocorreionews.com.br\/acervo-correio\/index.php?rest_route=\/wp\/v2\/types\/post"}],"author":[{"embeddable":true,"href":"https:\/\/www.ocorreionews.com.br\/acervo-correio\/index.php?rest_route=\/wp\/v2\/users\/5"}],"replies":[{"embeddable":true,"href":"https:\/\/www.ocorreionews.com.br\/acervo-correio\/index.php?rest_route=%2Fwp%2Fv2%2Fcomments&post=247367"}],"version-history":[{"count":2,"href":"https:\/\/www.ocorreionews.com.br\/acervo-correio\/index.php?rest_route=\/wp\/v2\/posts\/247367\/revisions"}],"predecessor-version":[{"id":247373,"href":"https:\/\/www.ocorreionews.com.br\/acervo-correio\/index.php?rest_route=\/wp\/v2\/posts\/247367\/revisions\/247373"}],"wp:featuredmedia":[{"embeddable":true,"href":"https:\/\/www.ocorreionews.com.br\/acervo-correio\/index.php?rest_route=\/wp\/v2\/media\/247371"}],"wp:attachment":[{"href":"https:\/\/www.ocorreionews.com.br\/acervo-correio\/index.php?rest_route=%2Fwp%2Fv2%2Fmedia&parent=247367"}],"wp:term":[{"taxonomy":"category","embeddable":true,"href":"https:\/\/www.ocorreionews.com.br\/acervo-correio\/index.php?rest_route=%2Fwp%2Fv2%2Fcategories&post=247367"},{"taxonomy":"post_tag","embeddable":true,"href":"https:\/\/www.ocorreionews.com.br\/acervo-correio\/index.php?rest_route=%2Fwp%2Fv2%2Ftags&post=247367"}],"curies":[{"name":"wp","href":"https:\/\/api.w.org\/{rel}","templated":true}]}}