{"id":247374,"date":"2023-08-02T13:42:56","date_gmt":"2023-08-02T17:42:56","guid":{"rendered":"https:\/\/www.ocorreionews.com.br\/acervo-correio\/?p=247374"},"modified":"2023-08-02T13:42:56","modified_gmt":"2023-08-02T17:42:56","slug":"costa-rica-trecho-da-rua-jose-narciso-toto-passa-a-ser-de-mao-unica","status":"publish","type":"post","link":"https:\/\/www.ocorreionews.com.br\/acervo-correio\/?p=247374","title":{"rendered":"Costa Rica: Trecho da Rua Jos\u00e9 Narciso Tot\u00f3 passa a ser de m\u00e3o \u00fanica"},"content":{"rendered":"<div class=\"ntc_cont_descricao_noticia sw_txteditor\">A Prefeitura de Costa Rica, por meio do Demutran (Departamento Municipal de Tr\u00e2nsito), informa \u00e0 popula\u00e7\u00e3o que a partir desta quarta-feira, 2 de agosto de 2023, houve uma altera\u00e7\u00e3o no tr\u00e1fego da Rua Jos\u00e9 Narciso Tot\u00f3.<\/p>\n<p>O trecho compreendido entre a Av. Jos\u00e9 Ferreira da Costa e a Rua T\u00e9rcio Teixeira Machado passou a ser de m\u00e3o \u00fanica. Agora, o sentido \u00fanico ser\u00e1 da Avenida rumo \u00e0 ponte (Rua Juvenil Pereira da Cunha) e em dire\u00e7\u00e3o ao rio Sucuri\u00fa (Rua Jos\u00e9 Narciso Tot\u00f3).<\/p><\/div>\n<div class=\"ntc_cont_descricao_noticia sw_txteditor\"><img loading=\"lazy\" decoding=\"async\" class=\"imgcentraliza aligncenter\" src=\"https:\/\/www.costarica.ms.gov.br\/fotos\/adc79810ef5f59b2bb1bd96b57b0e07c.jpg\" alt=\"Foto Noticia Principal Grande\" width=\"602\" height=\"602\" \/><\/p>\n<p>Essa medida tem como objetivo melhorar a seguran\u00e7a e a fluidez do tr\u00e2nsito nessa regi\u00e3o, proporcionando mais organiza\u00e7\u00e3o e efici\u00eancia no deslocamento dos ve\u00edculos.<\/p>\n<p>O Demutran pedi a compreens\u00e3o e colabora\u00e7\u00e3o de todos os motoristas e pedestres para que respeitem e se adaptem a essa nova sinaliza\u00e7\u00e3o. Refor\u00e7amos a import\u00e2ncia de respeitar os limites de velocidade e as demais normas de tr\u00e2nsito para garantir a seguran\u00e7a de todos.<\/p>\n<p>Em caso de d\u00favidas, entre em contato com o Demutran atrav\u00e9s do telefone: 3247-6968.<\/p>\n<p><img decoding=\"async\" class=\"imgcentraliza\" src=\"https:\/\/www.costarica.ms.gov.br\/fotos\/897be922213ebf0dab94bc4b0d6d91d1.jpg\" alt=\"Foto Noticia Principal Grande\" \/><\/div>\n<div><\/div>\n<div class=\"ntc_area_info_noticia sw_lato\">\n<div>\n<div class=\"ntc_info_noticia\"><strong class=\"sw_lato_black\">Fonte: <\/strong>Assessoria de Comunica\u00e7\u00e3o \/ PMCR &#8211; <strong class=\"sw_lato_black\">\u00a0<\/strong>Silvestre de Castro<\/div>\n<\/div>\n<\/div>\n","protected":false},"excerpt":{"rendered":"<p>A Prefeitura de Costa Rica, por meio do Demutran (Departamento Municipal de Tr\u00e2nsito), informa \u00e0 popula\u00e7\u00e3o que a partir desta quarta-feira, 2 de agosto de 2023, houve uma altera\u00e7\u00e3o no tr\u00e1fego da Rua Jos\u00e9 Narciso Tot\u00f3. O trecho compreendido entre a Av. Jos\u00e9 Ferreira da Costa e a Rua T\u00e9rcio Teixeira Machado passou a ser [&hellip;]<\/p>\n","protected":false},"author":5,"featured_media":247376,"comment_status":"closed","ping_status":"closed","sticky":false,"template":"","format":"standard","meta":{"footnotes":""},"categories":[25],"tags":[],"class_list":["post-247374","post","type-post","status-publish","format-standard","has-post-thumbnail","hentry","category-costa-rica"],"_links":{"self":[{"href":"https:\/\/www.ocorreionews.com.br\/acervo-correio\/index.php?rest_route=\/wp\/v2\/posts\/247374","targetHints":{"allow":["GET"]}}],"collection":[{"href":"https:\/\/www.ocorreionews.com.br\/acervo-correio\/index.php?rest_route=\/wp\/v2\/posts"}],"about":[{"href":"https:\/\/www.ocorreionews.com.br\/acervo-correio\/index.php?rest_route=\/wp\/v2\/types\/post"}],"author":[{"embeddable":true,"href":"https:\/\/www.ocorreionews.com.br\/acervo-correio\/index.php?rest_route=\/wp\/v2\/users\/5"}],"replies":[{"embeddable":true,"href":"https:\/\/www.ocorreionews.com.br\/acervo-correio\/index.php?rest_route=%2Fwp%2Fv2%2Fcomments&post=247374"}],"version-history":[{"count":1,"href":"https:\/\/www.ocorreionews.com.br\/acervo-correio\/index.php?rest_route=\/wp\/v2\/posts\/247374\/revisions"}],"predecessor-version":[{"id":247377,"href":"https:\/\/www.ocorreionews.com.br\/acervo-correio\/index.php?rest_route=\/wp\/v2\/posts\/247374\/revisions\/247377"}],"wp:featuredmedia":[{"embeddable":true,"href":"https:\/\/www.ocorreionews.com.br\/acervo-correio\/index.php?rest_route=\/wp\/v2\/media\/247376"}],"wp:attachment":[{"href":"https:\/\/www.ocorreionews.com.br\/acervo-correio\/index.php?rest_route=%2Fwp%2Fv2%2Fmedia&parent=247374"}],"wp:term":[{"taxonomy":"category","embeddable":true,"href":"https:\/\/www.ocorreionews.com.br\/acervo-correio\/index.php?rest_route=%2Fwp%2Fv2%2Fcategories&post=247374"},{"taxonomy":"post_tag","embeddable":true,"href":"https:\/\/www.ocorreionews.com.br\/acervo-correio\/index.php?rest_route=%2Fwp%2Fv2%2Ftags&post=247374"}],"curies":[{"name":"wp","href":"https:\/\/api.w.org\/{rel}","templated":true}]}}