{"id":247382,"date":"2023-08-02T14:05:06","date_gmt":"2023-08-02T18:05:06","guid":{"rendered":"https:\/\/www.ocorreionews.com.br\/acervo-correio\/?p=247382"},"modified":"2023-08-02T14:05:06","modified_gmt":"2023-08-02T18:05:06","slug":"servidores-publicos-em-chapadao-do-sul-participaram-de-capacitacao-em-comunicacao-assertiva-e-lideranca","status":"publish","type":"post","link":"https:\/\/www.ocorreionews.com.br\/acervo-correio\/?p=247382","title":{"rendered":"Servidores p\u00fablicos em Chapad\u00e3o do Sul participaram de capacita\u00e7\u00e3o em Comunica\u00e7\u00e3o Assertiva e Lideran\u00e7a"},"content":{"rendered":"<p>A Secretaria de Administra\u00e7\u00e3o de Chapad\u00e3o do Sul, em parceria com a Secretaria de Sa\u00fade, deu um passo significativo na busca pela excel\u00eancia no servi\u00e7o p\u00fablico ao oferecer uma capacita\u00e7\u00e3o inovadora e transformadora para os servidores municipais. A psic\u00f3loga J\u00e9ssica Apacite Bonif\u00e1cio juntamente com a diretora do Hospital Municipal Gilmara Campo e a respons\u00e1vel pela equipe de enfermagem, Iasmine Bernade Mota, foram as respons\u00e1veis por conduzir o programa de treinamento, focado na Comunica\u00e7\u00e3o Assertiva e Fortalecimento da Lideran\u00e7a, com o objetivo de aprimorar o trabalho em equipe, estreitar os la\u00e7os entre colegas e impulsionar o rendimento do grupo.<\/p>\n<p>A iniciativa, que contou com o apoio das Secretarias de Administra\u00e7\u00e3o e Sa\u00fade, visa aprimorar a atua\u00e7\u00e3o dos servidores, reconhecendo a import\u00e2ncia da comunica\u00e7\u00e3o eficaz e do est\u00edmulo \u00e0 lideran\u00e7a como pilares fundamentais para o bom desempenho na presta\u00e7\u00e3o de servi\u00e7os p\u00fablicos \u00e0 popula\u00e7\u00e3o.<\/p>\n<p>Comunica\u00e7\u00e3o Assertiva: Construindo pontes para o sucesso<\/p>\n<p>A Comunica\u00e7\u00e3o Assertiva \u00e9 uma ferramenta poderosa que visa estabelecer um canal de di\u00e1logo claro e respeitoso entre as pessoas, evitando mal-entendidos, conflitos desnecess\u00e1rios e criando um ambiente mais harmonioso e produtivo. Durante a capacita\u00e7\u00e3o, a psic\u00f3loga J\u00e9ssica Apacite Bonif\u00e1cio conduziu din\u00e2micas, exerc\u00edcios pr\u00e1ticos e palestras, focando no desenvolvimento das habilidades de escuta ativa, express\u00e3o de ideias de forma clara e objetiva, resolu\u00e7\u00e3o de conflitos e feedback construtivo.<\/p>\n<p>Ao aprimorar a comunica\u00e7\u00e3o entre os servidores, a parceria entre as Secretarias de Administra\u00e7\u00e3o e Sa\u00fade busca criar um ambiente de trabalho mais acolhedor, onde as diferen\u00e7as de opini\u00e3o e perspectivas s\u00e3o respeitadas, e as solu\u00e7\u00f5es s\u00e3o constru\u00eddas coletivamente. Essa atmosfera positiva n\u00e3o apenas melhora o relacionamento entre colegas, mas tamb\u00e9m se reflete no atendimento ao p\u00fablico, tornando-o mais humanizado e eficiente.<\/p>\n<p>Fortalecimento da lideran\u00e7a: Inspirando a excel\u00eancia<\/p>\n<p>Outro ponto-chave abordado na capacita\u00e7\u00e3o foi o fortalecimento da lideran\u00e7a entre os servidores p\u00fablicos. A psic\u00f3loga J\u00e9ssica Apacite Bonif\u00e1cio explorou os diferentes estilos de lideran\u00e7a, incentivando a identifica\u00e7\u00e3o de l\u00edderes potenciais em cada equipe e encorajando-os a assumirem um papel mais ativo no desenvolvimento e motiva\u00e7\u00e3o dos colegas.<\/p>\n<p>A pr\u00e1tica da lideran\u00e7a, quando guiada por princ\u00edpios \u00e9ticos e colaborativos, pode impulsionar o trabalho em equipe, fomentar a criatividade e a inova\u00e7\u00e3o, al\u00e9m de estimular um ambiente mais produtivo e engajado. Ao capacitar os servidores como l\u00edderes, a parceria entre as Secretarias almeja criar uma cultura organizacional que valorize o crescimento profissional e incentive a busca pela excel\u00eancia em cada tarefa desempenhada.<\/p>\n<p>Resultados esperados: Uma gest\u00e3o p\u00fablica mais eficiente<\/p>\n<p>Com a capacita\u00e7\u00e3o em Comunica\u00e7\u00e3o Assertiva e Fortalecimento da Lideran\u00e7a, a Secretaria de Administra\u00e7\u00e3o e Sa\u00fade de Chapad\u00e3o do Sul est\u00e1 investindo no capital humano de forma estrat\u00e9gica. Acredita-se que o aprimoramento dessas habilidades fundamentais resultar\u00e1 em diversos benef\u00edcios para o munic\u00edpio e a comunidade:<\/p>\n<p>1. Melhoria no atendimento ao p\u00fablico: Uma comunica\u00e7\u00e3o mais clara e emp\u00e1tica entre os servidores e a popula\u00e7\u00e3o resultar\u00e1 em um servi\u00e7o mais acolhedor e de qualidade.<\/p>\n<p>2. Fortalecimento das equipes: O aperfei\u00e7oamento da comunica\u00e7\u00e3o e a valoriza\u00e7\u00e3o da lideran\u00e7a ir\u00e3o promover a coes\u00e3o entre as equipes de trabalho, estimulando a colabora\u00e7\u00e3o e a troca de conhecimentos.<\/p>\n<p>3. Aumento da produtividade: Com uma comunica\u00e7\u00e3o mais eficiente e l\u00edderes inspiradores, espera-se um aumento significativo na produtividade das equipes, refletindo-se diretamente na efici\u00eancia dos servi\u00e7os prestados.<\/p>\n<p>4. Ambiente de trabalho saud\u00e1vel: A promo\u00e7\u00e3o da comunica\u00e7\u00e3o assertiva e do fortalecimento da lideran\u00e7a contribui para um ambiente de trabalho mais harmonioso e positivo, reduzindo conflitos e estresse.<\/p>\n<p>Em um mundo onde a qualidade dos servi\u00e7os p\u00fablicos \u00e9 um fator essencial para o desenvolvimento das comunidades, a parceria entre a Secretaria de Administra\u00e7\u00e3o e a Secretaria de Sa\u00fade de Chapad\u00e3o do Sul demonstra um comprometimento real em aprimorar as habilidades dos servidores municipais. O investimento em capacita\u00e7\u00e3o mostra-se como um caminho s\u00f3lido para uma gest\u00e3o p\u00fablica mais eficiente e voltada ao bem-estar da popula\u00e7\u00e3o.<\/p>\n<p><img decoding=\"async\" src=\"http:\/\/www.chapadaodosul.ms.gov.br\/admin\/arquivos\/imagem\/Imagem%20do%20WhatsApp%20de%202023-08-01%20%C3%A0(s)%2019.05.023.jpg\" \/><\/p>\n<p>*Assecom PMCS<\/p>\n","protected":false},"excerpt":{"rendered":"<p>A Secretaria de Administra\u00e7\u00e3o de Chapad\u00e3o do Sul, em parceria com a Secretaria de Sa\u00fade, deu um passo significativo na busca pela excel\u00eancia no servi\u00e7o p\u00fablico ao oferecer uma capacita\u00e7\u00e3o inovadora e transformadora para os servidores municipais. A psic\u00f3loga J\u00e9ssica Apacite Bonif\u00e1cio juntamente com a diretora do Hospital Municipal Gilmara Campo e a respons\u00e1vel pela [&hellip;]<\/p>\n","protected":false},"author":5,"featured_media":247383,"comment_status":"closed","ping_status":"closed","sticky":false,"template":"","format":"standard","meta":{"footnotes":""},"categories":[23],"tags":[],"class_list":["post-247382","post","type-post","status-publish","format-standard","has-post-thumbnail","hentry","category-chapadao-do-sul"],"_links":{"self":[{"href":"https:\/\/www.ocorreionews.com.br\/acervo-correio\/index.php?rest_route=\/wp\/v2\/posts\/247382","targetHints":{"allow":["GET"]}}],"collection":[{"href":"https:\/\/www.ocorreionews.com.br\/acervo-correio\/index.php?rest_route=\/wp\/v2\/posts"}],"about":[{"href":"https:\/\/www.ocorreionews.com.br\/acervo-correio\/index.php?rest_route=\/wp\/v2\/types\/post"}],"author":[{"embeddable":true,"href":"https:\/\/www.ocorreionews.com.br\/acervo-correio\/index.php?rest_route=\/wp\/v2\/users\/5"}],"replies":[{"embeddable":true,"href":"https:\/\/www.ocorreionews.com.br\/acervo-correio\/index.php?rest_route=%2Fwp%2Fv2%2Fcomments&post=247382"}],"version-history":[{"count":1,"href":"https:\/\/www.ocorreionews.com.br\/acervo-correio\/index.php?rest_route=\/wp\/v2\/posts\/247382\/revisions"}],"predecessor-version":[{"id":247385,"href":"https:\/\/www.ocorreionews.com.br\/acervo-correio\/index.php?rest_route=\/wp\/v2\/posts\/247382\/revisions\/247385"}],"wp:featuredmedia":[{"embeddable":true,"href":"https:\/\/www.ocorreionews.com.br\/acervo-correio\/index.php?rest_route=\/wp\/v2\/media\/247383"}],"wp:attachment":[{"href":"https:\/\/www.ocorreionews.com.br\/acervo-correio\/index.php?rest_route=%2Fwp%2Fv2%2Fmedia&parent=247382"}],"wp:term":[{"taxonomy":"category","embeddable":true,"href":"https:\/\/www.ocorreionews.com.br\/acervo-correio\/index.php?rest_route=%2Fwp%2Fv2%2Fcategories&post=247382"},{"taxonomy":"post_tag","embeddable":true,"href":"https:\/\/www.ocorreionews.com.br\/acervo-correio\/index.php?rest_route=%2Fwp%2Fv2%2Ftags&post=247382"}],"curies":[{"name":"wp","href":"https:\/\/api.w.org\/{rel}","templated":true}]}}