{"id":247384,"date":"2023-08-02T14:09:01","date_gmt":"2023-08-02T18:09:01","guid":{"rendered":"https:\/\/www.ocorreionews.com.br\/acervo-correio\/?p=247384"},"modified":"2023-08-02T14:09:01","modified_gmt":"2023-08-02T18:09:01","slug":"calor-de-40c-pouco-frio-e-clima-de-deserto-saiba-o-que-esperar-do-tempo-em-agosto-em-ms","status":"publish","type":"post","link":"https:\/\/www.ocorreionews.com.br\/acervo-correio\/?p=247384","title":{"rendered":"Calor de 40\u00b0C, pouco frio e clima de deserto: saiba o que esperar do tempo em agosto em MS"},"content":{"rendered":"<p>Agosto chegou com baixa umidade e calor em Mato Grosso do Sul e a apesar de continuarmos no inverno, os dias ser\u00e3o de altas temperaturas. Por influ\u00eancia do fen\u00f4meno El Ni\u00f1o, que eleva as temperaturas e ocasiona mais chuvas, os term\u00f4metros podem ficar pr\u00f3ximo dos 40\u00b0C em agosto.<\/p>\n<p>Previs\u00e3o do Cemtec\/MS indica que a temperatura do ar deve ficar acima da m\u00e9dia entre agosto e outubro, isso significa dias mais quentes que o normal. Na pr\u00e1tica, a popula\u00e7\u00e3o deve enfrentar calor de 36\u00b0C a 39\u00b0C.<\/p>\n<p>Deve ocorrer frio, mas em menor intensidade e quantidade de dias. J\u00e1 a chuva deve surpreender na regi\u00e3o do sul extremo e ficar dentro da m\u00e9dia nas demais \u00e1reas do Mato Grosso do Sul no trimestre.<\/p>\n<div><\/div>\n<h2 class=\"wp-block-heading\">Baixa umidade e calor<\/h2>\n<p>Agosto \u00e9 conhecido por ser um m\u00eas longo, de ventos fortes e baixa umidade. Em 2023, a popula\u00e7\u00e3o de Mato Grosso do Sul pode se preparar para situa\u00e7\u00f5es ainda mais extremas, em todos os quesitos.<\/p>\n<p>A meteorologia prev\u00ea v\u00e1rios dias com entre os 35\u00b0C e 39\u00b0C em Campo Grande, o que \u00e9 at\u00edpico para o m\u00eas. Em Corumb\u00e1, onde normalmente \u00e9 mais quente, as temperaturas m\u00e1ximas podem passar dos 40\u00b0C em v\u00e1rios dias, na primeira quinzena do m\u00eas.<\/p>\n<p>Ainda conforma previs\u00e3o do MetSul, o calor pode chegar a 43\u00b0C em Corumb\u00e1 na pr\u00f3xima semana. J\u00e1 em Ponta Por\u00e3, onde normalmente \u00e9 mais frio, a previs\u00e3o aponta para calor de at\u00e9 37\u00b0C nas duas primeiras semanas de agosto.<\/p>\n<p>&nbsp;<\/p>\n<p>*Midiamax &#8211; Priscilla Peres<\/p>\n<div class=\"elementor-element elementor-element-ec9eab2 elementor-widget__width-auto elementor-widget elementor-widget-text-editor\" data-id=\"ec9eab2\" data-element_type=\"widget\" data-widget_type=\"text-editor.default\">\n<div class=\"elementor-widget-container\"><\/div>\n<\/div>\n","protected":false},"excerpt":{"rendered":"<p>Agosto chegou com baixa umidade e calor em Mato Grosso do Sul e a apesar de continuarmos no inverno, os dias ser\u00e3o de altas temperaturas. Por influ\u00eancia do fen\u00f4meno El Ni\u00f1o, que eleva as temperaturas e ocasiona mais chuvas, os term\u00f4metros podem ficar pr\u00f3ximo dos 40\u00b0C em agosto. Previs\u00e3o do Cemtec\/MS indica que a temperatura [&hellip;]<\/p>\n","protected":false},"author":5,"featured_media":247386,"comment_status":"closed","ping_status":"closed","sticky":false,"template":"","format":"standard","meta":{"footnotes":""},"categories":[144],"tags":[],"class_list":["post-247384","post","type-post","status-publish","format-standard","has-post-thumbnail","hentry","category-meio-ambiente"],"_links":{"self":[{"href":"https:\/\/www.ocorreionews.com.br\/acervo-correio\/index.php?rest_route=\/wp\/v2\/posts\/247384","targetHints":{"allow":["GET"]}}],"collection":[{"href":"https:\/\/www.ocorreionews.com.br\/acervo-correio\/index.php?rest_route=\/wp\/v2\/posts"}],"about":[{"href":"https:\/\/www.ocorreionews.com.br\/acervo-correio\/index.php?rest_route=\/wp\/v2\/types\/post"}],"author":[{"embeddable":true,"href":"https:\/\/www.ocorreionews.com.br\/acervo-correio\/index.php?rest_route=\/wp\/v2\/users\/5"}],"replies":[{"embeddable":true,"href":"https:\/\/www.ocorreionews.com.br\/acervo-correio\/index.php?rest_route=%2Fwp%2Fv2%2Fcomments&post=247384"}],"version-history":[{"count":2,"href":"https:\/\/www.ocorreionews.com.br\/acervo-correio\/index.php?rest_route=\/wp\/v2\/posts\/247384\/revisions"}],"predecessor-version":[{"id":247388,"href":"https:\/\/www.ocorreionews.com.br\/acervo-correio\/index.php?rest_route=\/wp\/v2\/posts\/247384\/revisions\/247388"}],"wp:featuredmedia":[{"embeddable":true,"href":"https:\/\/www.ocorreionews.com.br\/acervo-correio\/index.php?rest_route=\/wp\/v2\/media\/247386"}],"wp:attachment":[{"href":"https:\/\/www.ocorreionews.com.br\/acervo-correio\/index.php?rest_route=%2Fwp%2Fv2%2Fmedia&parent=247384"}],"wp:term":[{"taxonomy":"category","embeddable":true,"href":"https:\/\/www.ocorreionews.com.br\/acervo-correio\/index.php?rest_route=%2Fwp%2Fv2%2Fcategories&post=247384"},{"taxonomy":"post_tag","embeddable":true,"href":"https:\/\/www.ocorreionews.com.br\/acervo-correio\/index.php?rest_route=%2Fwp%2Fv2%2Ftags&post=247384"}],"curies":[{"name":"wp","href":"https:\/\/api.w.org\/{rel}","templated":true}]}}