{"id":247389,"date":"2023-08-02T14:14:49","date_gmt":"2023-08-02T18:14:49","guid":{"rendered":"https:\/\/www.ocorreionews.com.br\/acervo-correio\/?p=247389"},"modified":"2023-08-02T14:14:49","modified_gmt":"2023-08-02T18:14:49","slug":"crianca-e-espancada-pelo-pai-por-assistir-pornografia-em-goias","status":"publish","type":"post","link":"https:\/\/www.ocorreionews.com.br\/acervo-correio\/?p=247389","title":{"rendered":"Crian\u00e7a \u00e9 espancada pelo pai por assistir pornografia em Goi\u00e1s"},"content":{"rendered":"<div id=\"chunk-aoi9i\">\n<div class=\"mc-column content-text active-extra-styles \" data-block-type=\"unstyled\" data-block-weight=\"36\" data-block-id=\"3\">\n<p class=\"content-text__container \" data-track-category=\"Link no Texto\" data-track-links=\"\">Um menino de 8 anos foi espancado pelo pai, em Piren\u00f3polis, no centro de Goi\u00e1s. Ao g1, o delegado respons\u00e1vel pelo caso, Rafhael Barboza, afirmou que o homem flagrou o filho vendo pornografia e o espancou.<\/p>\n<\/div>\n<\/div>\n<div class=\"wall protected-content\">\n<div id=\"chunk-cj2j5\">\n<div class=\"mc-column content-text active-extra-styles\" data-block-type=\"raw\" data-block-weight=\"6\" data-block-id=\"4\"><\/div>\n<\/div>\n<div id=\"chunk-6ri33\">\n<p class=\"content-text__container\">\n<div class=\"mc-column content-text active-extra-styles\" data-block-type=\"raw\" data-block-weight=\"22\" data-block-id=\"5\">\n<blockquote class=\"content-blockquote theme-border-color-primary-before\"><p>\u201cA av\u00f3 paterna buscou o menino para passar f\u00e9rias. O pai flagrou ele vendo pornografia e bateu muito nele&#8221;, explicou o delegado.<\/p><\/blockquote>\n<\/div>\n<p>&nbsp;<\/p>\n<\/div>\n<div id=\"chunk-7d6la\">\n<div class=\"mc-column content-text active-extra-styles \" data-block-type=\"unstyled\" data-block-weight=\"29\" data-block-id=\"6\">\n<p class=\"content-text__container \" data-track-category=\"Link no Texto\" data-track-links=\"\">O g1 entrou em contato com o pai da crian\u00e7a, via mensagem enviada \u00e0s 11h20 desta quarta-feira (2), mas n\u00e3o obteve retorno at\u00e9 a \u00faltima atualiza\u00e7\u00e3o da reportagem.<\/p>\n<p data-track-category=\"Link no Texto\" data-track-links=\"\">\n<\/div>\n<\/div>\n<div id=\"chunk-d9ir7\">\n<div class=\"mc-column content-text active-extra-styles \" data-block-type=\"unstyled\" data-block-weight=\"51\" data-block-id=\"10\">\n<p class=\"content-text__container \" data-track-category=\"Link no Texto\" data-track-links=\"\">O caso aconteceu na segunda-feira (31). Na den\u00fancia, a m\u00e3e, que mora em Cocalzinho de Goi\u00e1s, disse que o menino foi para a casa da fam\u00edlia paterna para passar nove dias. Ent\u00e3o, no dia da agress\u00e3o, ela recebeu um print de um conte\u00fado adulto que estaria no telefone da crian\u00e7a.<\/p>\n<p data-track-category=\"Link no Texto\" data-track-links=\"\">\n<\/div>\n<\/div>\n<div id=\"chunk-fmnq1\">\n<div class=\"mc-column content-text active-extra-styles \" data-block-type=\"unstyled\" data-block-weight=\"46\" data-block-id=\"12\">\n<p class=\"content-text__container \" data-track-category=\"Link no Texto\" data-track-links=\"\">Para entender a situa\u00e7\u00e3o, a m\u00e3e do menino ligou para a av\u00f3 dele, que afirmou que a crian\u00e7a estava assistindo ao conte\u00fado adulto. Durante a liga\u00e7\u00e3o, a m\u00e3e disse que ouviu a madrasta da crian\u00e7a gritando que ele estava apanhando porque ela \u201cn\u00e3o sabe criar filho&#8221;.<\/p>\n<p data-track-category=\"Link no Texto\" data-track-links=\"\">\n<\/div>\n<\/div>\n<div id=\"chunk-145js\">\n<div class=\"mc-column content-text active-extra-styles \" data-block-type=\"unstyled\" data-block-weight=\"29\" data-block-id=\"13\">\n<p class=\"content-text__container \" data-track-category=\"Link no Texto\" data-track-links=\"\">\u00c0 pol\u00edcia, a m\u00e3e ainda contou que a av\u00f3 disse que n\u00e3o iria entregar o menino de volta. Ent\u00e3o ela foi ao Conselho Tutelar pedir ajuda para busc\u00e1-lo.<\/p>\n<p data-track-category=\"Link no Texto\" data-track-links=\"\">\n<\/div>\n<\/div>\n<div id=\"chunk-d8ekd\">\n<div class=\"content-ads content-ads--reveal\" data-block-type=\"ads\" data-block-id=\"14\">\n<div id=\"banner_materia__7c89912e-c66a-4a57-bab0-bdbfeabf8a0e\" class=\"tag-manager-publicidade-container mc-has-reveal mc-has-ad-lazyload tag-manager-publicidade-banner_materia__7c89912e-c66a-4a57-bab0-bdbfeabf8a0e tag-manager-publicidade-container--carregado tag-manager-publicidade-container--visivel\" data-id=\"banner_materia__7c89912e-c66a-4a57-bab0-bdbfeabf8a0e\" data-google-query-id=\"CNu83NTJvoADFbiHlQIdjlkLug\">\n<div id=\"google_ads_iframe_\/95377733\/tvg_G1\/Sua_Regiao&gt;Centro_Oeste&gt;Goias_4__container__\"><\/div>\n<\/div>\n<\/div>\n<\/div>\n<div id=\"chunk-cdqmg\">\n<div class=\"mc-column content-text active-extra-styles \" data-block-type=\"unstyled\" data-block-weight=\"39\" data-block-id=\"15\">\n<p class=\"content-text__container \" data-track-category=\"Link no Texto\" data-track-links=\"\">Ao chegar na casa da m\u00e3e, a crian\u00e7a apresentava diversos ferimentos. Ele chegou a dizer que a av\u00f3 havia o segurado para que o pai o agredisse. O menino contou ainda que o homem quebrou o seu celular.<\/p>\n<p data-track-category=\"Link no Texto\" data-track-links=\"\">\n<\/div>\n<\/div>\n<div id=\"chunk-fabci\">\n<div class=\"mc-column content-text active-extra-styles \" data-block-type=\"unstyled\" data-block-weight=\"24\" data-block-id=\"16\">\n<p class=\"content-text__container \" data-track-category=\"Link no Texto\" data-track-links=\"\">Segundo o delegado Rafhael Barboza, o pai da crian\u00e7a ainda ser\u00e1 ouvido. O homem de 35 anos deve responder por maus-tratos e dano material.<\/p>\n<p class=\"content-publication-data__from\" title=\"Thauany Melo, g1 Goi\u00e1s\">Por Thauany Melo, g1 Goi\u00e1s<\/p>\n<\/div>\n<\/div>\n<\/div>\n","protected":false},"excerpt":{"rendered":"<p>Um menino de 8 anos foi espancado pelo pai, em Piren\u00f3polis, no centro de Goi\u00e1s. Ao g1, o delegado respons\u00e1vel pelo caso, Rafhael Barboza, afirmou que o homem flagrou o filho vendo pornografia e o espancou. \u201cA av\u00f3 paterna buscou o menino para passar f\u00e9rias. O pai flagrou ele vendo pornografia e bateu muito nele&#8221;, [&hellip;]<\/p>\n","protected":false},"author":5,"featured_media":247392,"comment_status":"closed","ping_status":"closed","sticky":false,"template":"","format":"standard","meta":{"footnotes":""},"categories":[141,38],"tags":[],"class_list":["post-247389","post","type-post","status-publish","format-standard","has-post-thumbnail","hentry","category-goias","category-policia"],"_links":{"self":[{"href":"https:\/\/www.ocorreionews.com.br\/acervo-correio\/index.php?rest_route=\/wp\/v2\/posts\/247389","targetHints":{"allow":["GET"]}}],"collection":[{"href":"https:\/\/www.ocorreionews.com.br\/acervo-correio\/index.php?rest_route=\/wp\/v2\/posts"}],"about":[{"href":"https:\/\/www.ocorreionews.com.br\/acervo-correio\/index.php?rest_route=\/wp\/v2\/types\/post"}],"author":[{"embeddable":true,"href":"https:\/\/www.ocorreionews.com.br\/acervo-correio\/index.php?rest_route=\/wp\/v2\/users\/5"}],"replies":[{"embeddable":true,"href":"https:\/\/www.ocorreionews.com.br\/acervo-correio\/index.php?rest_route=%2Fwp%2Fv2%2Fcomments&post=247389"}],"version-history":[{"count":1,"href":"https:\/\/www.ocorreionews.com.br\/acervo-correio\/index.php?rest_route=\/wp\/v2\/posts\/247389\/revisions"}],"predecessor-version":[{"id":247393,"href":"https:\/\/www.ocorreionews.com.br\/acervo-correio\/index.php?rest_route=\/wp\/v2\/posts\/247389\/revisions\/247393"}],"wp:featuredmedia":[{"embeddable":true,"href":"https:\/\/www.ocorreionews.com.br\/acervo-correio\/index.php?rest_route=\/wp\/v2\/media\/247392"}],"wp:attachment":[{"href":"https:\/\/www.ocorreionews.com.br\/acervo-correio\/index.php?rest_route=%2Fwp%2Fv2%2Fmedia&parent=247389"}],"wp:term":[{"taxonomy":"category","embeddable":true,"href":"https:\/\/www.ocorreionews.com.br\/acervo-correio\/index.php?rest_route=%2Fwp%2Fv2%2Fcategories&post=247389"},{"taxonomy":"post_tag","embeddable":true,"href":"https:\/\/www.ocorreionews.com.br\/acervo-correio\/index.php?rest_route=%2Fwp%2Fv2%2Ftags&post=247389"}],"curies":[{"name":"wp","href":"https:\/\/api.w.org\/{rel}","templated":true}]}}