{"id":247400,"date":"2023-08-02T15:45:35","date_gmt":"2023-08-02T19:45:35","guid":{"rendered":"https:\/\/www.ocorreionews.com.br\/acervo-correio\/?p=247400"},"modified":"2023-08-02T15:45:35","modified_gmt":"2023-08-02T19:45:35","slug":"figueirao-recebe-medica-do-programa-mais-medicos","status":"publish","type":"post","link":"https:\/\/www.ocorreionews.com.br\/acervo-correio\/?p=247400","title":{"rendered":"Figueir\u00e3o recebe m\u00e9dica do Programa Mais M\u00e9dicos"},"content":{"rendered":"<div dir=\"auto\">Nesta ter\u00e7a-feira (01\/8), a Prefeitura de Figueir\u00e3o recebeu mais uma m\u00e9dica do Programa Mais M\u00e9dicos, do Governo Federal, para atender na UBS e refor\u00e7ar a ESF do Munic\u00edpio.<\/div>\n<div dir=\"auto\"><\/div>\n<div dir=\"auto\">Trata-se da Dra. Ingrid Aparecida Alves, que atender\u00e1 na UBS e refor\u00e7ar\u00e1 a ESF (Estrat\u00e9gia Sa\u00fade da Fam\u00edlia) do Munic\u00edpio, um elo crucial para promover a sa\u00fade da comunidade, garantindo acesso a cuidados m\u00e9dicos b\u00e1sicos e preven\u00e7\u00e3o de doen\u00e7as.<\/div>\n<div dir=\"auto\">A Dra. Ingrid \u00e9 formada m\u00e9dica cl\u00ednica geral, pela faculdade de Mineiros-GO e estava trabalhando em Costa Rica.<\/div>\n<div dir=\"auto\">O Programa Mais M\u00e9dicos, recentemente teve ampliado para 15 mil o n\u00famero de m\u00e9dicos atuando na aten\u00e7\u00e3o b\u00e1sica do SUS, principalmente em regi\u00f5es de maior vulnerabilidade.<\/div>\n<div dir=\"auto\"><\/div>\n<div dir=\"auto\">Para o secret\u00e1rio de Sa\u00fade de Figueir\u00e3o, Pedro Ubiali, \u201cEssa a\u00e7\u00e3o pode resultar em uma popula\u00e7\u00e3o mais saud\u00e1vel e reduzir a press\u00e3o sobre os servi\u00e7os hospitalares do Munic\u00edpio e do Estado e tamb\u00e9m nos possibilitar\u00e1 aumentar os atendimentos m\u00e9dicos da Comunidade Quilombola de Santa Teresa e ainda de toda a \u00e1rea rural do munic\u00edpio\u201d.<\/div>\n<div dir=\"auto\"><\/div>\n<div dir=\"auto\"><a class=\"x1i10hfl xjbqb8w x6umtig x1b1mbwd xaqea5y xav7gou x9f619 x1ypdohk xt0psk2 xe8uvvx xdj266r x11i5rnm xat24cr x1mh8g0r xexx8yu x4uap5 x18d9i69 xkhd6sd x16tdsg8 x1hl2dhg xggy1nq x1a2a7pz xt0b8zv x1qq9wsj xo1l8bm\" tabindex=\"0\" role=\"link\" href=\"https:\/\/www.facebook.com\/hashtag\/sa%C3%BAde?__eep__=6&amp;__cft__[0]=AZWVAQmi_yPkmDl5vODZOSNw_D6229eTtddvqKWzgUs7T9rMHY7FXuH8taoXU8KsK1mXKPV9Y4jFSw-T2FZow4c6-o3XRJ_IAop5WLXETjnycikIUTm1lyduYQJcjvhUMAxsZzceAX4eLvZaTT5Xv_V4E1wYV1BzSNvrBH0ocFn6wE_6ruikaUCiupqzGmpRINg&amp;__tn__=*NK-R\">#sa\u00fade<\/a> <a class=\"x1i10hfl xjbqb8w x6umtig x1b1mbwd xaqea5y xav7gou x9f619 x1ypdohk xt0psk2 xe8uvvx xdj266r x11i5rnm xat24cr x1mh8g0r xexx8yu x4uap5 x18d9i69 xkhd6sd x16tdsg8 x1hl2dhg xggy1nq x1a2a7pz xt0b8zv x1qq9wsj xo1l8bm\" tabindex=\"0\" role=\"link\" href=\"https:\/\/www.facebook.com\/hashtag\/programamaismedicos?__eep__=6&amp;__cft__[0]=AZWVAQmi_yPkmDl5vODZOSNw_D6229eTtddvqKWzgUs7T9rMHY7FXuH8taoXU8KsK1mXKPV9Y4jFSw-T2FZow4c6-o3XRJ_IAop5WLXETjnycikIUTm1lyduYQJcjvhUMAxsZzceAX4eLvZaTT5Xv_V4E1wYV1BzSNvrBH0ocFn6wE_6ruikaUCiupqzGmpRINg&amp;__tn__=*NK-R\">#programamaismedicos<\/a><\/div>\n<div dir=\"auto\">Fonte\/Fotos: PMFigueir\u00e3o\/RubemVasconcellos<\/div>\n","protected":false},"excerpt":{"rendered":"<p>Nesta ter\u00e7a-feira (01\/8), a Prefeitura de Figueir\u00e3o recebeu mais uma m\u00e9dica do Programa Mais M\u00e9dicos, do Governo Federal, para atender na UBS e refor\u00e7ar a ESF do Munic\u00edpio. Trata-se da Dra. Ingrid Aparecida Alves, que atender\u00e1 na UBS e refor\u00e7ar\u00e1 a ESF (Estrat\u00e9gia Sa\u00fade da Fam\u00edlia) do Munic\u00edpio, um elo crucial para promover a sa\u00fade [&hellip;]<\/p>\n","protected":false},"author":4,"featured_media":247410,"comment_status":"closed","ping_status":"closed","sticky":false,"template":"","format":"standard","meta":{"footnotes":""},"categories":[30],"tags":[],"class_list":["post-247400","post","type-post","status-publish","format-standard","has-post-thumbnail","hentry","category-figueirao"],"_links":{"self":[{"href":"https:\/\/www.ocorreionews.com.br\/acervo-correio\/index.php?rest_route=\/wp\/v2\/posts\/247400","targetHints":{"allow":["GET"]}}],"collection":[{"href":"https:\/\/www.ocorreionews.com.br\/acervo-correio\/index.php?rest_route=\/wp\/v2\/posts"}],"about":[{"href":"https:\/\/www.ocorreionews.com.br\/acervo-correio\/index.php?rest_route=\/wp\/v2\/types\/post"}],"author":[{"embeddable":true,"href":"https:\/\/www.ocorreionews.com.br\/acervo-correio\/index.php?rest_route=\/wp\/v2\/users\/4"}],"replies":[{"embeddable":true,"href":"https:\/\/www.ocorreionews.com.br\/acervo-correio\/index.php?rest_route=%2Fwp%2Fv2%2Fcomments&post=247400"}],"version-history":[{"count":1,"href":"https:\/\/www.ocorreionews.com.br\/acervo-correio\/index.php?rest_route=\/wp\/v2\/posts\/247400\/revisions"}],"predecessor-version":[{"id":247411,"href":"https:\/\/www.ocorreionews.com.br\/acervo-correio\/index.php?rest_route=\/wp\/v2\/posts\/247400\/revisions\/247411"}],"wp:featuredmedia":[{"embeddable":true,"href":"https:\/\/www.ocorreionews.com.br\/acervo-correio\/index.php?rest_route=\/wp\/v2\/media\/247410"}],"wp:attachment":[{"href":"https:\/\/www.ocorreionews.com.br\/acervo-correio\/index.php?rest_route=%2Fwp%2Fv2%2Fmedia&parent=247400"}],"wp:term":[{"taxonomy":"category","embeddable":true,"href":"https:\/\/www.ocorreionews.com.br\/acervo-correio\/index.php?rest_route=%2Fwp%2Fv2%2Fcategories&post=247400"},{"taxonomy":"post_tag","embeddable":true,"href":"https:\/\/www.ocorreionews.com.br\/acervo-correio\/index.php?rest_route=%2Fwp%2Fv2%2Ftags&post=247400"}],"curies":[{"name":"wp","href":"https:\/\/api.w.org\/{rel}","templated":true}]}}