{"id":247404,"date":"2023-08-02T15:29:10","date_gmt":"2023-08-02T19:29:10","guid":{"rendered":"https:\/\/www.ocorreionews.com.br\/acervo-correio\/?p=247404"},"modified":"2023-08-02T15:29:10","modified_gmt":"2023-08-02T19:29:10","slug":"mesmo-com-proibicao-bombeiros-combateram-dois-incendios-em-terrenos-em-chapadao-do-sul","status":"publish","type":"post","link":"https:\/\/www.ocorreionews.com.br\/acervo-correio\/?p=247404","title":{"rendered":"Mesmo com proibi\u00e7\u00e3o Bombeiros combateram dois inc\u00eandios em terrenos em Chapad\u00e3o do Sul"},"content":{"rendered":"<p>Atear fogo em terrenos ou queima de res\u00edduo est\u00e1 proibida e pode gerar multa e at\u00e9 sans\u00f5es penais, mesmo assim o Corpo de Bombeiros de Chapad\u00e3o do Sul atendeu duas ocorr\u00eancias de inc\u00eandios na cidade nesta ter\u00e7a-feira (01).<\/p>\n<p>A primeira ocorr\u00eancia aconteceu, no final da tarde no terreno de uma empresa de telefonia que fica na Rua 14, ao lado do Centro Aqu\u00e1tico de Chapad\u00e3o do Sul. No local segundo moradores continha um mato alto e seco, o que facilitou o fogo se alastrar, e colocando em risco tanto as torres de telefonia que tem no local, como a obra do Centro Aqu\u00e1tico como tamb\u00e9m o antigo pr\u00e9dio da Banda Municipal.<\/p>\n<p>Os militares dos bombeiros precisaram pular o alambrado do terreno para controlar o fogo.<\/p>\n<p><img loading=\"lazy\" decoding=\"async\" class=\"wp-image-247406 aligncenter\" src=\"https:\/\/www.ocorreionews.com.br\/acervo-correio\/wp-content\/uploads\/2023\/08\/incendio-terreno-OI-2.jpg\" alt=\"\" width=\"598\" height=\"450\" srcset=\"https:\/\/www.ocorreionews.com.br\/acervo-correio\/wp-content\/uploads\/2023\/08\/incendio-terreno-OI-2.jpg 1600w, https:\/\/www.ocorreionews.com.br\/acervo-correio\/wp-content\/uploads\/2023\/08\/incendio-terreno-OI-2-300x226.jpg 300w, https:\/\/www.ocorreionews.com.br\/acervo-correio\/wp-content\/uploads\/2023\/08\/incendio-terreno-OI-2-1024x771.jpg 1024w, https:\/\/www.ocorreionews.com.br\/acervo-correio\/wp-content\/uploads\/2023\/08\/incendio-terreno-OI-2-768x578.jpg 768w, https:\/\/www.ocorreionews.com.br\/acervo-correio\/wp-content\/uploads\/2023\/08\/incendio-terreno-OI-2-1536x1156.jpg 1536w, https:\/\/www.ocorreionews.com.br\/acervo-correio\/wp-content\/uploads\/2023\/08\/incendio-terreno-OI-2-86x64.jpg 86w\" sizes=\"auto, (max-width: 598px) 100vw, 598px\" \/><\/p>\n<p>J\u00e1 na segunda ocorr\u00eancia, aconteceu j\u00e1 no in\u00edcio da noite em um terreno baldio que fica na Rua F\u00e1tima do Sul, no Bairro Sibipiruna, onde rapidamente os militares controlaram o fogo, antes que se alastrasse para as resid\u00eancias pr\u00f3ximas.<\/p>\n<p><img loading=\"lazy\" decoding=\"async\" class=\"wp-image-247405 aligncenter\" src=\"https:\/\/www.ocorreionews.com.br\/acervo-correio\/wp-content\/uploads\/2023\/08\/incendio-terreno-fatima-do-sul.jpg\" alt=\"\" width=\"600\" height=\"452\" srcset=\"https:\/\/www.ocorreionews.com.br\/acervo-correio\/wp-content\/uploads\/2023\/08\/incendio-terreno-fatima-do-sul.jpg 1600w, https:\/\/www.ocorreionews.com.br\/acervo-correio\/wp-content\/uploads\/2023\/08\/incendio-terreno-fatima-do-sul-300x226.jpg 300w, https:\/\/www.ocorreionews.com.br\/acervo-correio\/wp-content\/uploads\/2023\/08\/incendio-terreno-fatima-do-sul-1024x771.jpg 1024w, https:\/\/www.ocorreionews.com.br\/acervo-correio\/wp-content\/uploads\/2023\/08\/incendio-terreno-fatima-do-sul-768x578.jpg 768w, https:\/\/www.ocorreionews.com.br\/acervo-correio\/wp-content\/uploads\/2023\/08\/incendio-terreno-fatima-do-sul-1536x1156.jpg 1536w, https:\/\/www.ocorreionews.com.br\/acervo-correio\/wp-content\/uploads\/2023\/08\/incendio-terreno-fatima-do-sul-86x64.jpg 86w\" sizes=\"auto, (max-width: 600px) 100vw, 600px\" \/><\/p>\n<p>Nos dois casos n\u00e3o h\u00e1 informa\u00e7\u00e3o se o inc\u00eandio foi causado por vandalismo ou pessoas no intuito de limpar o terreno, mas independente se os autores que colocaram fogo no local forem identificados, responder\u00e3o por crime ambiental, que imp\u00f5em san\u00e7\u00f5es severas, como multas e at\u00e9 reclus\u00e3o, com penas que variam de 1 a 4 anos de deten\u00e7\u00e3o.<\/p>\n<p>A prefeitura de Chapad\u00e3o do Sul imitiu um comunicado nesta ter\u00e7a-feira relatando que queimadas \u00e9 crime, veja abaixo:<\/p>\n<h5 class=\"color-primary font-24 mb-4 p-0\" style=\"text-align: center;\">ALERTA: Fiscaliza\u00e7\u00e3o Ambiental adverte sobre queimadas no munic\u00edpio<\/h5>\n<p>&nbsp;<\/p>\n<p style=\"font-weight: 400;\">Em virtude da chegada do per\u00edodo de estiagem, Prefeitura de Chapad\u00e3o do Sul atrav\u00e9s da Secretaria Municipal de Desenvolvimento Econ\u00f4mico e Meio Ambiente (SEDEMA), alerta a popula\u00e7\u00e3o sobre a proibi\u00e7\u00e3o de queimadas de terrenos e res\u00edduos (lixos) no munic\u00edpio. A medida visa prevenir danos ao meio ambiente e \u00e0 sa\u00fade da popula\u00e7\u00e3o, especialmente de idosos e crian\u00e7as, que s\u00e3o mais vulner\u00e1veis aos problemas respirat\u00f3rios causados pela exposi\u00e7\u00e3o \u00e0 fuma\u00e7a.<\/p>\n<p style=\"font-weight: 400;\">De acordo com a Lei federal n\u00ba 9.605, o uso do fogo em terrenos e a queima de res\u00edduos \u00e9 considerado um crime ambiental, sendo proibido em qualquer \u00e9poca do ano. Al\u00e9m disso, as legisla\u00e7\u00f5es estaduais (Lei Estadual 90\/1980 e Decreto 4.625\/1988) tamb\u00e9m imp\u00f5em san\u00e7\u00f5es severas, como multas e at\u00e9 reclus\u00e3o, com penas que variam de 1 a 4 anos.<\/p>\n<p style=\"font-weight: 400;\">Para assegurar o cumprimento das normas e preservar a integridade do meio ambiente, a Prefeitura de Chapad\u00e3o do Sul informa que os propriet\u00e1rios de terrenos onde ocorram queimadas ser\u00e3o notificados e estar\u00e3o sujeitos \u00e0s penalidades previstas em lei. Portanto, \u00e9 fundamental que a popula\u00e7\u00e3o esteja atenta e colabore no combate a esse tipo de pr\u00e1tica ilegal.<\/p>\n<p style=\"font-weight: 400;\">A SEDEMA destaca ainda que \u00e9 importante evitar o uso do fogo para queimar lixo no fundo dos quintais ou as folhas que caem das \u00e1rvores. Existem alternativas mais seguras e sustent\u00e1veis para o descarte adequado desses materiais, como a coleta regular de lixo e a compostagem de res\u00edduos org\u00e2nicos.<\/p>\n<p style=\"font-weight: 400;\">Ao respeitarmos a proibi\u00e7\u00e3o das queimadas, contribu\u00edmos diretamente para a preserva\u00e7\u00e3o da biodiversidade local, a qualidade do ar que respiramos e a manuten\u00e7\u00e3o de um ambiente saud\u00e1vel para todos os cidad\u00e3os de Chapad\u00e3o do Sul.<\/p>\n<p style=\"font-weight: 400;\">A Prefeitura de Chapad\u00e3o do Sul, por meio da SEDEMA, conta com o apoio da popula\u00e7\u00e3o para garantir que o munic\u00edpio permane\u00e7a protegido dos riscos ambientais e de sa\u00fade provocados pelas queimadas. Juntos, podemos preservar nossa cidade e promover um desenvolvimento sustent\u00e1vel para as futuras gera\u00e7\u00f5es.<\/p>\n<p style=\"font-weight: 400;\">Denuncie pr\u00e1ticas ilegais na Ouvidoria Municipal atrav\u00e9s dos telefones 0800 647 0162 ou pelo WhatsApp clicando aqui &gt;\u00a0<a href=\"http:\/\/wa.me\/556799878600\">http:\/\/wa.me\/556799878600<\/a>\u00a0ajude-nos a construir um futuro melhor para Chapad\u00e3o do Sul!<\/p>\n<p style=\"font-weight: 400;\">Mais informa\u00e7\u00f5es podem ser obtidas na Secretaria Municipal de Desenvolvimento Econ\u00f4mico e Meio Ambiente, localizada na Avenida Onze, 1045 \u2013 Centro, ou atrav\u00e9s do Departamento de Meio Ambiente pelo telefone 67 3562-5672.<\/p>\n<p><img loading=\"lazy\" decoding=\"async\" class=\"wp-image-247250 aligncenter\" src=\"https:\/\/www.ocorreionews.com.br\/acervo-correio\/wp-content\/uploads\/2023\/08\/queimada-crime.jpg\" alt=\"\" width=\"602\" height=\"401\" srcset=\"https:\/\/www.ocorreionews.com.br\/acervo-correio\/wp-content\/uploads\/2023\/08\/queimada-crime.jpg 800w, https:\/\/www.ocorreionews.com.br\/acervo-correio\/wp-content\/uploads\/2023\/08\/queimada-crime-300x200.jpg 300w, https:\/\/www.ocorreionews.com.br\/acervo-correio\/wp-content\/uploads\/2023\/08\/queimada-crime-768x512.jpg 768w\" sizes=\"auto, (max-width: 602px) 100vw, 602px\" \/><\/p>\n<p>&nbsp;<\/p>\n<p>*O Correio News e Assecom PMCS &#8211; Fotos: Corpo de Bombeiros<\/p>\n<div class=\"row\">\n<div class=\"col conteudo-noticia\"><\/div>\n<\/div>\n","protected":false},"excerpt":{"rendered":"<p>Atear fogo em terrenos ou queima de res\u00edduo est\u00e1 proibida e pode gerar multa e at\u00e9 sans\u00f5es penais, mesmo assim o Corpo de Bombeiros de Chapad\u00e3o do Sul atendeu duas ocorr\u00eancias de inc\u00eandios na cidade nesta ter\u00e7a-feira (01). A primeira ocorr\u00eancia aconteceu, no final da tarde no terreno de uma empresa de telefonia que fica [&hellip;]<\/p>\n","protected":false},"author":5,"featured_media":247407,"comment_status":"closed","ping_status":"closed","sticky":false,"template":"","format":"standard","meta":{"footnotes":""},"categories":[23,41],"tags":[],"class_list":["post-247404","post","type-post","status-publish","format-standard","has-post-thumbnail","hentry","category-chapadao-do-sul","category-destaque"],"_links":{"self":[{"href":"https:\/\/www.ocorreionews.com.br\/acervo-correio\/index.php?rest_route=\/wp\/v2\/posts\/247404","targetHints":{"allow":["GET"]}}],"collection":[{"href":"https:\/\/www.ocorreionews.com.br\/acervo-correio\/index.php?rest_route=\/wp\/v2\/posts"}],"about":[{"href":"https:\/\/www.ocorreionews.com.br\/acervo-correio\/index.php?rest_route=\/wp\/v2\/types\/post"}],"author":[{"embeddable":true,"href":"https:\/\/www.ocorreionews.com.br\/acervo-correio\/index.php?rest_route=\/wp\/v2\/users\/5"}],"replies":[{"embeddable":true,"href":"https:\/\/www.ocorreionews.com.br\/acervo-correio\/index.php?rest_route=%2Fwp%2Fv2%2Fcomments&post=247404"}],"version-history":[{"count":1,"href":"https:\/\/www.ocorreionews.com.br\/acervo-correio\/index.php?rest_route=\/wp\/v2\/posts\/247404\/revisions"}],"predecessor-version":[{"id":247408,"href":"https:\/\/www.ocorreionews.com.br\/acervo-correio\/index.php?rest_route=\/wp\/v2\/posts\/247404\/revisions\/247408"}],"wp:featuredmedia":[{"embeddable":true,"href":"https:\/\/www.ocorreionews.com.br\/acervo-correio\/index.php?rest_route=\/wp\/v2\/media\/247407"}],"wp:attachment":[{"href":"https:\/\/www.ocorreionews.com.br\/acervo-correio\/index.php?rest_route=%2Fwp%2Fv2%2Fmedia&parent=247404"}],"wp:term":[{"taxonomy":"category","embeddable":true,"href":"https:\/\/www.ocorreionews.com.br\/acervo-correio\/index.php?rest_route=%2Fwp%2Fv2%2Fcategories&post=247404"},{"taxonomy":"post_tag","embeddable":true,"href":"https:\/\/www.ocorreionews.com.br\/acervo-correio\/index.php?rest_route=%2Fwp%2Fv2%2Ftags&post=247404"}],"curies":[{"name":"wp","href":"https:\/\/api.w.org\/{rel}","templated":true}]}}