{"id":247413,"date":"2023-08-02T21:37:43","date_gmt":"2023-08-03T01:37:43","guid":{"rendered":"https:\/\/www.ocorreionews.com.br\/acervo-correio\/?p=247413"},"modified":"2023-08-03T10:30:58","modified_gmt":"2023-08-03T14:30:58","slug":"definido-os-atos-funebres-do-jovem-vitor-louveira-que-faleceu-vitima-de-acidente-em-chapadao-do-sul","status":"publish","type":"post","link":"https:\/\/www.ocorreionews.com.br\/acervo-correio\/?p=247413","title":{"rendered":"Definido os atos f\u00fanebres do jovem Vitor Louveira que faleceu v\u00edtima de acidente em Chapad\u00e3o do Sul"},"content":{"rendered":"<p>Familiares definiram os hor\u00e1rios dos atos f\u00fanebres de Vitor Louveira Junior de 26 anos que morreu em um tr\u00e1gico acidente na manh\u00e3 desta quarta-feira (02).<\/p>\n<p>O vel\u00f3rio do corpo de Vitor acontecer\u00e1 na Veladoria Municipal de Chapad\u00e3o do Sul a partir da meia noite e o sepultamento est\u00e1 previsto para acontecer as 10 horas no Cemit\u00e9rio local. <em>Hor\u00e1rio local.<\/em><\/p>\n<p><strong>Relembre o caso<\/strong><\/p>\n<p>O motociclista Vitor Louveira Junior de 26 anos que sofreu um acidente na manh\u00e3 desta quarta-feira (02), em Chapad\u00e3o do Sul, acabou n\u00e3o resistindo aos ferimentos e veio \u00f3bito no Hospital.<\/p>\n<p>Vitor seguia com sua motocicleta pela Avenida Rio Grande do Norte, quando pr\u00f3ximo a Feira do Produtor em um retorno ele acabou colidindo com um \u00f4nibus que faz transporte de funcion\u00e1rios de uma usina da regi\u00e3o.<\/p>\n<p>Pela din\u00e2mica do acidente, o motociclista tentou uma ultrapassagem em frente ao contorno da Feira Municipal e ficou sem espa\u00e7o veio a colidir no meio fio e na lateral do \u00f4nibus. No local h\u00e1 sinais de uma grande frenagem, mostrando que o motoqueiro pode ter sido fechado pelo \u00f4nibus.<\/p>\n<p>Vitor trabalhava em uma empresa de material de constru\u00e7\u00e3o foi socorrido pelo Corpo de Bombeiros em estado grave, com poss\u00edvel fratura de costelas e hemorragia interna, mas n\u00e3o resistiu e veio \u00f3bito.\u00a0 H\u00e1 a suspeita que com a queda o \u00f4nibus acabou passando por cima da v\u00edtima.<\/p>\n<p><img loading=\"lazy\" decoding=\"async\" class=\"alignnone size-full wp-image-247308\" src=\"https:\/\/www.ocorreionews.com.br\/acervo-correio\/wp-content\/uploads\/2023\/08\/DSC_0827.jpg\" alt=\"\" width=\"2144\" height=\"1424\" srcset=\"https:\/\/www.ocorreionews.com.br\/acervo-correio\/wp-content\/uploads\/2023\/08\/DSC_0827.jpg 2144w, https:\/\/www.ocorreionews.com.br\/acervo-correio\/wp-content\/uploads\/2023\/08\/DSC_0827-300x199.jpg 300w, https:\/\/www.ocorreionews.com.br\/acervo-correio\/wp-content\/uploads\/2023\/08\/DSC_0827-1024x680.jpg 1024w, https:\/\/www.ocorreionews.com.br\/acervo-correio\/wp-content\/uploads\/2023\/08\/DSC_0827-768x510.jpg 768w, https:\/\/www.ocorreionews.com.br\/acervo-correio\/wp-content\/uploads\/2023\/08\/DSC_0827-1536x1020.jpg 1536w, https:\/\/www.ocorreionews.com.br\/acervo-correio\/wp-content\/uploads\/2023\/08\/DSC_0827-2048x1360.jpg 2048w\" sizes=\"auto, (max-width: 2144px) 100vw, 2144px\" \/><\/p>\n<p><img loading=\"lazy\" decoding=\"async\" class=\"alignnone size-full wp-image-247307\" src=\"https:\/\/www.ocorreionews.com.br\/acervo-correio\/wp-content\/uploads\/2023\/08\/DSC_0826.jpg\" alt=\"\" width=\"2144\" height=\"1424\" srcset=\"https:\/\/www.ocorreionews.com.br\/acervo-correio\/wp-content\/uploads\/2023\/08\/DSC_0826.jpg 2144w, https:\/\/www.ocorreionews.com.br\/acervo-correio\/wp-content\/uploads\/2023\/08\/DSC_0826-300x199.jpg 300w, https:\/\/www.ocorreionews.com.br\/acervo-correio\/wp-content\/uploads\/2023\/08\/DSC_0826-1024x680.jpg 1024w, https:\/\/www.ocorreionews.com.br\/acervo-correio\/wp-content\/uploads\/2023\/08\/DSC_0826-768x510.jpg 768w, https:\/\/www.ocorreionews.com.br\/acervo-correio\/wp-content\/uploads\/2023\/08\/DSC_0826-1536x1020.jpg 1536w, https:\/\/www.ocorreionews.com.br\/acervo-correio\/wp-content\/uploads\/2023\/08\/DSC_0826-2048x1360.jpg 2048w\" sizes=\"auto, (max-width: 2144px) 100vw, 2144px\" \/><\/p>\n<p><img loading=\"lazy\" decoding=\"async\" class=\"alignnone size-full wp-image-247305\" src=\"https:\/\/www.ocorreionews.com.br\/acervo-correio\/wp-content\/uploads\/2023\/08\/DSC_0823.jpg\" alt=\"\" width=\"2144\" height=\"1424\" srcset=\"https:\/\/www.ocorreionews.com.br\/acervo-correio\/wp-content\/uploads\/2023\/08\/DSC_0823.jpg 2144w, https:\/\/www.ocorreionews.com.br\/acervo-correio\/wp-content\/uploads\/2023\/08\/DSC_0823-300x199.jpg 300w, https:\/\/www.ocorreionews.com.br\/acervo-correio\/wp-content\/uploads\/2023\/08\/DSC_0823-1024x680.jpg 1024w, https:\/\/www.ocorreionews.com.br\/acervo-correio\/wp-content\/uploads\/2023\/08\/DSC_0823-768x510.jpg 768w, https:\/\/www.ocorreionews.com.br\/acervo-correio\/wp-content\/uploads\/2023\/08\/DSC_0823-1536x1020.jpg 1536w, https:\/\/www.ocorreionews.com.br\/acervo-correio\/wp-content\/uploads\/2023\/08\/DSC_0823-2048x1360.jpg 2048w\" sizes=\"auto, (max-width: 2144px) 100vw, 2144px\" \/><\/p>\n","protected":false},"excerpt":{"rendered":"<p>Familiares definiram os hor\u00e1rios dos atos f\u00fanebres de Vitor Louveira Junior de 26 anos que morreu em um tr\u00e1gico acidente na manh\u00e3 desta quarta-feira (02). O vel\u00f3rio do corpo de Vitor acontecer\u00e1 na Veladoria Municipal de Chapad\u00e3o do Sul a partir da meia noite e o sepultamento est\u00e1 previsto para acontecer as 10 horas no [&hellip;]<\/p>\n","protected":false},"author":5,"featured_media":247414,"comment_status":"closed","ping_status":"closed","sticky":false,"template":"","format":"standard","meta":{"footnotes":""},"categories":[23],"tags":[],"class_list":["post-247413","post","type-post","status-publish","format-standard","has-post-thumbnail","hentry","category-chapadao-do-sul"],"_links":{"self":[{"href":"https:\/\/www.ocorreionews.com.br\/acervo-correio\/index.php?rest_route=\/wp\/v2\/posts\/247413","targetHints":{"allow":["GET"]}}],"collection":[{"href":"https:\/\/www.ocorreionews.com.br\/acervo-correio\/index.php?rest_route=\/wp\/v2\/posts"}],"about":[{"href":"https:\/\/www.ocorreionews.com.br\/acervo-correio\/index.php?rest_route=\/wp\/v2\/types\/post"}],"author":[{"embeddable":true,"href":"https:\/\/www.ocorreionews.com.br\/acervo-correio\/index.php?rest_route=\/wp\/v2\/users\/5"}],"replies":[{"embeddable":true,"href":"https:\/\/www.ocorreionews.com.br\/acervo-correio\/index.php?rest_route=%2Fwp%2Fv2%2Fcomments&post=247413"}],"version-history":[{"count":3,"href":"https:\/\/www.ocorreionews.com.br\/acervo-correio\/index.php?rest_route=\/wp\/v2\/posts\/247413\/revisions"}],"predecessor-version":[{"id":247432,"href":"https:\/\/www.ocorreionews.com.br\/acervo-correio\/index.php?rest_route=\/wp\/v2\/posts\/247413\/revisions\/247432"}],"wp:featuredmedia":[{"embeddable":true,"href":"https:\/\/www.ocorreionews.com.br\/acervo-correio\/index.php?rest_route=\/wp\/v2\/media\/247414"}],"wp:attachment":[{"href":"https:\/\/www.ocorreionews.com.br\/acervo-correio\/index.php?rest_route=%2Fwp%2Fv2%2Fmedia&parent=247413"}],"wp:term":[{"taxonomy":"category","embeddable":true,"href":"https:\/\/www.ocorreionews.com.br\/acervo-correio\/index.php?rest_route=%2Fwp%2Fv2%2Fcategories&post=247413"},{"taxonomy":"post_tag","embeddable":true,"href":"https:\/\/www.ocorreionews.com.br\/acervo-correio\/index.php?rest_route=%2Fwp%2Fv2%2Ftags&post=247413"}],"curies":[{"name":"wp","href":"https:\/\/api.w.org\/{rel}","templated":true}]}}