{"id":247422,"date":"2023-08-03T08:43:02","date_gmt":"2023-08-03T12:43:02","guid":{"rendered":"https:\/\/www.ocorreionews.com.br\/acervo-correio\/?p=247422"},"modified":"2023-08-03T09:58:07","modified_gmt":"2023-08-03T13:58:07","slug":"cassilandia-celebra-69-anos-de-fundacao-neste-dia-03","status":"publish","type":"post","link":"https:\/\/www.ocorreionews.com.br\/acervo-correio\/?p=247422","title":{"rendered":"Cassil\u00e2ndia celebra 69 anos de funda\u00e7\u00e3o neste dia 03 de Agosto"},"content":{"rendered":"<p>O munic\u00edpio de Cassil\u00e2ndia comemora hoje 03 de agosto,\u00a0 69 anos de sua Funda\u00e7\u00e3o.\u00a0 Segundo o Censo do IBGE de 2022 o munic\u00edpio tem hoje 20,988 habitantes.<\/p>\n<p><strong>Historia<\/strong><\/p>\n<p>Por volta de 1930, nas terras que hoje comp\u00f5em o Munic\u00edpio de Cassil\u00e2ndia, j\u00e1 se encontravam instalados diversos fazendeiros, entre os quais Ant\u00f4nio Paulino, Izaias Teixeira Borges Laudemiro Ferreira de Freitas e Evangelista C\u00e2ndido de Oliveira, arrojados pioneiros e que se referiam \u00e0quelas paragens como Sert\u00e3o dos Garcias.<\/p>\n<p>Em 1931, procedente de Patroc\u00ednio, Minas Gerais, chegava Joaquim Baldu\u00edno de Souza se estabelecendo em terras devolutas, junto \u00e0s propriedades j\u00e1 existentes.<\/p>\n<p>Em 1943, Joaquim Baldu\u00edno, mais conhecido pela alcunha de Cassinha, considerando a dist\u00e2ncia e as dificuldades para atingir os centros comerciais, idealizou a forma\u00e7\u00e3o de um povoado que servisse de apoio para os fazendeiros que dia a dia se deslocavam para a regi\u00e3o; procedendo a doa\u00e7\u00e3o de um terreno a S\u00e3o Jos\u00e9, onde seriam constru\u00eddas uma pra\u00e7a e a igreja.<\/p>\n<figure id=\"attachment_247424\" aria-describedby=\"caption-attachment-247424\" style=\"width: 601px\" class=\"wp-caption aligncenter\"><img loading=\"lazy\" decoding=\"async\" class=\" wp-image-247424\" src=\"https:\/\/www.ocorreionews.com.br\/acervo-correio\/wp-content\/uploads\/2023\/08\/INICIO-IGREJA-CASSILANDIA.png\" alt=\"\" width=\"601\" height=\"428\" srcset=\"https:\/\/www.ocorreionews.com.br\/acervo-correio\/wp-content\/uploads\/2023\/08\/INICIO-IGREJA-CASSILANDIA.png 640w, https:\/\/www.ocorreionews.com.br\/acervo-correio\/wp-content\/uploads\/2023\/08\/INICIO-IGREJA-CASSILANDIA-300x214.png 300w\" sizes=\"auto, (max-width: 601px) 100vw, 601px\" \/><figcaption id=\"caption-attachment-247424\" class=\"wp-caption-text\">INICIO IGREJA CASSILANDIA<\/figcaption><\/figure>\n<p>A seguir procedeu a demarca\u00e7\u00e3o do terreno da pra\u00e7a e abertura da primeira rua que recebeu o seu nome. A 15 de dezembro de 1944, procedente de Bonif\u00e1cio, S\u00e3o Paulo, chegava o liban\u00eas Amim Jos\u00e9, em companhia de sua fam\u00edlia, constru\u00edndo a primeira casa em terras ainda pertencentes \u00e0 Fazenda Salto, de propriedade de Cassinha. No mesmo ano, surgiu um botequim e uma pens\u00e3o, dando-se assim in\u00edcio a forma\u00e7\u00e3o do povoado.<\/p>\n<p>Com a chegada de novos moradores, Cassinha, percebendo o futuro da povoa\u00e7\u00e3o, resolveu doar parte de sua fazenda para permitir a expans\u00e3o do Patrim\u00f4nio, que teve a denomina\u00e7\u00e3o de S\u00e3o Jos\u00e9. Posteriormente, em homenagem a Cassinha, tomou a denomina\u00e7\u00e3o de Cassil\u00e2ndia.<\/p>\n<figure id=\"attachment_247434\" aria-describedby=\"caption-attachment-247434\" style=\"width: 600px\" class=\"wp-caption aligncenter\"><img loading=\"lazy\" decoding=\"async\" class=\"wp-image-247434 \" src=\"https:\/\/www.ocorreionews.com.br\/acervo-correio\/wp-content\/uploads\/2023\/08\/antigo-paco-municipal.png\" alt=\"\" width=\"600\" height=\"425\" srcset=\"https:\/\/www.ocorreionews.com.br\/acervo-correio\/wp-content\/uploads\/2023\/08\/antigo-paco-municipal.png 480w, https:\/\/www.ocorreionews.com.br\/acervo-correio\/wp-content\/uploads\/2023\/08\/antigo-paco-municipal-300x213.png 300w\" sizes=\"auto, (max-width: 600px) 100vw, 600px\" \/><figcaption id=\"caption-attachment-247434\" class=\"wp-caption-text\">Antiga Prefeitura Municipal (foto acervo Cassil\u00e2ndia)<\/figcaption><\/figure>\n<p>&nbsp;<\/p>\n<p>Em mar\u00e7o de 1946, foi instalada a primeira escola, tendo sido nomeada professora a Sra. Aid\u00ea Amin. Cassil\u00e2ndia se desenvolvia a largos passos, quando Cassinha, que a par de suas atividades agropecu\u00e1rias, explorava um servi\u00e7o de balsas para a travessia do Rio Apor\u00e9, foi barbaramente assassinado por desconhecidos. Coube ent\u00e3o a Sebasti\u00e3o Leal, amigo e colaborador de Cassinha, dar continuidade \u00e0 sua obra.<\/p>\n<p>&nbsp;<\/p>\n<figure id=\"attachment_247435\" aria-describedby=\"caption-attachment-247435\" style=\"width: 602px\" class=\"wp-caption aligncenter\"><img loading=\"lazy\" decoding=\"async\" class=\"wp-image-247435 \" src=\"https:\/\/www.ocorreionews.com.br\/acervo-correio\/wp-content\/uploads\/2023\/08\/praca-sao-jose-decada-de-60.png\" alt=\"\" width=\"602\" height=\"333\" srcset=\"https:\/\/www.ocorreionews.com.br\/acervo-correio\/wp-content\/uploads\/2023\/08\/praca-sao-jose-decada-de-60.png 881w, https:\/\/www.ocorreionews.com.br\/acervo-correio\/wp-content\/uploads\/2023\/08\/praca-sao-jose-decada-de-60-300x166.png 300w, https:\/\/www.ocorreionews.com.br\/acervo-correio\/wp-content\/uploads\/2023\/08\/praca-sao-jose-decada-de-60-768x425.png 768w\" sizes=\"auto, (max-width: 602px) 100vw, 602px\" \/><figcaption id=\"caption-attachment-247435\" class=\"wp-caption-text\">Pra\u00e7a S\u00e3o Jos\u00e9 d\u00e9cada de 60 &#8211; (Foto acervo Cassil\u00e2ndia)<\/figcaption><\/figure>\n<p>&nbsp;<\/p>\n<figure id=\"attachment_209066\" aria-describedby=\"caption-attachment-209066\" style=\"width: 602px\" class=\"wp-caption alignnone\"><img loading=\"lazy\" decoding=\"async\" class=\" wp-image-209066\" src=\"https:\/\/www.ocorreionews.com.br\/acervo-correio\/wp-content\/uploads\/2022\/06\/cassilandia.jpg\" alt=\"\" width=\"602\" height=\"376\" srcset=\"https:\/\/www.ocorreionews.com.br\/acervo-correio\/wp-content\/uploads\/2022\/06\/cassilandia.jpg 800w, https:\/\/www.ocorreionews.com.br\/acervo-correio\/wp-content\/uploads\/2022\/06\/cassilandia-300x188.jpg 300w, https:\/\/www.ocorreionews.com.br\/acervo-correio\/wp-content\/uploads\/2022\/06\/cassilandia-768x480.jpg 768w\" sizes=\"auto, (max-width: 602px) 100vw, 602px\" \/><figcaption id=\"caption-attachment-209066\" class=\"wp-caption-text\">Pra\u00e7a S\u00e3o Jos\u00e9 &#8211; Cassil\u00e2ndia &#8211; MS\u00a0 (Foto: Divulga\u00e7\u00e3o)<\/figcaption><\/figure>\n<p>Em\u00a01948, foi criado o Distrito de Cassil\u00e2ndia sendo eleito Juiz de Paz o cidad\u00e3o Eduardo Pereira da Silva. O Cart\u00f3rio do Registro Civil, instalado em\u00a01949, teve como primeiro titular Hermelinda Barbosa Leal.<\/p>\n<p>Em\u00a03 de agosto\u00a0de\u00a01954\u00a0\u00e9 elevado \u00e0 categoria de munic\u00edpio com a denomina\u00e7\u00e3o de Cassil\u00e2ndia, por Lei Estadual n\u00ba 368, de\u00a030 de junho\u00a0de\u00a01954, sendo desmembrado de\u00a0Parana\u00edba.<\/p>\n<p>Wikip\u00e9ia<\/p>\n","protected":false},"excerpt":{"rendered":"<p>O munic\u00edpio de Cassil\u00e2ndia comemora hoje 03 de agosto,\u00a0 69 anos de sua Funda\u00e7\u00e3o.\u00a0 Segundo o Censo do IBGE de 2022 o munic\u00edpio tem hoje 20,988 habitantes. Historia Por volta de 1930, nas terras que hoje comp\u00f5em o Munic\u00edpio de Cassil\u00e2ndia, j\u00e1 se encontravam instalados diversos fazendeiros, entre os quais Ant\u00f4nio Paulino, Izaias Teixeira Borges [&hellip;]<\/p>\n","protected":false},"author":4,"featured_media":121477,"comment_status":"closed","ping_status":"closed","sticky":false,"template":"","format":"standard","meta":{"footnotes":""},"categories":[21,41],"tags":[],"class_list":["post-247422","post","type-post","status-publish","format-standard","has-post-thumbnail","hentry","category-cassilandia","category-destaque"],"_links":{"self":[{"href":"https:\/\/www.ocorreionews.com.br\/acervo-correio\/index.php?rest_route=\/wp\/v2\/posts\/247422","targetHints":{"allow":["GET"]}}],"collection":[{"href":"https:\/\/www.ocorreionews.com.br\/acervo-correio\/index.php?rest_route=\/wp\/v2\/posts"}],"about":[{"href":"https:\/\/www.ocorreionews.com.br\/acervo-correio\/index.php?rest_route=\/wp\/v2\/types\/post"}],"author":[{"embeddable":true,"href":"https:\/\/www.ocorreionews.com.br\/acervo-correio\/index.php?rest_route=\/wp\/v2\/users\/4"}],"replies":[{"embeddable":true,"href":"https:\/\/www.ocorreionews.com.br\/acervo-correio\/index.php?rest_route=%2Fwp%2Fv2%2Fcomments&post=247422"}],"version-history":[{"count":3,"href":"https:\/\/www.ocorreionews.com.br\/acervo-correio\/index.php?rest_route=\/wp\/v2\/posts\/247422\/revisions"}],"predecessor-version":[{"id":247462,"href":"https:\/\/www.ocorreionews.com.br\/acervo-correio\/index.php?rest_route=\/wp\/v2\/posts\/247422\/revisions\/247462"}],"wp:featuredmedia":[{"embeddable":true,"href":"https:\/\/www.ocorreionews.com.br\/acervo-correio\/index.php?rest_route=\/wp\/v2\/media\/121477"}],"wp:attachment":[{"href":"https:\/\/www.ocorreionews.com.br\/acervo-correio\/index.php?rest_route=%2Fwp%2Fv2%2Fmedia&parent=247422"}],"wp:term":[{"taxonomy":"category","embeddable":true,"href":"https:\/\/www.ocorreionews.com.br\/acervo-correio\/index.php?rest_route=%2Fwp%2Fv2%2Fcategories&post=247422"},{"taxonomy":"post_tag","embeddable":true,"href":"https:\/\/www.ocorreionews.com.br\/acervo-correio\/index.php?rest_route=%2Fwp%2Fv2%2Ftags&post=247422"}],"curies":[{"name":"wp","href":"https:\/\/api.w.org\/{rel}","templated":true}]}}