{"id":247433,"date":"2023-08-03T08:38:26","date_gmt":"2023-08-03T12:38:26","guid":{"rendered":"https:\/\/www.ocorreionews.com.br\/acervo-correio\/?p=247433"},"modified":"2023-08-03T08:40:20","modified_gmt":"2023-08-03T12:40:20","slug":"aposentada-e-a-primeira-moradora-de-costa-rica-a-receber-habilitacao-pelo-cnh-ms-social","status":"publish","type":"post","link":"https:\/\/www.ocorreionews.com.br\/acervo-correio\/?p=247433","title":{"rendered":"Aposentada \u00e9 a primeira moradora de Costa Rica a receber habilita\u00e7\u00e3o pelo CNH MS Social"},"content":{"rendered":"<div class=\"ntc_cont_descricao_noticia sw_txteditor\">\n<p>Nesta ter\u00e7a-feira (1\u00ba), a aposentada Angelita P. de Oliveira, moradora de Costa Rica, visitou o gabinete do prefeito para agradecer o gestor e tamb\u00e9m o Governo do Estado pela conquista da primeira Habilita\u00e7\u00e3o Social. Com uma nota excelente de 9,01 na prova te\u00f3rica e aprovada tamb\u00e9m na prova pr\u00e1tica, Angelita comemora a conquista de poder dirigir legalmente no pa\u00eds.<\/p>\n<p>Aos 67 anos, Angelita \u00e9 uma das beneficiadas pelo programa de Habilita\u00e7\u00e3o Social do Governo do Estado de Mato Grosso do Sul, que tem como objetivo possibilitar o acesso gratuito aos servi\u00e7os de habilita\u00e7\u00e3o para conduzir ve\u00edculos automotores \u00e0s pessoas em situa\u00e7\u00e3o de vulnerabilidade social.<\/p>\n<p>Na oportunidade, Angelita P. de Oliveira esteve acompanhada do marido, Jos\u00e9 Elias de Oliveira e do gerente executivo do DETRAN\/MS \u2013 Departamento Estadual de Tr\u00e2nsito em Costa Rica, Limiro Paulino Neto.<\/p>\n<p>A aposentada n\u00e3o esconde a sua gratid\u00e3o pela oportunidade concedida pelo governo estadual. Ela expressou seu contentamento ao prefeito, delegado Cleverson Alves dos Santos, pediu para externar os agradecimentos ao governador Eduardo Riedel e agradeceu a Deus por ter lhe concedido esse &#8220;milagre&#8221;. Angelita tamb\u00e9m agradeceu ao munic\u00edpio de Costa Rica por apoiar ao formalizar o conv\u00eanio do projeto de Habilita\u00e7\u00e3o Social e deixou o seu muito obrigado ao diretor-presidente do Detran-MS,\u00a0Rudel Trindade.<\/p>\n<p>Para a aposentada, poder tirar a Carteira Nacional de Habilita\u00e7\u00e3o (CNH) era algo impens\u00e1vel devido \u00e0 falta de recursos financeiros. No entanto, ela se sente privilegiada por ter sido selecionada para participar do programa e espera que mais pessoas possam ser beneficiadas no futuro.<\/p>\n<p>Durante o processo de habilita\u00e7\u00e3o, Angelita enfrentou um desafio adicional ao fraturar o bra\u00e7o, mas isso n\u00e3o a impediu de cumprir as 20 aulas exigidas para se habilitar. Ela encarou a situa\u00e7\u00e3o com determina\u00e7\u00e3o e perseveran\u00e7a, demonstrando sua vontade de aprender e se adequar \u00e0s leis de tr\u00e2nsito.<\/p>\n<p>Agora habilitada, Angelita est\u00e1 animada para colocar em pr\u00e1tica tudo o que aprendeu e seguir as leis de tr\u00e2nsito corretamente. Ela ressalta que foi uma sensa\u00e7\u00e3o especial e emocionante passar na prova de habilita\u00e7\u00e3o e receber o documento de imediato, algo que jamais imaginava que aconteceria em sua vida.<\/p>\n<p>A Habilita\u00e7\u00e3o Social \u00e9 uma iniciativa importante do Governo do Estado de Mato Grosso do Sul, que busca promover a inclus\u00e3o social e a democratiza\u00e7\u00e3o do acesso \u00e0 habilita\u00e7\u00e3o de condutores. O programa tem como objetivo principal beneficiar cidad\u00e3os em situa\u00e7\u00e3o de vulnerabilidade social, como Angelita, que agora poder\u00e1 exercer seu direito de dirigir de forma legal e segura.<\/p>\n<p>Angelita \u00e9 um exemplo de supera\u00e7\u00e3o e determina\u00e7\u00e3o, mostrando que nunca \u00e9 tarde para realizar sonhos e conquistar novas habilidades. A sua hist\u00f3ria inspira e refor\u00e7a a import\u00e2ncia de programas sociais que promovem a igualdade de oportunidades e a inclus\u00e3o de todos os cidad\u00e3os.<\/p>\n<\/div>\n<p>&nbsp;<\/p>\n<p>&nbsp;<\/p>\n<div class=\"ntc_area_info_noticia sw_lato\">\n<div>\n<div class=\"ntc_info_noticia\"><strong class=\"sw_lato_black\">Fonte: <\/strong>Assessoria de Comunica\u00e7\u00e3o \/ PMCR &#8211; <strong class=\"sw_lato_black\">\u00a0<\/strong>Silvestre de Castro<\/div>\n<\/div>\n<\/div>\n","protected":false},"excerpt":{"rendered":"<p>Nesta ter\u00e7a-feira (1\u00ba), a aposentada Angelita P. de Oliveira, moradora de Costa Rica, visitou o gabinete do prefeito para agradecer o gestor e tamb\u00e9m o Governo do Estado pela conquista da primeira Habilita\u00e7\u00e3o Social. Com uma nota excelente de 9,01 na prova te\u00f3rica e aprovada tamb\u00e9m na prova pr\u00e1tica, Angelita comemora a conquista de poder [&hellip;]<\/p>\n","protected":false},"author":5,"featured_media":247439,"comment_status":"closed","ping_status":"closed","sticky":false,"template":"","format":"standard","meta":{"footnotes":""},"categories":[25],"tags":[],"class_list":["post-247433","post","type-post","status-publish","format-standard","has-post-thumbnail","hentry","category-costa-rica"],"_links":{"self":[{"href":"https:\/\/www.ocorreionews.com.br\/acervo-correio\/index.php?rest_route=\/wp\/v2\/posts\/247433","targetHints":{"allow":["GET"]}}],"collection":[{"href":"https:\/\/www.ocorreionews.com.br\/acervo-correio\/index.php?rest_route=\/wp\/v2\/posts"}],"about":[{"href":"https:\/\/www.ocorreionews.com.br\/acervo-correio\/index.php?rest_route=\/wp\/v2\/types\/post"}],"author":[{"embeddable":true,"href":"https:\/\/www.ocorreionews.com.br\/acervo-correio\/index.php?rest_route=\/wp\/v2\/users\/5"}],"replies":[{"embeddable":true,"href":"https:\/\/www.ocorreionews.com.br\/acervo-correio\/index.php?rest_route=%2Fwp%2Fv2%2Fcomments&post=247433"}],"version-history":[{"count":2,"href":"https:\/\/www.ocorreionews.com.br\/acervo-correio\/index.php?rest_route=\/wp\/v2\/posts\/247433\/revisions"}],"predecessor-version":[{"id":247440,"href":"https:\/\/www.ocorreionews.com.br\/acervo-correio\/index.php?rest_route=\/wp\/v2\/posts\/247433\/revisions\/247440"}],"wp:featuredmedia":[{"embeddable":true,"href":"https:\/\/www.ocorreionews.com.br\/acervo-correio\/index.php?rest_route=\/wp\/v2\/media\/247439"}],"wp:attachment":[{"href":"https:\/\/www.ocorreionews.com.br\/acervo-correio\/index.php?rest_route=%2Fwp%2Fv2%2Fmedia&parent=247433"}],"wp:term":[{"taxonomy":"category","embeddable":true,"href":"https:\/\/www.ocorreionews.com.br\/acervo-correio\/index.php?rest_route=%2Fwp%2Fv2%2Fcategories&post=247433"},{"taxonomy":"post_tag","embeddable":true,"href":"https:\/\/www.ocorreionews.com.br\/acervo-correio\/index.php?rest_route=%2Fwp%2Fv2%2Ftags&post=247433"}],"curies":[{"name":"wp","href":"https:\/\/api.w.org\/{rel}","templated":true}]}}