{"id":247442,"date":"2023-08-03T08:47:07","date_gmt":"2023-08-03T12:47:07","guid":{"rendered":"https:\/\/www.ocorreionews.com.br\/acervo-correio\/?p=247442"},"modified":"2023-08-03T09:21:03","modified_gmt":"2023-08-03T13:21:03","slug":"ms-tem-5-especies-classificadas-como-criticamente-em-perigo-veja-animais-em-risco","status":"publish","type":"post","link":"https:\/\/www.ocorreionews.com.br\/acervo-correio\/?p=247442","title":{"rendered":"MS tem 5 esp\u00e9cies classificadas como criticamente em perigo; veja animais em risco"},"content":{"rendered":"<div id=\"chunk-5p5n1\">\n<div class=\"mc-column content-text active-extra-styles \" data-block-type=\"unstyled\" data-block-weight=\"42\" data-block-id=\"3\">\n<p class=\"content-text__container \" data-track-category=\"Link no Texto\" data-track-links=\"\"><span class=\"highlight highlighted\">Tr\u00eas peixes, uma ave e um invertebrado, presentes no ecossistema de Mato Grosso do Sul, est\u00e3o classificadas como Criticamente em Perigo (CR) <\/span>pelo Instituto Chico Mendes de Conserva\u00e7\u00e3o da Biodiversidade (ICMBio). <a class=\"\" href=\"https:\/\/g1.globo.com\/meio-ambiente\/noticia\/2023\/08\/02\/icmbio-lanca-plataforma-que-reune-dados-de-5-mil-especies-da-fauna-brasileira.ghtml\">A lista com todos animais amea\u00e7ados foi lan\u00e7ada nesta quarta-feira (2).<\/a><\/p>\n<p data-track-category=\"Link no Texto\" data-track-links=\"\">\n<\/div>\n<\/div>\n<div class=\"wall protected-content\">\n<div id=\"chunk-2n1nf\">\n<div class=\"mc-column content-text active-extra-styles \" data-block-type=\"unstyled\" data-block-weight=\"33\" data-block-id=\"5\">\n<p class=\"content-text__container \" data-track-category=\"Link no Texto\" data-track-links=\"\"><span class=\"highlight highlighted\">Estar na lista de animais classificados como &#8220;Criticamente em Perigo&#8221; \u00e9 a categoria de maior risco <\/span>atribu\u00eddo pela Lista Vermelha da Uni\u00e3o Internacional para a Conserva\u00e7\u00e3o da Natureza e dos Recursos Naturais (IUCN).<\/p>\n<p data-track-category=\"Link no Texto\" data-track-links=\"\">\n<\/div>\n<\/div>\n<div id=\"chunk-e04aj\">\n<div class=\"mc-column content-text active-extra-styles \" data-block-type=\"unstyled\" data-block-weight=\"38\" data-block-id=\"6\">\n<p class=\"content-text__container \" data-track-category=\"Link no Texto\" data-track-links=\"\">No Brasil s\u00e3o 364 animais classificados na faixa de &#8220;Criticamente em Perigo&#8221;, <span class=\"highlight highlighted\">em Mato Grosso do Sul s\u00e3o 5 esp\u00e9cies inclu\u00eddas na fauna regional. <\/span>No estado, <span class=\"highlight highlighted\">a arara-azul-pequena est\u00e1 extinta regionalmente, segundo o levantamento. <\/span><strong>Veja a lista abaixo:<\/strong><\/p>\n<p data-track-category=\"Link no Texto\" data-track-links=\"\">\n<\/div>\n<\/div>\n<div id=\"chunk-2rc1a\">\n<div class=\"content-ads content-ads--reveal\" data-block-type=\"ads\" data-block-id=\"7\">\n<div><\/div>\n<\/div>\n<\/div>\n<div id=\"chunk-60ok0\">\n<div class=\"mc-column content-text active-extra-styles\" data-block-type=\"raw\" data-block-weight=\"20\" data-block-id=\"8\">\n<ul class=\"content-unordered-list\">\n<li><strong>Peixe <\/strong>&#8211; <em>Brycon orbignyanus;<\/em><\/li>\n<li><strong>Plan\u00e1ria <\/strong>&#8211;<em> Girardia multidiverticulata;<\/em><\/li>\n<li><strong>Peixe <\/strong>&#8211; <em>Loricaria coximensis; <\/em><\/li>\n<li><strong>Ave<\/strong> &#8211; <em>Ortalis remota;<\/em><\/li>\n<li><strong>Peixe &#8211; <\/strong><em>Tembeassu marauna.<\/em><\/li>\n<\/ul>\n<\/div>\n<p>&nbsp;<\/p>\n<\/div>\n<div id=\"chunk-e3jv4\">\n<div class=\"mc-column content-text active-extra-styles \" data-block-type=\"unstyled\" data-block-weight=\"25\" data-block-id=\"9\">\n<p class=\"content-text__container \" data-track-category=\"Link no Texto\" data-track-links=\"\">Veja abaixo mais sobre as esp\u00e9cies de Mato Grosso do Sul que aparecem na lista, <a class=\"\" href=\"https:\/\/salve.icmbio.gov.br\/#\/\" target=\"_blank\" rel=\"noopener\"><strong><span class=\"highlight highlighted\">que pode ser acessada na \u00edntegra por meio detse link<\/span><\/strong><\/a><strong><span class=\"highlight highlighted\">.<\/span><\/strong><\/p>\n<p data-track-category=\"Link no Texto\" data-track-links=\"\">\n<\/div>\n<\/div>\n<div id=\"chunk-e4a1n\">\n<div class=\"row medium-uncollapsed content-media content-photo\" data-block-type=\"backstage-photo\" data-block-id=\"10\">\n<div class=\" mc-column content-media__container\">\n<div class=\"content-media-container glb-skeleton-box\">\n<figure class=\"content-media-figure\">\n<p><figure style=\"width: 647px\" class=\"wp-caption aligncenter\"><img loading=\"lazy\" decoding=\"async\" class=\"i-amphtml-fill-content i-amphtml-replaced-content\" src=\"https:\/\/s2-g1.glbimg.com\/5J3GuecfJgRzk6VvNRLgUuFuruM=\/0x156:1014x800\/984x0\/smart\/filters:strip_icc()\/i.s3.glbimg.com\/v1\/AUTH_59edd422c0c84a879bd37670ae4f538a\/internal_photos\/bs\/2021\/2\/W\/OeYgB8TMiLyXVn9MD0Bg\/zoo-peixe.jpg\" sizes=\"auto, (max-width: 1366px) 648px, 100vw\" srcset=\"https:\/\/s2-g1.glbimg.com\/jPqBxsD5ZXZ9O6-SI3aWNwdmfkA=\/0x156:1014x800\/1000x0\/smart\/filters:strip_icc()\/i.s3.glbimg.com\/v1\/AUTH_59edd422c0c84a879bd37670ae4f538a\/internal_photos\/bs\/2021\/2\/W\/OeYgB8TMiLyXVn9MD0Bg\/zoo-peixe.jpg 1000w, https:\/\/s2-g1.glbimg.com\/5J3GuecfJgRzk6VvNRLgUuFuruM=\/0x156:1014x800\/984x0\/smart\/filters:strip_icc()\/i.s3.glbimg.com\/v1\/AUTH_59edd422c0c84a879bd37670ae4f538a\/internal_photos\/bs\/2021\/2\/W\/OeYgB8TMiLyXVn9MD0Bg\/zoo-peixe.jpg 984w, https:\/\/s2-g1.glbimg.com\/TCA_wKwGROQpVTrdGaRSztoIMUA=\/0x156:1014x800\/640x0\/smart\/filters:strip_icc()\/i.s3.glbimg.com\/v1\/AUTH_59edd422c0c84a879bd37670ae4f538a\/internal_photos\/bs\/2021\/2\/W\/OeYgB8TMiLyXVn9MD0Bg\/zoo-peixe.jpg 640w, https:\/\/s2-g1.glbimg.com\/CNoWd_o7pFLxn7a4eOxJTJTVPI0=\/0x156:1014x800\/600x0\/smart\/filters:strip_icc()\/i.s3.glbimg.com\/v1\/AUTH_59edd422c0c84a879bd37670ae4f538a\/internal_photos\/bs\/2021\/2\/W\/OeYgB8TMiLyXVn9MD0Bg\/zoo-peixe.jpg 600w\" alt=\"Peixe piracanjuba \u00e9 amea\u00e7ado . \u2014 Foto: Reprdu\u00e7\u00e3o\/Facebook\" width=\"647\" height=\"411\" \/><figcaption class=\"wp-caption-text\">Peixe piracanjuba \u00e9 amea\u00e7ado . \u2014 Foto: Reprdu\u00e7\u00e3o\/Facebook<\/figcaption><\/figure><\/figure>\n<\/div>\n<p>&nbsp;<\/p>\n<\/div>\n<\/div>\n<\/div>\n<div id=\"chunk-epes1\">\n<div class=\"mc-column content-text active-extra-styles \" data-block-type=\"unstyled\" data-block-weight=\"55\" data-block-id=\"11\">\n<p class=\"content-text__container \" data-track-category=\"Link no Texto\" data-track-links=\"\"><strong><span class=\"highlight highlighted\">Piracanjuba &#8211;<\/span><\/strong><strong><span class=\"highlight highlighted\"><em> Brycon orbignyanus:<\/em><\/span><\/strong> o nome popular do peixe \u00e9 Piracanjuba. Com recorr\u00eancia no Cerrado e na Mata Atl\u00e2ntica, o peixe tem recorr\u00eancia limitada na bacia hidrogr\u00e1fica do rio Paran\u00e1, rio Uruguai e rio da Prata. Especialistas comentam que os fatores clim\u00e1ticos e ecol\u00f3gicos s\u00e3o os principais motivos para o desaparecimento da esp\u00e9cie.<\/p>\n<p data-track-category=\"Link no Texto\" data-track-links=\"\">\n<\/div>\n<\/div>\n<div id=\"chunk-4cs4p\">\n<div class=\"content-ads content-ads--reveal\" data-block-type=\"ads\" data-block-id=\"12\">\n<div id=\"banner_materia__e757ac53-a330-4b6e-8ba0-849f910860a3\" class=\"tag-manager-publicidade-container mc-has-reveal mc-has-ad-lazyload tag-manager-publicidade-banner_materia__e757ac53-a330-4b6e-8ba0-849f910860a3 tag-manager-publicidade-container--carregado tag-manager-publicidade-container--visivel\" data-id=\"banner_materia__e757ac53-a330-4b6e-8ba0-849f910860a3\" data-google-query-id=\"CIaFndfBwIADFexU3QIdcdcO6A\">\n<div id=\"google_ads_iframe_\/95377733\/tvg_G1\/Sua_Regiao&gt;Centro_Oeste&gt;Mato_Grosso_do_Sul_4__container__\"><\/div>\n<\/div>\n<\/div>\n<\/div>\n<div id=\"chunk-67f5l\">\n<div class=\"mc-column content-text active-extra-styles \" data-block-type=\"unstyled\" data-block-weight=\"36\" data-block-id=\"13\">\n<p class=\"content-text__container \" data-track-category=\"Link no Texto\" data-track-links=\"\"><strong><span class=\"highlight highlighted\">Plan\u00e1ria &#8211; <\/span><\/strong><strong><span class=\"highlight highlighted\"><em>Girardia multidiverticulata:<\/em><\/span><\/strong> as plan\u00e1rias s\u00e3o um tipo de verme achatada de vida livre. A esp\u00e9cie colocada no ranking como Criticamente em Perigo ocorre em \u00e1gua doce, mais especificamente em \u00e1reas de cavernas.<\/p>\n<p data-track-category=\"Link no Texto\" data-track-links=\"\">\n<\/div>\n<\/div>\n<div id=\"chunk-dvnue\">\n<div class=\"row medium-uncollapsed content-media content-photo\" data-block-type=\"backstage-photo\" data-block-id=\"14\">\n<div class=\" mc-column content-media__container\">\n<div class=\"content-media-container glb-skeleton-box\">\n<figure class=\"content-media-figure\">\n<p><figure style=\"width: 647px\" class=\"wp-caption aligncenter\"><img loading=\"lazy\" decoding=\"async\" class=\"i-amphtml-fill-content i-amphtml-replaced-content\" src=\"https:\/\/s2-g1.glbimg.com\/Z2bDkFTxmy39ZScKfL4baWEL4BI=\/0x0:500x333\/984x0\/smart\/filters:strip_icc()\/i.s3.glbimg.com\/v1\/AUTH_59edd422c0c84a879bd37670ae4f538a\/internal_photos\/bs\/2023\/C\/y\/hSfPEaSdqoiwT6IMdNCg\/c25ebb98563c185eccaef40feac28c22.jfif\" sizes=\"auto, (max-width: 1366px) 648px, 100vw\" srcset=\"https:\/\/s2-g1.glbimg.com\/dXqjqOJI9A7P0JFJL-j9XCVXJJ4=\/0x0:500x333\/1000x0\/smart\/filters:strip_icc()\/i.s3.glbimg.com\/v1\/AUTH_59edd422c0c84a879bd37670ae4f538a\/internal_photos\/bs\/2023\/C\/y\/hSfPEaSdqoiwT6IMdNCg\/c25ebb98563c185eccaef40feac28c22.jfif 1000w, https:\/\/s2-g1.glbimg.com\/Z2bDkFTxmy39ZScKfL4baWEL4BI=\/0x0:500x333\/984x0\/smart\/filters:strip_icc()\/i.s3.glbimg.com\/v1\/AUTH_59edd422c0c84a879bd37670ae4f538a\/internal_photos\/bs\/2023\/C\/y\/hSfPEaSdqoiwT6IMdNCg\/c25ebb98563c185eccaef40feac28c22.jfif 984w, https:\/\/s2-g1.glbimg.com\/OMc6mbjZAnkqk55pRy0sR3P8r94=\/0x0:500x333\/640x0\/smart\/filters:strip_icc()\/i.s3.glbimg.com\/v1\/AUTH_59edd422c0c84a879bd37670ae4f538a\/internal_photos\/bs\/2023\/C\/y\/hSfPEaSdqoiwT6IMdNCg\/c25ebb98563c185eccaef40feac28c22.jfif 640w, https:\/\/s2-g1.glbimg.com\/j0Am_Y-yt0QO4hceXBwQTfIrE9c=\/0x0:500x333\/600x0\/smart\/filters:strip_icc()\/i.s3.glbimg.com\/v1\/AUTH_59edd422c0c84a879bd37670ae4f538a\/internal_photos\/bs\/2023\/C\/y\/hSfPEaSdqoiwT6IMdNCg\/c25ebb98563c185eccaef40feac28c22.jfif 600w\" alt=\"Peixe \u00e9 uma esp\u00e9cie de cascudo. \u2014 Foto: UFMS\/Reprodu\u00e7\u00e3o\" width=\"647\" height=\"431\" \/><figcaption class=\"wp-caption-text\">Peixe \u00e9 uma esp\u00e9cie de cascudo. \u2014 Foto: UFMS\/Reprodu\u00e7\u00e3o<\/figcaption><\/figure><\/figure>\n<\/div>\n<p class=\"content-media__description \">\n<\/div>\n<\/div>\n<\/div>\n<div id=\"chunk-7j5ts\">\n<div class=\"mc-column content-text active-extra-styles \" data-block-type=\"unstyled\" data-block-weight=\"41\" data-block-id=\"15\">\n<p class=\"content-text__container \" data-track-category=\"Link no Texto\" data-track-links=\"\"><strong><span class=\"highlight highlighted\">&#8220;Cascudo&#8221;<\/span><\/strong> <strong><span class=\"highlight highlighted\">&#8211; <\/span><\/strong><strong><span class=\"highlight highlighted\"><em>Loricaria coximensis: <\/em><\/span><\/strong>o peixe \u00e9 uma esp\u00e9cie de cascudo e ocorre apenas em um rio no mundo, o Taquari, em Mato Grosso do Sul. No estado, o peixe \u00e9 amea\u00e7ado pela constru\u00e7\u00e3o de hidrel\u00e9tricas e pela pesca predat\u00f3ria.<\/p>\n<p data-track-category=\"Link no Texto\" data-track-links=\"\">\n<\/div>\n<\/div>\n<div id=\"chunk-95ohd\">\n<div class=\"row medium-uncollapsed content-media content-photo\" data-block-type=\"backstage-photo\" data-block-id=\"16\">\n<div class=\" mc-column content-media__container\">\n<div class=\"content-media-container glb-skeleton-box\">\n<figure class=\"content-media-figure\">\n<p><figure style=\"width: 647px\" class=\"wp-caption aligncenter\"><img loading=\"lazy\" decoding=\"async\" class=\"i-amphtml-fill-content i-amphtml-replaced-content\" src=\"https:\/\/s2-g1.glbimg.com\/edDsJDiJ4GLmiyHp76YMTtp-pXA=\/0x0:770x775\/984x0\/smart\/filters:strip_icc()\/i.s3.glbimg.com\/v1\/AUTH_59edd422c0c84a879bd37670ae4f538a\/internal_photos\/bs\/2023\/r\/A\/yIh1SSQh23fOxvJV0A8g\/59c21a77ff2f388a5f469434bb432b86.png\" sizes=\"auto, (max-width: 1366px) 648px, 100vw\" srcset=\"https:\/\/s2-g1.glbimg.com\/nuP_rqmA2cRRoshgTD98I0_CjNs=\/0x0:770x775\/1000x0\/smart\/filters:strip_icc()\/i.s3.glbimg.com\/v1\/AUTH_59edd422c0c84a879bd37670ae4f538a\/internal_photos\/bs\/2023\/r\/A\/yIh1SSQh23fOxvJV0A8g\/59c21a77ff2f388a5f469434bb432b86.png 1000w, https:\/\/s2-g1.glbimg.com\/edDsJDiJ4GLmiyHp76YMTtp-pXA=\/0x0:770x775\/984x0\/smart\/filters:strip_icc()\/i.s3.glbimg.com\/v1\/AUTH_59edd422c0c84a879bd37670ae4f538a\/internal_photos\/bs\/2023\/r\/A\/yIh1SSQh23fOxvJV0A8g\/59c21a77ff2f388a5f469434bb432b86.png 984w, https:\/\/s2-g1.glbimg.com\/kUI053VX22vHrzaHHdf_WPoB6xk=\/0x0:770x775\/640x0\/smart\/filters:strip_icc()\/i.s3.glbimg.com\/v1\/AUTH_59edd422c0c84a879bd37670ae4f538a\/internal_photos\/bs\/2023\/r\/A\/yIh1SSQh23fOxvJV0A8g\/59c21a77ff2f388a5f469434bb432b86.png 640w, https:\/\/s2-g1.glbimg.com\/l1kyePufoISiNGRSUCsQU4bDSE4=\/0x0:770x775\/600x0\/smart\/filters:strip_icc()\/i.s3.glbimg.com\/v1\/AUTH_59edd422c0c84a879bd37670ae4f538a\/internal_photos\/bs\/2023\/r\/A\/yIh1SSQh23fOxvJV0A8g\/59c21a77ff2f388a5f469434bb432b86.png 600w\" alt=\"Ave tem pouca recorr\u00eancia. \u2014 Foto: Ciro Albano - ICMBio\/Reprodu\u00e7\u00e3o\" width=\"647\" height=\"651\" \/><figcaption class=\"wp-caption-text\">Ave tem pouca recorr\u00eancia. \u2014 Foto: Ciro Albano &#8211; ICMBio\/Reprodu\u00e7\u00e3o<\/figcaption><\/figure><\/figure>\n<\/div>\n<p class=\"content-media__description \">\n<\/div>\n<\/div>\n<\/div>\n<div id=\"chunk-eu9qd\">\n<div class=\"content-ads content-ads--reveal\" data-block-type=\"ads\" data-block-id=\"17\">\n<div><\/div>\n<\/div>\n<\/div>\n<div id=\"chunk-5dnje\">\n<div class=\"mc-column content-text active-extra-styles \" data-block-type=\"unstyled\" data-block-weight=\"74\" data-block-id=\"18\">\n<p class=\"content-text__container \" data-track-category=\"Link no Texto\" data-track-links=\"\"><strong><span class=\"highlight highlighted\">Aracu\u00e3 &#8211; <\/span><\/strong><strong><span class=\"highlight highlighted\"><em>Ortalis remota: <\/em><\/span><\/strong>a ave \u00e9 end\u00eamica no Brasil. De acordo com o ICMBio, em Mato Grosso do Sul houve um registro hist\u00f3rico da ave.<em> &#8220;<\/em>Pouco se conhece sobre sua biologia. Sua popula\u00e7\u00e3o \u00e9 severamente fragmentada e houve grande perda de habitat em toda sua distribui\u00e7\u00e3o, gerando decl\u00ednio populacional. Infere-se que a popula\u00e7\u00e3o atual seja inferior a 250 indiv\u00edduos maduros e que em cada subpopula\u00e7\u00e3o h\u00e1 menos de 50 indiv\u00edduos&#8221;, explica o instituto.<\/p>\n<p data-track-category=\"Link no Texto\" data-track-links=\"\">\n<\/div>\n<\/div>\n<div id=\"chunk-65ebs\">\n<div class=\"row medium-uncollapsed content-media content-photo\" data-block-type=\"backstage-photo\" data-block-id=\"19\">\n<div class=\" mc-column content-media__container\">\n<div class=\"content-media-container glb-skeleton-box\">\n<figure class=\"content-media-figure\">\n<p><figure style=\"width: 647px\" class=\"wp-caption aligncenter\"><img loading=\"lazy\" decoding=\"async\" class=\"i-amphtml-fill-content i-amphtml-replaced-content\" src=\"https:\/\/s2-g1.glbimg.com\/bKnW_VDy_bsdM6mjOCbvBZMmFVU=\/0x0:395x276\/984x0\/smart\/filters:strip_icc()\/i.s3.glbimg.com\/v1\/AUTH_59edd422c0c84a879bd37670ae4f538a\/internal_photos\/bs\/2023\/Y\/l\/qbTd3oR4mqmcVIfuCvew\/photo.jfif\" sizes=\"auto, (max-width: 1366px) 648px, 100vw\" srcset=\"https:\/\/s2-g1.glbimg.com\/t4IRx6fxxjwTARUHE4P_Fcg1ELQ=\/0x0:395x276\/1000x0\/smart\/filters:strip_icc()\/i.s3.glbimg.com\/v1\/AUTH_59edd422c0c84a879bd37670ae4f538a\/internal_photos\/bs\/2023\/Y\/l\/qbTd3oR4mqmcVIfuCvew\/photo.jfif 1000w, https:\/\/s2-g1.glbimg.com\/bKnW_VDy_bsdM6mjOCbvBZMmFVU=\/0x0:395x276\/984x0\/smart\/filters:strip_icc()\/i.s3.glbimg.com\/v1\/AUTH_59edd422c0c84a879bd37670ae4f538a\/internal_photos\/bs\/2023\/Y\/l\/qbTd3oR4mqmcVIfuCvew\/photo.jfif 984w, https:\/\/s2-g1.glbimg.com\/JcGqgIfkKxS7Qn9FiluxJiAnOdQ=\/0x0:395x276\/640x0\/smart\/filters:strip_icc()\/i.s3.glbimg.com\/v1\/AUTH_59edd422c0c84a879bd37670ae4f538a\/internal_photos\/bs\/2023\/Y\/l\/qbTd3oR4mqmcVIfuCvew\/photo.jfif 640w, https:\/\/s2-g1.glbimg.com\/FplnGwe47faGbBvfN1CcQ1AMJNQ=\/0x0:395x276\/600x0\/smart\/filters:strip_icc()\/i.s3.glbimg.com\/v1\/AUTH_59edd422c0c84a879bd37670ae4f538a\/internal_photos\/bs\/2023\/Y\/l\/qbTd3oR4mqmcVIfuCvew\/photo.jfif 600w\" alt=\"Itu\u00ed-mara\u00fana, peixe. \u2014 Foto: Al\u00e9ssio Datovo\/Reprodu\u00e7\u00e3o\" width=\"647\" height=\"453\" \/><figcaption class=\"wp-caption-text\">Itu\u00ed-mara\u00fana, peixe. \u2014 Foto: Al\u00e9ssio Datovo\/Reprodu\u00e7\u00e3o<\/figcaption><\/figure><\/figure>\n<\/div>\n<p class=\"content-media__description \">\n<\/div>\n<\/div>\n<\/div>\n<div id=\"chunk-6gshp\">\n<div class=\"mc-column content-text active-extra-styles \" data-block-type=\"unstyled\" data-block-weight=\"44\" data-block-id=\"20\">\n<p class=\"content-text__container \" data-track-category=\"Link no Texto\" data-track-links=\"\"><strong><span class=\"highlight highlighted\">Itu\u00ed-mara\u00fana &#8211; <\/span><\/strong><strong><span class=\"highlight highlighted\"><em>Tembeassu marauna: <\/em><\/span><\/strong>o peixe \u00e9 conhecido por ser el\u00e9trico. Em estudos, a presen\u00e7a da esp\u00e9cie tem como ocorr\u00eancia os rios na divisa entre S\u00e3o Paulo e Mato Grosso do Sul. Esta esp\u00e9cie vive na calha dos rios, onde tem maior profundidade.<\/p>\n<\/div>\n<\/div>\n<div id=\"chunk-ff98o\">\n<div class=\"content-ads content-ads--reveal\" data-block-type=\"ads\" data-block-id=\"21\">\n<div><\/div>\n<\/div>\n<\/div>\n<div id=\"chunk-b8dp1\">\n<div class=\"mc-column content-text active-extra-styles\" data-block-type=\"raw\" data-block-weight=\"3\" data-block-id=\"22\">\n<div class=\"content-intertitle\">\n<h2>Plataforma de informa\u00e7\u00f5es<\/h2>\n<p>&nbsp;<\/p>\n<\/div>\n<p>&nbsp;<\/p>\n<\/div>\n<\/div>\n<div id=\"chunk-ag9om\">\n<div class=\"mc-column content-text active-extra-styles \" data-block-type=\"unstyled\" data-block-weight=\"30\" data-block-id=\"23\">\n<p class=\"content-text__container \" data-track-category=\"Link no Texto\" data-track-links=\"\">O Salve foi desenvolvido por uma equipe coordenada pelo ICMBio, mas tamb\u00e9m teve o apoio do Projeto Pr\u00f3-Esp\u00e9cies: todos contra a Extin\u00e7\u00e3o e a participa\u00e7\u00e3o de especialistas da comunidade cient\u00edfica.<\/p>\n<p data-track-category=\"Link no Texto\" data-track-links=\"\">\n<\/div>\n<\/div>\n<div id=\"chunk-67vio\">\n<div class=\"mc-column content-text active-extra-styles \" data-block-type=\"unstyled\" data-block-weight=\"50\" data-block-id=\"24\">\n<p class=\"content-text__container \" data-track-category=\"Link no Texto\" data-track-links=\"\">At\u00e9 o momento, foram publicadas e disponibilizadas fichas de 5.513 esp\u00e9cies, mas a expectativa \u00e9 que, at\u00e9 o final deste ano, a lista de esp\u00e9cies amea\u00e7adas da fauna brasileira seja atualizada, e mais informa\u00e7\u00f5es estejam acess\u00edveis para a sociedade, j\u00e1 que mais de 14 mil esp\u00e9cies foram avaliadas pelo projeto.<\/p>\n<p data-track-category=\"Link no Texto\" data-track-links=\"\">\n<\/div>\n<\/div>\n<div id=\"chunk-c2922\">\n<div class=\"mc-column content-text active-extra-styles \" data-block-type=\"unstyled\" data-block-weight=\"36\" data-block-id=\"25\">\n<p class=\"content-text__container \" data-track-category=\"Link no Texto\" data-track-links=\"\"><strong>Objetivo: <\/strong>Facilitar a gest\u00e3o do processo de avalia\u00e7\u00e3o do risco de extin\u00e7\u00e3o e tornar as informa\u00e7\u00f5es mais acess\u00edveis, contribuindo para a gera\u00e7\u00e3o de conhecimento e a implementa\u00e7\u00e3o de pol\u00edticas p\u00fablicas voltadas \u00e0 conserva\u00e7\u00e3o da biodiversidade.<\/p>\n<p data-track-category=\"Link no Texto\" data-track-links=\"\">\n<\/div>\n<\/div>\n<div id=\"chunk-8pl30\">\n<div class=\"mc-column content-text active-extra-styles \" data-block-type=\"unstyled\" data-block-weight=\"31\" data-block-id=\"26\">\n<p class=\"content-text__container \" data-track-category=\"Link no Texto\" data-track-links=\"\"><strong>Como acessar a plataforma:<\/strong> O site pode ser consultado <a class=\"\" href=\"https:\/\/salve.icmbio.gov.br\/#\/\" target=\"_blank\" rel=\"noopener\"><strong>por meio desse link<\/strong>.<\/a> A interface est\u00e1 dispon\u00edvel para especialistas, estudantes, jornalistas e todos que queiram pesquisar sobre as esp\u00e9cies amea\u00e7adas.<\/p>\n<p data-track-category=\"Link no Texto\" data-track-links=\"\">\n<\/div>\n<\/div>\n<div id=\"chunk-48q3i\">\n<div class=\"mc-column content-text active-extra-styles \" data-block-type=\"unstyled\" data-block-weight=\"42\" data-block-id=\"27\">\n<p class=\"content-text__container \" data-track-category=\"Link no Texto\" data-track-links=\"\"><strong>Como \u00e9 a consulta:<\/strong> Em um sistema de busca, basta inserir a esp\u00e9cie (tanto pelo nome comum quanto pelo nome cient\u00edfico) para obter dados como grupo, categoria, \u00faltima atualiza\u00e7\u00e3o da avalia\u00e7\u00e3o, estados, bioma, classifica\u00e7\u00e3o taxon\u00f4mica (biol\u00f3gica), distribui\u00e7\u00e3o, hist\u00f3ria natural e popula\u00e7\u00e3o.<\/p>\n<p class=\"content-publication-data__from\" title=\"Jos\u00e9 C\u00e2mara, g1 MS\">Por Jos\u00e9 C\u00e2mara, g1 MS<\/p>\n<\/div>\n<\/div>\n<\/div>\n","protected":false},"excerpt":{"rendered":"<p>Tr\u00eas peixes, uma ave e um invertebrado, presentes no ecossistema de Mato Grosso do Sul, est\u00e3o classificadas como Criticamente em Perigo (CR) pelo Instituto Chico Mendes de Conserva\u00e7\u00e3o da Biodiversidade (ICMBio). A lista com todos animais amea\u00e7ados foi lan\u00e7ada nesta quarta-feira (2). Estar na lista de animais classificados como &#8220;Criticamente em Perigo&#8221; \u00e9 a categoria [&hellip;]<\/p>\n","protected":false},"author":5,"featured_media":247444,"comment_status":"closed","ping_status":"closed","sticky":false,"template":"","format":"standard","meta":{"footnotes":""},"categories":[144],"tags":[],"class_list":["post-247442","post","type-post","status-publish","format-standard","has-post-thumbnail","hentry","category-meio-ambiente"],"_links":{"self":[{"href":"https:\/\/www.ocorreionews.com.br\/acervo-correio\/index.php?rest_route=\/wp\/v2\/posts\/247442","targetHints":{"allow":["GET"]}}],"collection":[{"href":"https:\/\/www.ocorreionews.com.br\/acervo-correio\/index.php?rest_route=\/wp\/v2\/posts"}],"about":[{"href":"https:\/\/www.ocorreionews.com.br\/acervo-correio\/index.php?rest_route=\/wp\/v2\/types\/post"}],"author":[{"embeddable":true,"href":"https:\/\/www.ocorreionews.com.br\/acervo-correio\/index.php?rest_route=\/wp\/v2\/users\/5"}],"replies":[{"embeddable":true,"href":"https:\/\/www.ocorreionews.com.br\/acervo-correio\/index.php?rest_route=%2Fwp%2Fv2%2Fcomments&post=247442"}],"version-history":[{"count":2,"href":"https:\/\/www.ocorreionews.com.br\/acervo-correio\/index.php?rest_route=\/wp\/v2\/posts\/247442\/revisions"}],"predecessor-version":[{"id":247457,"href":"https:\/\/www.ocorreionews.com.br\/acervo-correio\/index.php?rest_route=\/wp\/v2\/posts\/247442\/revisions\/247457"}],"wp:featuredmedia":[{"embeddable":true,"href":"https:\/\/www.ocorreionews.com.br\/acervo-correio\/index.php?rest_route=\/wp\/v2\/media\/247444"}],"wp:attachment":[{"href":"https:\/\/www.ocorreionews.com.br\/acervo-correio\/index.php?rest_route=%2Fwp%2Fv2%2Fmedia&parent=247442"}],"wp:term":[{"taxonomy":"category","embeddable":true,"href":"https:\/\/www.ocorreionews.com.br\/acervo-correio\/index.php?rest_route=%2Fwp%2Fv2%2Fcategories&post=247442"},{"taxonomy":"post_tag","embeddable":true,"href":"https:\/\/www.ocorreionews.com.br\/acervo-correio\/index.php?rest_route=%2Fwp%2Fv2%2Ftags&post=247442"}],"curies":[{"name":"wp","href":"https:\/\/api.w.org\/{rel}","templated":true}]}}